{"id":9337,"date":"2013-07-25T14:35:32","date_gmt":"2013-07-25T12:35:32","guid":{"rendered":"http:\/\/www.carnico.it\/blog\/?p=9337"},"modified":"2013-07-26T14:56:34","modified_gmt":"2013-07-26T12:56:34","slug":"coppa-carnia-il-bordano-vola-in-finale","status":"publish","type":"post","link":"https:\/\/2016.carnico.it\/blog\/2013\/07\/25\/coppa-carnia-il-bordano-vola-in-finale\/","title":{"rendered":"COPPA CARNIA: IL BORDANO VOLA IN FINALE"},"content":{"rendered":"<div id=\"attachment_9338\" style=\"width: 310px\" class=\"wp-caption alignleft\"><a href=\"\/\/www.carnico.it\/blog\/2013\/07\/25\/coppa-carnia-il-bordano-vola-in-finale\/chiandetti\/\" rel=\"attachment wp-att-9338\"><img loading=\"lazy\" decoding=\"async\" aria-describedby=\"caption-attachment-9338\" class=\"size-medium wp-image-9338\" alt=\"La parata decisiva di Chiandetti sul tiro di Burba.\" src=\"\/\/www.carnico.it\/blog\/wp-content\/uploads\/2013\/07\/CHIANDETTI-300x198.jpg\" width=\"300\" height=\"198\" srcset=\"https:\/\/2016.carnico.it\/blog\/wp-content\/uploads\/2013\/07\/CHIANDETTI-300x198.jpg 300w, https:\/\/2016.carnico.it\/blog\/wp-content\/uploads\/2013\/07\/CHIANDETTI-450x298.jpg 450w, https:\/\/2016.carnico.it\/blog\/wp-content\/uploads\/2013\/07\/CHIANDETTI-630x417.jpg 630w\" sizes=\"auto, (max-width: 300px) 100vw, 300px\" \/><\/a><p id=\"caption-attachment-9338\" class=\"wp-caption-text\">La parata decisiva di Chiandetti sul tiro di Burba.<\/p><\/div>\n<p>E\u2019 il Bordano la prima finalista di Coppa Carnia. La squadra di Pittoni supera il Cavazzo per 6 \u2013 5 (ai calci di rigore dopo l\u2019 1 a 1 del 90\u2019) ed attende l\u2019esito dell\u2019altra semifinale in programma mercoled\u00ec 31 luglio a Moggio Udinese tra Villa e Pontebbana. Partita equilibrata quelle disputata nell\u2019impianto di Ovaro: viola in vantaggio al 19\u2019 pt grazie ad un sfortunata autorete di Filippo Picco. Lo stesso, al 2\u2019 della ripresa infila il gol del pareggio con una splendida punizione. Il risultato non cambier\u00e0 pi\u00f9 e quindi si va ai calci di rigore. La serie de 5 si conclude in parit\u00e0 (sbagliano Pascolo e Montina); si va cos\u00ec ad oltranza, con il gol di Diego Bressan e la straordinaria parata di Chiandetti sul tiro di Burba che vale la finale di Villa, in programma marted\u00ec 13 agosto.<\/p>\n","protected":false},"excerpt":{"rendered":"<p>E\u2019 il Bordano la prima finalista di Coppa Carnia. La squadra di Pittoni supera il Cavazzo per 6 \u2013 5 (ai calci di rigore dopo l\u2019 1 a 1 del 90\u2019) ed attende l\u2019esito dell\u2019altra semifinale in programma mercoled\u00ec 31 luglio a Moggio Udinese tra Villa e Pontebbana. Partita equilibrata quelle disputata nell\u2019impianto di Ovaro: [&hellip;]<\/p>\n","protected":false},"author":10,"featured_media":0,"comment_status":"open","ping_status":"closed","sticky":false,"template":"","format":"standard","meta":{"ngg_post_thumbnail":0,"footnotes":""},"categories":[3,6],"tags":[],"class_list":["post-9337","post","type-post","status-publish","format-standard","hentry","category-carnico","category-coppa-carnia"],"yoast_head":"<!-- This site is optimized with the Yoast SEO plugin v27.3 - https:\/\/yoast.com\/product\/yoast-seo-wordpress\/ -->\n<title>COPPA CARNIA: IL BORDANO VOLA IN FINALE - Campionato Carnico 2016<\/title>\n<meta name=\"robots\" content=\"index, follow, max-snippet:-1, max-image-preview:large, max-video-preview:-1\" \/>\n<link rel=\"canonical\" href=\"https:\/\/2016.carnico.it\/blog\/2013\/07\/25\/coppa-carnia-il-bordano-vola-in-finale\/\" \/>\n<meta property=\"og:locale\" content=\"it_IT\" \/>\n<meta property=\"og:type\" content=\"article\" \/>\n<meta property=\"og:title\" content=\"COPPA CARNIA: IL BORDANO VOLA IN FINALE - Campionato Carnico 2016\" \/>\n<meta property=\"og:description\" content=\"E\u2019 il Bordano la prima finalista di Coppa Carnia. La squadra di Pittoni supera il Cavazzo per 6 \u2013 5 (ai calci di rigore dopo l\u2019 1 a 1 del 90\u2019) ed attende l\u2019esito dell\u2019altra semifinale in programma mercoled\u00ec 31 luglio a Moggio Udinese tra Villa e Pontebbana. Partita equilibrata quelle disputata nell\u2019impianto di Ovaro: [&hellip;]\" \/>\n<meta property=\"og:url\" content=\"https:\/\/2016.carnico.it\/blog\/2013\/07\/25\/coppa-carnia-il-bordano-vola-in-finale\/\" \/>\n<meta property=\"og:site_name\" content=\"Campionato Carnico 2016\" \/>\n<meta property=\"article:publisher\" content=\"https:\/\/www.facebook.com\/campionatocarnico\/\" \/>\n<meta property=\"article:published_time\" content=\"2013-07-25T12:35:32+00:00\" \/>\n<meta property=\"article:modified_time\" content=\"2013-07-26T12:56:34+00:00\" \/>\n<meta property=\"og:image\" content=\"\/\/www.carnico.it\/blog\/wp-content\/uploads\/2013\/07\/CHIANDETTI-300x198.jpg\" \/>\n<meta name=\"author\" content=\"Redazione\" \/>\n<meta name=\"twitter:card\" content=\"summary_large_image\" \/>\n<meta name=\"twitter:label1\" content=\"Scritto da\" \/>\n\t<meta name=\"twitter:data1\" content=\"Redazione\" \/>\n\t<meta name=\"twitter:label2\" content=\"Tempo di lettura stimato\" \/>\n\t<meta name=\"twitter:data2\" content=\"1 minuto\" \/>\n<script type=\"application\/ld+json\" class=\"yoast-schema-graph\">{\"@context\":\"https:\\\/\\\/schema.org\",\"@graph\":[{\"@type\":\"Article\",\"@id\":\"https:\\\/\\\/2016.carnico.it\\\/blog\\\/2013\\\/07\\\/25\\\/coppa-carnia-il-bordano-vola-in-finale\\\/#article\",\"isPartOf\":{\"@id\":\"https:\\\/\\\/2016.carnico.it\\\/blog\\\/2013\\\/07\\\/25\\\/coppa-carnia-il-bordano-vola-in-finale\\\/\"},\"author\":{\"name\":\"Redazione\",\"@id\":\"https:\\\/\\\/2016.carnico.it\\\/blog\\\/#\\\/schema\\\/person\\\/a68c764693d96df3238f123ea014e78c\"},\"headline\":\"COPPA CARNIA: IL BORDANO VOLA IN FINALE\",\"datePublished\":\"2013-07-25T12:35:32+00:00\",\"dateModified\":\"2013-07-26T12:56:34+00:00\",\"mainEntityOfPage\":{\"@id\":\"https:\\\/\\\/2016.carnico.it\\\/blog\\\/2013\\\/07\\\/25\\\/coppa-carnia-il-bordano-vola-in-finale\\\/\"},\"wordCount\":156,\"commentCount\":4,\"articleSection\":[\"Carnico\",\"Coppa Carnia\"],\"inLanguage\":\"it-IT\",\"potentialAction\":[{\"@type\":\"CommentAction\",\"name\":\"Comment\",\"target\":[\"https:\\\/\\\/2016.carnico.it\\\/blog\\\/2013\\\/07\\\/25\\\/coppa-carnia-il-bordano-vola-in-finale\\\/#respond\"]}]},{\"@type\":\"WebPage\",\"@id\":\"https:\\\/\\\/2016.carnico.it\\\/blog\\\/2013\\\/07\\\/25\\\/coppa-carnia-il-bordano-vola-in-finale\\\/\",\"url\":\"https:\\\/\\\/2016.carnico.it\\\/blog\\\/2013\\\/07\\\/25\\\/coppa-carnia-il-bordano-vola-in-finale\\\/\",\"name\":\"COPPA CARNIA: IL BORDANO VOLA IN FINALE - Campionato Carnico 2016\",\"isPartOf\":{\"@id\":\"https:\\\/\\\/2016.carnico.it\\\/blog\\\/#website\"},\"datePublished\":\"2013-07-25T12:35:32+00:00\",\"dateModified\":\"2013-07-26T12:56:34+00:00\",\"author\":{\"@id\":\"https:\\\/\\\/2016.carnico.it\\\/blog\\\/#\\\/schema\\\/person\\\/a68c764693d96df3238f123ea014e78c\"},\"breadcrumb\":{\"@id\":\"https:\\\/\\\/2016.carnico.it\\\/blog\\\/2013\\\/07\\\/25\\\/coppa-carnia-il-bordano-vola-in-finale\\\/#breadcrumb\"},\"inLanguage\":\"it-IT\",\"potentialAction\":[{\"@type\":\"ReadAction\",\"target\":[\"https:\\\/\\\/2016.carnico.it\\\/blog\\\/2013\\\/07\\\/25\\\/coppa-carnia-il-bordano-vola-in-finale\\\/\"]}]},{\"@type\":\"BreadcrumbList\",\"@id\":\"https:\\\/\\\/2016.carnico.it\\\/blog\\\/2013\\\/07\\\/25\\\/coppa-carnia-il-bordano-vola-in-finale\\\/#breadcrumb\",\"itemListElement\":[{\"@type\":\"ListItem\",\"position\":1,\"name\":\"Home\",\"item\":\"https:\\\/\\\/2016.carnico.it\\\/blog\\\/\"},{\"@type\":\"ListItem\",\"position\":2,\"name\":\"COPPA CARNIA: IL BORDANO VOLA IN FINALE\"}]},{\"@type\":\"WebSite\",\"@id\":\"https:\\\/\\\/2016.carnico.it\\\/blog\\\/#website\",\"url\":\"https:\\\/\\\/2016.carnico.it\\\/blog\\\/\",\"name\":\"Campionato Carnico 2016\",\"description\":\"Notizie e aggiornamenti in tempo reale sul campionato Carnico\",\"potentialAction\":[{\"@type\":\"SearchAction\",\"target\":{\"@type\":\"EntryPoint\",\"urlTemplate\":\"https:\\\/\\\/2016.carnico.it\\\/blog\\\/?s={search_term_string}\"},\"query-input\":{\"@type\":\"PropertyValueSpecification\",\"valueRequired\":true,\"valueName\":\"search_term_string\"}}],\"inLanguage\":\"it-IT\"},{\"@type\":\"Person\",\"@id\":\"https:\\\/\\\/2016.carnico.it\\\/blog\\\/#\\\/schema\\\/person\\\/a68c764693d96df3238f123ea014e78c\",\"name\":\"Redazione\",\"image\":{\"@type\":\"ImageObject\",\"inLanguage\":\"it-IT\",\"@id\":\"https:\\\/\\\/secure.gravatar.com\\\/avatar\\\/6c05bd4dddbea475e283f76b4aa2d778ecb35c06fd92df5f6e0cac552163e2ac?s=96&d=mm&r=g\",\"url\":\"https:\\\/\\\/secure.gravatar.com\\\/avatar\\\/6c05bd4dddbea475e283f76b4aa2d778ecb35c06fd92df5f6e0cac552163e2ac?s=96&d=mm&r=g\",\"contentUrl\":\"https:\\\/\\\/secure.gravatar.com\\\/avatar\\\/6c05bd4dddbea475e283f76b4aa2d778ecb35c06fd92df5f6e0cac552163e2ac?s=96&d=mm&r=g\",\"caption\":\"Redazione\"},\"url\":\"https:\\\/\\\/2016.carnico.it\\\/blog\\\/author\\\/clyco-admin\\\/\"}]}<\/script>\n<!-- \/ Yoast SEO plugin. -->","yoast_head_json":{"title":"COPPA CARNIA: IL BORDANO VOLA IN FINALE - Campionato Carnico 2016","robots":{"index":"index","follow":"follow","max-snippet":"max-snippet:-1","max-image-preview":"max-image-preview:large","max-video-preview":"max-video-preview:-1"},"canonical":"https:\/\/2016.carnico.it\/blog\/2013\/07\/25\/coppa-carnia-il-bordano-vola-in-finale\/","og_locale":"it_IT","og_type":"article","og_title":"COPPA CARNIA: IL BORDANO VOLA IN FINALE - Campionato Carnico 2016","og_description":"E\u2019 il Bordano la prima finalista di Coppa Carnia. La squadra di Pittoni supera il Cavazzo per 6 \u2013 5 (ai calci di rigore dopo l\u2019 1 a 1 del 90\u2019) ed attende l\u2019esito dell\u2019altra semifinale in programma mercoled\u00ec 31 luglio a Moggio Udinese tra Villa e Pontebbana. Partita equilibrata quelle disputata nell\u2019impianto di Ovaro: [&hellip;]","og_url":"https:\/\/2016.carnico.it\/blog\/2013\/07\/25\/coppa-carnia-il-bordano-vola-in-finale\/","og_site_name":"Campionato Carnico 2016","article_publisher":"https:\/\/www.facebook.com\/campionatocarnico\/","article_published_time":"2013-07-25T12:35:32+00:00","article_modified_time":"2013-07-26T12:56:34+00:00","og_image":[{"url":"\/\/www.carnico.it\/blog\/wp-content\/uploads\/2013\/07\/CHIANDETTI-300x198.jpg","type":"","width":"","height":""}],"author":"Redazione","twitter_card":"summary_large_image","twitter_misc":{"Scritto da":"Redazione","Tempo di lettura stimato":"1 minuto"},"schema":{"@context":"https:\/\/schema.org","@graph":[{"@type":"Article","@id":"https:\/\/2016.carnico.it\/blog\/2013\/07\/25\/coppa-carnia-il-bordano-vola-in-finale\/#article","isPartOf":{"@id":"https:\/\/2016.carnico.it\/blog\/2013\/07\/25\/coppa-carnia-il-bordano-vola-in-finale\/"},"author":{"name":"Redazione","@id":"https:\/\/2016.carnico.it\/blog\/#\/schema\/person\/a68c764693d96df3238f123ea014e78c"},"headline":"COPPA CARNIA: IL BORDANO VOLA IN FINALE","datePublished":"2013-07-25T12:35:32+00:00","dateModified":"2013-07-26T12:56:34+00:00","mainEntityOfPage":{"@id":"https:\/\/2016.carnico.it\/blog\/2013\/07\/25\/coppa-carnia-il-bordano-vola-in-finale\/"},"wordCount":156,"commentCount":4,"articleSection":["Carnico","Coppa Carnia"],"inLanguage":"it-IT","potentialAction":[{"@type":"CommentAction","name":"Comment","target":["https:\/\/2016.carnico.it\/blog\/2013\/07\/25\/coppa-carnia-il-bordano-vola-in-finale\/#respond"]}]},{"@type":"WebPage","@id":"https:\/\/2016.carnico.it\/blog\/2013\/07\/25\/coppa-carnia-il-bordano-vola-in-finale\/","url":"https:\/\/2016.carnico.it\/blog\/2013\/07\/25\/coppa-carnia-il-bordano-vola-in-finale\/","name":"COPPA CARNIA: IL BORDANO VOLA IN FINALE - Campionato Carnico 2016","isPartOf":{"@id":"https:\/\/2016.carnico.it\/blog\/#website"},"datePublished":"2013-07-25T12:35:32+00:00","dateModified":"2013-07-26T12:56:34+00:00","author":{"@id":"https:\/\/2016.carnico.it\/blog\/#\/schema\/person\/a68c764693d96df3238f123ea014e78c"},"breadcrumb":{"@id":"https:\/\/2016.carnico.it\/blog\/2013\/07\/25\/coppa-carnia-il-bordano-vola-in-finale\/#breadcrumb"},"inLanguage":"it-IT","potentialAction":[{"@type":"ReadAction","target":["https:\/\/2016.carnico.it\/blog\/2013\/07\/25\/coppa-carnia-il-bordano-vola-in-finale\/"]}]},{"@type":"BreadcrumbList","@id":"https:\/\/2016.carnico.it\/blog\/2013\/07\/25\/coppa-carnia-il-bordano-vola-in-finale\/#breadcrumb","itemListElement":[{"@type":"ListItem","position":1,"name":"Home","item":"https:\/\/2016.carnico.it\/blog\/"},{"@type":"ListItem","position":2,"name":"COPPA CARNIA: IL BORDANO VOLA IN FINALE"}]},{"@type":"WebSite","@id":"https:\/\/2016.carnico.it\/blog\/#website","url":"https:\/\/2016.carnico.it\/blog\/","name":"Campionato Carnico 2016","description":"Notizie e aggiornamenti in tempo reale sul campionato Carnico","potentialAction":[{"@type":"SearchAction","target":{"@type":"EntryPoint","urlTemplate":"https:\/\/2016.carnico.it\/blog\/?s={search_term_string}"},"query-input":{"@type":"PropertyValueSpecification","valueRequired":true,"valueName":"search_term_string"}}],"inLanguage":"it-IT"},{"@type":"Person","@id":"https:\/\/2016.carnico.it\/blog\/#\/schema\/person\/a68c764693d96df3238f123ea014e78c","name":"Redazione","image":{"@type":"ImageObject","inLanguage":"it-IT","@id":"https:\/\/secure.gravatar.com\/avatar\/6c05bd4dddbea475e283f76b4aa2d778ecb35c06fd92df5f6e0cac552163e2ac?s=96&d=mm&r=g","url":"https:\/\/secure.gravatar.com\/avatar\/6c05bd4dddbea475e283f76b4aa2d778ecb35c06fd92df5f6e0cac552163e2ac?s=96&d=mm&r=g","contentUrl":"https:\/\/secure.gravatar.com\/avatar\/6c05bd4dddbea475e283f76b4aa2d778ecb35c06fd92df5f6e0cac552163e2ac?s=96&d=mm&r=g","caption":"Redazione"},"url":"https:\/\/2016.carnico.it\/blog\/author\/clyco-admin\/"}]}},"_links":{"self":[{"href":"https:\/\/2016.carnico.it\/blog\/wp-json\/wp\/v2\/posts\/9337","targetHints":{"allow":["GET"]}}],"collection":[{"href":"https:\/\/2016.carnico.it\/blog\/wp-json\/wp\/v2\/posts"}],"about":[{"href":"https:\/\/2016.carnico.it\/blog\/wp-json\/wp\/v2\/types\/post"}],"author":[{"embeddable":true,"href":"https:\/\/2016.carnico.it\/blog\/wp-json\/wp\/v2\/users\/10"}],"replies":[{"embeddable":true,"href":"https:\/\/2016.carnico.it\/blog\/wp-json\/wp\/v2\/comments?post=9337"}],"version-history":[{"count":4,"href":"https:\/\/2016.carnico.it\/blog\/wp-json\/wp\/v2\/posts\/9337\/revisions"}],"predecessor-version":[{"id":9354,"href":"https:\/\/2016.carnico.it\/blog\/wp-json\/wp\/v2\/posts\/9337\/revisions\/9354"}],"wp:attachment":[{"href":"https:\/\/2016.carnico.it\/blog\/wp-json\/wp\/v2\/media?parent=9337"}],"wp:term":[{"taxonomy":"category","embeddable":true,"href":"https:\/\/2016.carnico.it\/blog\/wp-json\/wp\/v2\/categories?post=9337"},{"taxonomy":"post_tag","embeddable":true,"href":"https:\/\/2016.carnico.it\/blog\/wp-json\/wp\/v2\/tags?post=9337"}],"curies":[{"name":"wp","href":"https:\/\/api.w.org\/{rel}","templated":true}]}}