{"id":9258,"date":"2013-07-16T14:16:33","date_gmt":"2013-07-16T12:16:33","guid":{"rendered":"http:\/\/www.carnico.it\/blog\/?p=9258"},"modified":"2013-07-16T14:16:33","modified_gmt":"2013-07-16T12:16:33","slug":"rudi-coradazzi-ci-rivedremo-nel-carnico-2014","status":"publish","type":"post","link":"https:\/\/2016.carnico.it\/blog\/2013\/07\/16\/rudi-coradazzi-ci-rivedremo-nel-carnico-2014\/","title":{"rendered":"RUDI CORADAZZI: &#8220;CI RIVEDREMO NEL CARNICO 2014&#8221;"},"content":{"rendered":"<div id=\"attachment_3218\" style=\"width: 160px\" class=\"wp-caption alignleft\"><a href=\"\/\/www.carnico.it\/blog\/wp-content\/uploads\/2010\/11\/Rudy-Coradazzi.jpg\"><img loading=\"lazy\" decoding=\"async\" aria-describedby=\"caption-attachment-3218\" class=\"size-thumbnail wp-image-3218\" alt=\"Rudi Coradazzi da capitano alza la Coppa Carnia 2010\" src=\"\/\/www.carnico.it\/blog\/wp-content\/uploads\/2010\/11\/Rudy-Coradazzi-150x183.jpg\" width=\"150\" height=\"183\" \/><\/a><p id=\"caption-attachment-3218\" class=\"wp-caption-text\">Rudi Coradazzi da capitano alza la Coppa Carnia 2010<\/p><\/div>\n<p><b>Pronto, Rudi Coradazzi? Come stai?<br \/>\n<\/b>\u00abInsomma&#8230; Sono uscito da poche ore dall&#8217;ospedale e il dolore \u00e8 forte. La gamba \u00e8 ancora gonfia; del resto mi hanno fissato una vite ed un cerchiaggio attorno alla rotula, che era salita sulla coscia\u00bb.<br \/>\n<b>La diagnosi infatti \u00e8 rottura della rotula del ginocchio destro. Quando sei stato operato?<br \/>\n<\/b>\u00abGioved\u00ec pomeriggio e poi ha trascorso una nottata che non auguro e nessuno. Svanito l&#8217;effetto dell&#8217;anestesia il dolore era fortissimo e i medici non riuscivano a lenirlo\u00bb.<br \/>\n<b>Raccontaci cosa \u00e8 accaduto nove giorni fa nella partita della tua Ovarese con il Trasaghis.<br \/>\n<\/b><!--more-->\u00abMi era portato in posizione laterale per battere una punizione. Ho preso la rincorsa e al momento dell&#8217;ultimo passo ho sentito uno \u00abstek\u00bb; non so come, pur cadendo, sono riuscito a colpire il pallone\u00bb.<br \/>\n<b>Hai capito subito che si trattava di qualcosa di serio?<br \/>\n<\/b>\u00abS\u00ec. Dolore a parte, provando a rialzarmi ho visto che c&#8217;era un buco sul ginocchio\u00bb.<br \/>\n<b>Qual \u00e8 la prognosi stilata dai medici? Perch\u00e8 qui si parla non solo di calcio ma anche di lavoro.<br \/>\n<\/b>\u00abSono un muratore, quindi fino a quando non riuscir\u00f2 a camminare con sufficiente sicurezza dovr\u00f2 restare fermo. I medici parlano di due-tre mesi\u00bb.<br \/>\n<b>E il calcio? Giravano voci di uno stop di un anno e mezzo; in pratica rientro solo nel 2015.<br \/>\n<\/b>\u00abFortunatamente le previsioni sono molto pi\u00f9 ottimistiche. \u00c8 chiaro che questa stagione si \u00e8 conclusa, ma all&#8217;inizio della prossima ci sar\u00f2. C&#8217;\u00e8 solo un piccolo dubbio riguardante i legamenti; fra un paio di mesi effettuer\u00f2 una risonanza, ma i medici ritengono che al 90 per cento non ci siano problemi particolari\u00bb.<br \/>\n<b>I compagni e la societ\u00e0 ti sono stati vicini?<br \/>\n<\/b>\u00abAssolutamente s\u00ec. Sono venuti tutti a trovarmi e li ringrazio di cuore. Lo stesso dicasi per giocatori, allenatori e dirigenti di altre societ\u00e0 che mi hanno chiamato o inviato sms. Un grazie particolare lo rivolgo poi alla mia fidanzata Alessia e a Manuel Gonano, che domenica mi ha dedicato il suo gol\u00bb.<br \/>\n<b>Uno dei tre che hanno consentito all&#8217;Ovarese di vincere ad Illegio. Ti sei tenuto informato sull&#8217;andamento della partita?<br \/>\n<\/b>\u00abCerto, dall&#8217;ospedale ho ascoltato \u00abA tutto Carnico\u00bb su Radio Studio Nord. Ovviamente il successo mi ha reso felice\u00bb.<br \/>\n<b>Una cosa \u00e8 certa: per questo campionato ti sfuggir\u00e0 il record di giocatore pi\u00f9 ammonito&#8230;<br \/>\n<\/b>\u00ab(<em>sorride, ndr<\/em>) Per\u00f2 quest&#8217;anno stavo facendo il bravo: solo cinque gialli e un&#8217;espulsione in coppa. Rispetto alle 13 ammonizioni del 2009 \u00e8 un bel passo in avanti!\u00bb.<\/p>\n<p><strong>Bruno TAVOSANIS<\/strong> (<strong><em>dal Gazzettino di oggi<\/em><\/strong>)<\/p>\n","protected":false},"excerpt":{"rendered":"<p>Pronto, Rudi Coradazzi? Come stai? \u00abInsomma&#8230; Sono uscito da poche ore dall&#8217;ospedale e il dolore \u00e8 forte. La gamba \u00e8 ancora gonfia; del resto mi hanno fissato una vite ed un cerchiaggio attorno alla rotula, che era salita sulla coscia\u00bb. La diagnosi infatti \u00e8 rottura della rotula del ginocchio destro. Quando sei stato operato? \u00abGioved\u00ec [&hellip;]<\/p>\n","protected":false},"author":10,"featured_media":0,"comment_status":"open","ping_status":"closed","sticky":false,"template":"","format":"standard","meta":{"ngg_post_thumbnail":0,"footnotes":""},"categories":[3],"tags":[],"class_list":["post-9258","post","type-post","status-publish","format-standard","hentry","category-carnico"],"yoast_head":"<!-- This site is optimized with the Yoast SEO plugin v27.3 - https:\/\/yoast.com\/product\/yoast-seo-wordpress\/ -->\n<title>RUDI CORADAZZI: &quot;CI RIVEDREMO NEL CARNICO 2014&quot; - Campionato Carnico 2016<\/title>\n<meta name=\"robots\" content=\"index, follow, max-snippet:-1, max-image-preview:large, max-video-preview:-1\" \/>\n<link rel=\"canonical\" href=\"https:\/\/2016.carnico.it\/blog\/2013\/07\/16\/rudi-coradazzi-ci-rivedremo-nel-carnico-2014\/\" \/>\n<meta property=\"og:locale\" content=\"it_IT\" \/>\n<meta property=\"og:type\" content=\"article\" \/>\n<meta property=\"og:title\" content=\"RUDI CORADAZZI: &quot;CI RIVEDREMO NEL CARNICO 2014&quot; - Campionato Carnico 2016\" \/>\n<meta property=\"og:description\" content=\"Pronto, Rudi Coradazzi? Come stai? \u00abInsomma&#8230; Sono uscito da poche ore dall&#8217;ospedale e il dolore \u00e8 forte. La gamba \u00e8 ancora gonfia; del resto mi hanno fissato una vite ed un cerchiaggio attorno alla rotula, che era salita sulla coscia\u00bb. La diagnosi infatti \u00e8 rottura della rotula del ginocchio destro. Quando sei stato operato? \u00abGioved\u00ec [&hellip;]\" \/>\n<meta property=\"og:url\" content=\"https:\/\/2016.carnico.it\/blog\/2013\/07\/16\/rudi-coradazzi-ci-rivedremo-nel-carnico-2014\/\" \/>\n<meta property=\"og:site_name\" content=\"Campionato Carnico 2016\" \/>\n<meta property=\"article:publisher\" content=\"https:\/\/www.facebook.com\/campionatocarnico\/\" \/>\n<meta property=\"article:published_time\" content=\"2013-07-16T12:16:33+00:00\" \/>\n<meta property=\"og:image\" content=\"\/\/www.carnico.it\/blog\/wp-content\/uploads\/2010\/11\/Rudy-Coradazzi-150x183.jpg\" \/>\n<meta name=\"author\" content=\"Redazione\" \/>\n<meta name=\"twitter:card\" content=\"summary_large_image\" \/>\n<meta name=\"twitter:label1\" content=\"Scritto da\" \/>\n\t<meta name=\"twitter:data1\" content=\"Redazione\" \/>\n\t<meta name=\"twitter:label2\" content=\"Tempo di lettura stimato\" \/>\n\t<meta name=\"twitter:data2\" content=\"2 minuti\" \/>\n<script type=\"application\/ld+json\" class=\"yoast-schema-graph\">{\"@context\":\"https:\\\/\\\/schema.org\",\"@graph\":[{\"@type\":\"Article\",\"@id\":\"https:\\\/\\\/2016.carnico.it\\\/blog\\\/2013\\\/07\\\/16\\\/rudi-coradazzi-ci-rivedremo-nel-carnico-2014\\\/#article\",\"isPartOf\":{\"@id\":\"https:\\\/\\\/2016.carnico.it\\\/blog\\\/2013\\\/07\\\/16\\\/rudi-coradazzi-ci-rivedremo-nel-carnico-2014\\\/\"},\"author\":{\"name\":\"Redazione\",\"@id\":\"https:\\\/\\\/2016.carnico.it\\\/blog\\\/#\\\/schema\\\/person\\\/a68c764693d96df3238f123ea014e78c\"},\"headline\":\"RUDI CORADAZZI: &#8220;CI RIVEDREMO NEL CARNICO 2014&#8221;\",\"datePublished\":\"2013-07-16T12:16:33+00:00\",\"mainEntityOfPage\":{\"@id\":\"https:\\\/\\\/2016.carnico.it\\\/blog\\\/2013\\\/07\\\/16\\\/rudi-coradazzi-ci-rivedremo-nel-carnico-2014\\\/\"},\"wordCount\":431,\"commentCount\":9,\"articleSection\":[\"Carnico\"],\"inLanguage\":\"it-IT\",\"potentialAction\":[{\"@type\":\"CommentAction\",\"name\":\"Comment\",\"target\":[\"https:\\\/\\\/2016.carnico.it\\\/blog\\\/2013\\\/07\\\/16\\\/rudi-coradazzi-ci-rivedremo-nel-carnico-2014\\\/#respond\"]}]},{\"@type\":\"WebPage\",\"@id\":\"https:\\\/\\\/2016.carnico.it\\\/blog\\\/2013\\\/07\\\/16\\\/rudi-coradazzi-ci-rivedremo-nel-carnico-2014\\\/\",\"url\":\"https:\\\/\\\/2016.carnico.it\\\/blog\\\/2013\\\/07\\\/16\\\/rudi-coradazzi-ci-rivedremo-nel-carnico-2014\\\/\",\"name\":\"RUDI CORADAZZI: \\\"CI RIVEDREMO NEL CARNICO 2014\\\" - Campionato Carnico 2016\",\"isPartOf\":{\"@id\":\"https:\\\/\\\/2016.carnico.it\\\/blog\\\/#website\"},\"datePublished\":\"2013-07-16T12:16:33+00:00\",\"author\":{\"@id\":\"https:\\\/\\\/2016.carnico.it\\\/blog\\\/#\\\/schema\\\/person\\\/a68c764693d96df3238f123ea014e78c\"},\"breadcrumb\":{\"@id\":\"https:\\\/\\\/2016.carnico.it\\\/blog\\\/2013\\\/07\\\/16\\\/rudi-coradazzi-ci-rivedremo-nel-carnico-2014\\\/#breadcrumb\"},\"inLanguage\":\"it-IT\",\"potentialAction\":[{\"@type\":\"ReadAction\",\"target\":[\"https:\\\/\\\/2016.carnico.it\\\/blog\\\/2013\\\/07\\\/16\\\/rudi-coradazzi-ci-rivedremo-nel-carnico-2014\\\/\"]}]},{\"@type\":\"BreadcrumbList\",\"@id\":\"https:\\\/\\\/2016.carnico.it\\\/blog\\\/2013\\\/07\\\/16\\\/rudi-coradazzi-ci-rivedremo-nel-carnico-2014\\\/#breadcrumb\",\"itemListElement\":[{\"@type\":\"ListItem\",\"position\":1,\"name\":\"Home\",\"item\":\"https:\\\/\\\/2016.carnico.it\\\/blog\\\/\"},{\"@type\":\"ListItem\",\"position\":2,\"name\":\"RUDI CORADAZZI: &#8220;CI RIVEDREMO NEL CARNICO 2014&#8221;\"}]},{\"@type\":\"WebSite\",\"@id\":\"https:\\\/\\\/2016.carnico.it\\\/blog\\\/#website\",\"url\":\"https:\\\/\\\/2016.carnico.it\\\/blog\\\/\",\"name\":\"Campionato Carnico 2016\",\"description\":\"Notizie e aggiornamenti in tempo reale sul campionato Carnico\",\"potentialAction\":[{\"@type\":\"SearchAction\",\"target\":{\"@type\":\"EntryPoint\",\"urlTemplate\":\"https:\\\/\\\/2016.carnico.it\\\/blog\\\/?s={search_term_string}\"},\"query-input\":{\"@type\":\"PropertyValueSpecification\",\"valueRequired\":true,\"valueName\":\"search_term_string\"}}],\"inLanguage\":\"it-IT\"},{\"@type\":\"Person\",\"@id\":\"https:\\\/\\\/2016.carnico.it\\\/blog\\\/#\\\/schema\\\/person\\\/a68c764693d96df3238f123ea014e78c\",\"name\":\"Redazione\",\"image\":{\"@type\":\"ImageObject\",\"inLanguage\":\"it-IT\",\"@id\":\"https:\\\/\\\/secure.gravatar.com\\\/avatar\\\/6c05bd4dddbea475e283f76b4aa2d778ecb35c06fd92df5f6e0cac552163e2ac?s=96&d=mm&r=g\",\"url\":\"https:\\\/\\\/secure.gravatar.com\\\/avatar\\\/6c05bd4dddbea475e283f76b4aa2d778ecb35c06fd92df5f6e0cac552163e2ac?s=96&d=mm&r=g\",\"contentUrl\":\"https:\\\/\\\/secure.gravatar.com\\\/avatar\\\/6c05bd4dddbea475e283f76b4aa2d778ecb35c06fd92df5f6e0cac552163e2ac?s=96&d=mm&r=g\",\"caption\":\"Redazione\"},\"url\":\"https:\\\/\\\/2016.carnico.it\\\/blog\\\/author\\\/clyco-admin\\\/\"}]}<\/script>\n<!-- \/ Yoast SEO plugin. -->","yoast_head_json":{"title":"RUDI CORADAZZI: \"CI RIVEDREMO NEL CARNICO 2014\" - Campionato Carnico 2016","robots":{"index":"index","follow":"follow","max-snippet":"max-snippet:-1","max-image-preview":"max-image-preview:large","max-video-preview":"max-video-preview:-1"},"canonical":"https:\/\/2016.carnico.it\/blog\/2013\/07\/16\/rudi-coradazzi-ci-rivedremo-nel-carnico-2014\/","og_locale":"it_IT","og_type":"article","og_title":"RUDI CORADAZZI: \"CI RIVEDREMO NEL CARNICO 2014\" - Campionato Carnico 2016","og_description":"Pronto, Rudi Coradazzi? Come stai? \u00abInsomma&#8230; Sono uscito da poche ore dall&#8217;ospedale e il dolore \u00e8 forte. La gamba \u00e8 ancora gonfia; del resto mi hanno fissato una vite ed un cerchiaggio attorno alla rotula, che era salita sulla coscia\u00bb. La diagnosi infatti \u00e8 rottura della rotula del ginocchio destro. Quando sei stato operato? \u00abGioved\u00ec [&hellip;]","og_url":"https:\/\/2016.carnico.it\/blog\/2013\/07\/16\/rudi-coradazzi-ci-rivedremo-nel-carnico-2014\/","og_site_name":"Campionato Carnico 2016","article_publisher":"https:\/\/www.facebook.com\/campionatocarnico\/","article_published_time":"2013-07-16T12:16:33+00:00","og_image":[{"url":"\/\/www.carnico.it\/blog\/wp-content\/uploads\/2010\/11\/Rudy-Coradazzi-150x183.jpg","type":"","width":"","height":""}],"author":"Redazione","twitter_card":"summary_large_image","twitter_misc":{"Scritto da":"Redazione","Tempo di lettura stimato":"2 minuti"},"schema":{"@context":"https:\/\/schema.org","@graph":[{"@type":"Article","@id":"https:\/\/2016.carnico.it\/blog\/2013\/07\/16\/rudi-coradazzi-ci-rivedremo-nel-carnico-2014\/#article","isPartOf":{"@id":"https:\/\/2016.carnico.it\/blog\/2013\/07\/16\/rudi-coradazzi-ci-rivedremo-nel-carnico-2014\/"},"author":{"name":"Redazione","@id":"https:\/\/2016.carnico.it\/blog\/#\/schema\/person\/a68c764693d96df3238f123ea014e78c"},"headline":"RUDI CORADAZZI: &#8220;CI RIVEDREMO NEL CARNICO 2014&#8221;","datePublished":"2013-07-16T12:16:33+00:00","mainEntityOfPage":{"@id":"https:\/\/2016.carnico.it\/blog\/2013\/07\/16\/rudi-coradazzi-ci-rivedremo-nel-carnico-2014\/"},"wordCount":431,"commentCount":9,"articleSection":["Carnico"],"inLanguage":"it-IT","potentialAction":[{"@type":"CommentAction","name":"Comment","target":["https:\/\/2016.carnico.it\/blog\/2013\/07\/16\/rudi-coradazzi-ci-rivedremo-nel-carnico-2014\/#respond"]}]},{"@type":"WebPage","@id":"https:\/\/2016.carnico.it\/blog\/2013\/07\/16\/rudi-coradazzi-ci-rivedremo-nel-carnico-2014\/","url":"https:\/\/2016.carnico.it\/blog\/2013\/07\/16\/rudi-coradazzi-ci-rivedremo-nel-carnico-2014\/","name":"RUDI CORADAZZI: \"CI RIVEDREMO NEL CARNICO 2014\" - Campionato Carnico 2016","isPartOf":{"@id":"https:\/\/2016.carnico.it\/blog\/#website"},"datePublished":"2013-07-16T12:16:33+00:00","author":{"@id":"https:\/\/2016.carnico.it\/blog\/#\/schema\/person\/a68c764693d96df3238f123ea014e78c"},"breadcrumb":{"@id":"https:\/\/2016.carnico.it\/blog\/2013\/07\/16\/rudi-coradazzi-ci-rivedremo-nel-carnico-2014\/#breadcrumb"},"inLanguage":"it-IT","potentialAction":[{"@type":"ReadAction","target":["https:\/\/2016.carnico.it\/blog\/2013\/07\/16\/rudi-coradazzi-ci-rivedremo-nel-carnico-2014\/"]}]},{"@type":"BreadcrumbList","@id":"https:\/\/2016.carnico.it\/blog\/2013\/07\/16\/rudi-coradazzi-ci-rivedremo-nel-carnico-2014\/#breadcrumb","itemListElement":[{"@type":"ListItem","position":1,"name":"Home","item":"https:\/\/2016.carnico.it\/blog\/"},{"@type":"ListItem","position":2,"name":"RUDI CORADAZZI: &#8220;CI RIVEDREMO NEL CARNICO 2014&#8221;"}]},{"@type":"WebSite","@id":"https:\/\/2016.carnico.it\/blog\/#website","url":"https:\/\/2016.carnico.it\/blog\/","name":"Campionato Carnico 2016","description":"Notizie e aggiornamenti in tempo reale sul campionato Carnico","potentialAction":[{"@type":"SearchAction","target":{"@type":"EntryPoint","urlTemplate":"https:\/\/2016.carnico.it\/blog\/?s={search_term_string}"},"query-input":{"@type":"PropertyValueSpecification","valueRequired":true,"valueName":"search_term_string"}}],"inLanguage":"it-IT"},{"@type":"Person","@id":"https:\/\/2016.carnico.it\/blog\/#\/schema\/person\/a68c764693d96df3238f123ea014e78c","name":"Redazione","image":{"@type":"ImageObject","inLanguage":"it-IT","@id":"https:\/\/secure.gravatar.com\/avatar\/6c05bd4dddbea475e283f76b4aa2d778ecb35c06fd92df5f6e0cac552163e2ac?s=96&d=mm&r=g","url":"https:\/\/secure.gravatar.com\/avatar\/6c05bd4dddbea475e283f76b4aa2d778ecb35c06fd92df5f6e0cac552163e2ac?s=96&d=mm&r=g","contentUrl":"https:\/\/secure.gravatar.com\/avatar\/6c05bd4dddbea475e283f76b4aa2d778ecb35c06fd92df5f6e0cac552163e2ac?s=96&d=mm&r=g","caption":"Redazione"},"url":"https:\/\/2016.carnico.it\/blog\/author\/clyco-admin\/"}]}},"_links":{"self":[{"href":"https:\/\/2016.carnico.it\/blog\/wp-json\/wp\/v2\/posts\/9258","targetHints":{"allow":["GET"]}}],"collection":[{"href":"https:\/\/2016.carnico.it\/blog\/wp-json\/wp\/v2\/posts"}],"about":[{"href":"https:\/\/2016.carnico.it\/blog\/wp-json\/wp\/v2\/types\/post"}],"author":[{"embeddable":true,"href":"https:\/\/2016.carnico.it\/blog\/wp-json\/wp\/v2\/users\/10"}],"replies":[{"embeddable":true,"href":"https:\/\/2016.carnico.it\/blog\/wp-json\/wp\/v2\/comments?post=9258"}],"version-history":[{"count":2,"href":"https:\/\/2016.carnico.it\/blog\/wp-json\/wp\/v2\/posts\/9258\/revisions"}],"predecessor-version":[{"id":9260,"href":"https:\/\/2016.carnico.it\/blog\/wp-json\/wp\/v2\/posts\/9258\/revisions\/9260"}],"wp:attachment":[{"href":"https:\/\/2016.carnico.it\/blog\/wp-json\/wp\/v2\/media?parent=9258"}],"wp:term":[{"taxonomy":"category","embeddable":true,"href":"https:\/\/2016.carnico.it\/blog\/wp-json\/wp\/v2\/categories?post=9258"},{"taxonomy":"post_tag","embeddable":true,"href":"https:\/\/2016.carnico.it\/blog\/wp-json\/wp\/v2\/tags?post=9258"}],"curies":[{"name":"wp","href":"https:\/\/api.w.org\/{rel}","templated":true}]}}