{"id":9234,"date":"2013-07-15T18:08:51","date_gmt":"2013-07-15T16:08:51","guid":{"rendered":"http:\/\/www.carnico.it\/blog\/?p=9234"},"modified":"2013-07-15T20:09:40","modified_gmt":"2013-07-15T18:09:40","slug":"chicchi-di-carnico-8","status":"publish","type":"post","link":"https:\/\/2016.carnico.it\/blog\/2013\/07\/15\/chicchi-di-carnico-8\/","title":{"rendered":"CHICCHI DI CARNICO"},"content":{"rendered":"<div id=\"attachment_9235\" style=\"width: 310px\" class=\"wp-caption alignleft\"><a href=\"\/\/www.carnico.it\/blog\/2013\/07\/15\/chicchi-di-carnico-8\/lancerotto-2\/\" rel=\"attachment wp-att-9235\"><img loading=\"lazy\" decoding=\"async\" aria-describedby=\"caption-attachment-9235\" class=\"size-medium wp-image-9235\" alt=\"Lancerotto porta in vantaggio il Villa (foto A. Cella).\" src=\"\/\/www.carnico.it\/blog\/wp-content\/uploads\/2013\/07\/Lancerotto-300x198.jpg\" width=\"300\" height=\"198\" srcset=\"https:\/\/2016.carnico.it\/blog\/wp-content\/uploads\/2013\/07\/Lancerotto-300x198.jpg 300w, https:\/\/2016.carnico.it\/blog\/wp-content\/uploads\/2013\/07\/Lancerotto-450x297.jpg 450w, https:\/\/2016.carnico.it\/blog\/wp-content\/uploads\/2013\/07\/Lancerotto-630x416.jpg 630w, https:\/\/2016.carnico.it\/blog\/wp-content\/uploads\/2013\/07\/Lancerotto.jpg 792w\" sizes=\"auto, (max-width: 300px) 100vw, 300px\" \/><\/a><p id=\"caption-attachment-9235\" class=\"wp-caption-text\">Lancerotto porta in vantaggio il Villa (foto A. Cella).<\/p><\/div>\n<p><strong>*<\/strong> Villa \u2013 Real al venerd\u00ec sera \u00e8 stato un successone per le casse della societ\u00e0 arancione. C\u2019era molta gente al \u201cCampo dei Pini\u201d, nonostante il venerd\u00ec sera sia serata di allenamento per quasi tutte le squadre del Carnico. La cosa dovrebbe far riflettere: una sola partita (magari in notturna) \u00e8 manna dal cielo per le risorse delle nostre squadra: altro che anticipi al sabato!<!--more--><\/p>\n<p><strong>*<\/strong> La scaramanzia che imperversa nel mondo del calcio non poteva certo risparmiare noi cronisti: accanto ai \u201ccon te non vinciamo mai\u201d o al pi\u00f9 diretto \u201cporti sfiga\u201d, per\u00f2, esiste anche un\u2019eccezione diciamo cos\u00ec positiva per la nostra figura. Il sottoscritto, per esempio, domenica scorsa, prima della partita, \u00e8 stato avvicinato da Manuel Sgobino che gli ha detto: \u00abBene, bene, ci sei tu: allora oggi segno!\u00bb. E cos\u00ec \u00e8 stato. Manuel, dove mi offri la pizza?<\/p>\n<p><strong>*<\/strong> Si tinge di giallo il motivo dell\u2019espulsione di Devid Morassi contro l\u2019Amaro: a fine partita, pare che il motivo sia da ricercare nella spiata che un giocatore dell\u2019Amaro avrebbe fatto al direttore di gara, avvisandolo che Devid Morassi lo avrebbe offeso. Naturalmente, restiamo in attesa di sapere se le cose sono andate veramente cos\u00ec, perch\u00e9 sarebbe veramente inconsueta come dinamica.<\/p>\n<p><strong>*<\/strong> La doppietta di Alessandro De Marco regala alla Pontebbana tre punti d\u2019oro in chiave salvezza. Sar\u00e0 stata felicissima la \u201csua\u201d Arianna, che non perde una partita in cui \u00e8 impegnato Alessandro. O meglio, una ne ha persa: proprio quella di Paularo! E lui,\u00a0 decide di fare il \u2026 fenomeno nella domenica \u201csbagliata\u201d. Chiss\u00e0, forse in occasione del prossimo incontro Alessandro dir\u00e0 ad Arianna: \u00abCara, magari ci vediamo dopo la partita \u2026\u00bb.<\/p>\n","protected":false},"excerpt":{"rendered":"<p>* Villa \u2013 Real al venerd\u00ec sera \u00e8 stato un successone per le casse della societ\u00e0 arancione. C\u2019era molta gente al \u201cCampo dei Pini\u201d, nonostante il venerd\u00ec sera sia serata di allenamento per quasi tutte le squadre del Carnico. La cosa dovrebbe far riflettere: una sola partita (magari in notturna) \u00e8 manna dal cielo per [&hellip;]<\/p>\n","protected":false},"author":10,"featured_media":0,"comment_status":"open","ping_status":"closed","sticky":false,"template":"","format":"standard","meta":{"ngg_post_thumbnail":0,"footnotes":""},"categories":[3,5],"tags":[],"class_list":["post-9234","post","type-post","status-publish","format-standard","hentry","category-carnico","category-varie"],"yoast_head":"<!-- This site is optimized with the Yoast SEO plugin v27.3 - https:\/\/yoast.com\/product\/yoast-seo-wordpress\/ -->\n<title>CHICCHI DI CARNICO - Campionato Carnico 2016<\/title>\n<meta name=\"robots\" content=\"index, follow, max-snippet:-1, max-image-preview:large, max-video-preview:-1\" \/>\n<link rel=\"canonical\" href=\"https:\/\/2016.carnico.it\/blog\/2013\/07\/15\/chicchi-di-carnico-8\/\" \/>\n<meta property=\"og:locale\" content=\"it_IT\" \/>\n<meta property=\"og:type\" content=\"article\" \/>\n<meta property=\"og:title\" content=\"CHICCHI DI CARNICO - Campionato Carnico 2016\" \/>\n<meta property=\"og:description\" content=\"* Villa \u2013 Real al venerd\u00ec sera \u00e8 stato un successone per le casse della societ\u00e0 arancione. C\u2019era molta gente al \u201cCampo dei Pini\u201d, nonostante il venerd\u00ec sera sia serata di allenamento per quasi tutte le squadre del Carnico. La cosa dovrebbe far riflettere: una sola partita (magari in notturna) \u00e8 manna dal cielo per [&hellip;]\" \/>\n<meta property=\"og:url\" content=\"https:\/\/2016.carnico.it\/blog\/2013\/07\/15\/chicchi-di-carnico-8\/\" \/>\n<meta property=\"og:site_name\" content=\"Campionato Carnico 2016\" \/>\n<meta property=\"article:publisher\" content=\"https:\/\/www.facebook.com\/campionatocarnico\/\" \/>\n<meta property=\"article:published_time\" content=\"2013-07-15T16:08:51+00:00\" \/>\n<meta property=\"article:modified_time\" content=\"2013-07-15T18:09:40+00:00\" \/>\n<meta property=\"og:image\" content=\"\/\/www.carnico.it\/blog\/wp-content\/uploads\/2013\/07\/Lancerotto-300x198.jpg\" \/>\n<meta name=\"author\" content=\"Redazione\" \/>\n<meta name=\"twitter:card\" content=\"summary_large_image\" \/>\n<meta name=\"twitter:label1\" content=\"Scritto da\" \/>\n\t<meta name=\"twitter:data1\" content=\"Redazione\" \/>\n\t<meta name=\"twitter:label2\" content=\"Tempo di lettura stimato\" \/>\n\t<meta name=\"twitter:data2\" content=\"1 minuto\" \/>\n<script type=\"application\/ld+json\" class=\"yoast-schema-graph\">{\"@context\":\"https:\\\/\\\/schema.org\",\"@graph\":[{\"@type\":\"Article\",\"@id\":\"https:\\\/\\\/2016.carnico.it\\\/blog\\\/2013\\\/07\\\/15\\\/chicchi-di-carnico-8\\\/#article\",\"isPartOf\":{\"@id\":\"https:\\\/\\\/2016.carnico.it\\\/blog\\\/2013\\\/07\\\/15\\\/chicchi-di-carnico-8\\\/\"},\"author\":{\"name\":\"Redazione\",\"@id\":\"https:\\\/\\\/2016.carnico.it\\\/blog\\\/#\\\/schema\\\/person\\\/a68c764693d96df3238f123ea014e78c\"},\"headline\":\"CHICCHI DI CARNICO\",\"datePublished\":\"2013-07-15T16:08:51+00:00\",\"dateModified\":\"2013-07-15T18:09:40+00:00\",\"mainEntityOfPage\":{\"@id\":\"https:\\\/\\\/2016.carnico.it\\\/blog\\\/2013\\\/07\\\/15\\\/chicchi-di-carnico-8\\\/\"},\"wordCount\":287,\"commentCount\":2,\"articleSection\":[\"Carnico\",\"Varie\"],\"inLanguage\":\"it-IT\",\"potentialAction\":[{\"@type\":\"CommentAction\",\"name\":\"Comment\",\"target\":[\"https:\\\/\\\/2016.carnico.it\\\/blog\\\/2013\\\/07\\\/15\\\/chicchi-di-carnico-8\\\/#respond\"]}]},{\"@type\":\"WebPage\",\"@id\":\"https:\\\/\\\/2016.carnico.it\\\/blog\\\/2013\\\/07\\\/15\\\/chicchi-di-carnico-8\\\/\",\"url\":\"https:\\\/\\\/2016.carnico.it\\\/blog\\\/2013\\\/07\\\/15\\\/chicchi-di-carnico-8\\\/\",\"name\":\"CHICCHI DI CARNICO - Campionato Carnico 2016\",\"isPartOf\":{\"@id\":\"https:\\\/\\\/2016.carnico.it\\\/blog\\\/#website\"},\"datePublished\":\"2013-07-15T16:08:51+00:00\",\"dateModified\":\"2013-07-15T18:09:40+00:00\",\"author\":{\"@id\":\"https:\\\/\\\/2016.carnico.it\\\/blog\\\/#\\\/schema\\\/person\\\/a68c764693d96df3238f123ea014e78c\"},\"breadcrumb\":{\"@id\":\"https:\\\/\\\/2016.carnico.it\\\/blog\\\/2013\\\/07\\\/15\\\/chicchi-di-carnico-8\\\/#breadcrumb\"},\"inLanguage\":\"it-IT\",\"potentialAction\":[{\"@type\":\"ReadAction\",\"target\":[\"https:\\\/\\\/2016.carnico.it\\\/blog\\\/2013\\\/07\\\/15\\\/chicchi-di-carnico-8\\\/\"]}]},{\"@type\":\"BreadcrumbList\",\"@id\":\"https:\\\/\\\/2016.carnico.it\\\/blog\\\/2013\\\/07\\\/15\\\/chicchi-di-carnico-8\\\/#breadcrumb\",\"itemListElement\":[{\"@type\":\"ListItem\",\"position\":1,\"name\":\"Home\",\"item\":\"https:\\\/\\\/2016.carnico.it\\\/blog\\\/\"},{\"@type\":\"ListItem\",\"position\":2,\"name\":\"CHICCHI DI CARNICO\"}]},{\"@type\":\"WebSite\",\"@id\":\"https:\\\/\\\/2016.carnico.it\\\/blog\\\/#website\",\"url\":\"https:\\\/\\\/2016.carnico.it\\\/blog\\\/\",\"name\":\"Campionato Carnico 2016\",\"description\":\"Notizie e aggiornamenti in tempo reale sul campionato Carnico\",\"potentialAction\":[{\"@type\":\"SearchAction\",\"target\":{\"@type\":\"EntryPoint\",\"urlTemplate\":\"https:\\\/\\\/2016.carnico.it\\\/blog\\\/?s={search_term_string}\"},\"query-input\":{\"@type\":\"PropertyValueSpecification\",\"valueRequired\":true,\"valueName\":\"search_term_string\"}}],\"inLanguage\":\"it-IT\"},{\"@type\":\"Person\",\"@id\":\"https:\\\/\\\/2016.carnico.it\\\/blog\\\/#\\\/schema\\\/person\\\/a68c764693d96df3238f123ea014e78c\",\"name\":\"Redazione\",\"image\":{\"@type\":\"ImageObject\",\"inLanguage\":\"it-IT\",\"@id\":\"https:\\\/\\\/secure.gravatar.com\\\/avatar\\\/6c05bd4dddbea475e283f76b4aa2d778ecb35c06fd92df5f6e0cac552163e2ac?s=96&d=mm&r=g\",\"url\":\"https:\\\/\\\/secure.gravatar.com\\\/avatar\\\/6c05bd4dddbea475e283f76b4aa2d778ecb35c06fd92df5f6e0cac552163e2ac?s=96&d=mm&r=g\",\"contentUrl\":\"https:\\\/\\\/secure.gravatar.com\\\/avatar\\\/6c05bd4dddbea475e283f76b4aa2d778ecb35c06fd92df5f6e0cac552163e2ac?s=96&d=mm&r=g\",\"caption\":\"Redazione\"},\"url\":\"https:\\\/\\\/2016.carnico.it\\\/blog\\\/author\\\/clyco-admin\\\/\"}]}<\/script>\n<!-- \/ Yoast SEO plugin. -->","yoast_head_json":{"title":"CHICCHI DI CARNICO - Campionato Carnico 2016","robots":{"index":"index","follow":"follow","max-snippet":"max-snippet:-1","max-image-preview":"max-image-preview:large","max-video-preview":"max-video-preview:-1"},"canonical":"https:\/\/2016.carnico.it\/blog\/2013\/07\/15\/chicchi-di-carnico-8\/","og_locale":"it_IT","og_type":"article","og_title":"CHICCHI DI CARNICO - Campionato Carnico 2016","og_description":"* Villa \u2013 Real al venerd\u00ec sera \u00e8 stato un successone per le casse della societ\u00e0 arancione. C\u2019era molta gente al \u201cCampo dei Pini\u201d, nonostante il venerd\u00ec sera sia serata di allenamento per quasi tutte le squadre del Carnico. La cosa dovrebbe far riflettere: una sola partita (magari in notturna) \u00e8 manna dal cielo per [&hellip;]","og_url":"https:\/\/2016.carnico.it\/blog\/2013\/07\/15\/chicchi-di-carnico-8\/","og_site_name":"Campionato Carnico 2016","article_publisher":"https:\/\/www.facebook.com\/campionatocarnico\/","article_published_time":"2013-07-15T16:08:51+00:00","article_modified_time":"2013-07-15T18:09:40+00:00","og_image":[{"url":"\/\/www.carnico.it\/blog\/wp-content\/uploads\/2013\/07\/Lancerotto-300x198.jpg","type":"","width":"","height":""}],"author":"Redazione","twitter_card":"summary_large_image","twitter_misc":{"Scritto da":"Redazione","Tempo di lettura stimato":"1 minuto"},"schema":{"@context":"https:\/\/schema.org","@graph":[{"@type":"Article","@id":"https:\/\/2016.carnico.it\/blog\/2013\/07\/15\/chicchi-di-carnico-8\/#article","isPartOf":{"@id":"https:\/\/2016.carnico.it\/blog\/2013\/07\/15\/chicchi-di-carnico-8\/"},"author":{"name":"Redazione","@id":"https:\/\/2016.carnico.it\/blog\/#\/schema\/person\/a68c764693d96df3238f123ea014e78c"},"headline":"CHICCHI DI CARNICO","datePublished":"2013-07-15T16:08:51+00:00","dateModified":"2013-07-15T18:09:40+00:00","mainEntityOfPage":{"@id":"https:\/\/2016.carnico.it\/blog\/2013\/07\/15\/chicchi-di-carnico-8\/"},"wordCount":287,"commentCount":2,"articleSection":["Carnico","Varie"],"inLanguage":"it-IT","potentialAction":[{"@type":"CommentAction","name":"Comment","target":["https:\/\/2016.carnico.it\/blog\/2013\/07\/15\/chicchi-di-carnico-8\/#respond"]}]},{"@type":"WebPage","@id":"https:\/\/2016.carnico.it\/blog\/2013\/07\/15\/chicchi-di-carnico-8\/","url":"https:\/\/2016.carnico.it\/blog\/2013\/07\/15\/chicchi-di-carnico-8\/","name":"CHICCHI DI CARNICO - Campionato Carnico 2016","isPartOf":{"@id":"https:\/\/2016.carnico.it\/blog\/#website"},"datePublished":"2013-07-15T16:08:51+00:00","dateModified":"2013-07-15T18:09:40+00:00","author":{"@id":"https:\/\/2016.carnico.it\/blog\/#\/schema\/person\/a68c764693d96df3238f123ea014e78c"},"breadcrumb":{"@id":"https:\/\/2016.carnico.it\/blog\/2013\/07\/15\/chicchi-di-carnico-8\/#breadcrumb"},"inLanguage":"it-IT","potentialAction":[{"@type":"ReadAction","target":["https:\/\/2016.carnico.it\/blog\/2013\/07\/15\/chicchi-di-carnico-8\/"]}]},{"@type":"BreadcrumbList","@id":"https:\/\/2016.carnico.it\/blog\/2013\/07\/15\/chicchi-di-carnico-8\/#breadcrumb","itemListElement":[{"@type":"ListItem","position":1,"name":"Home","item":"https:\/\/2016.carnico.it\/blog\/"},{"@type":"ListItem","position":2,"name":"CHICCHI DI CARNICO"}]},{"@type":"WebSite","@id":"https:\/\/2016.carnico.it\/blog\/#website","url":"https:\/\/2016.carnico.it\/blog\/","name":"Campionato Carnico 2016","description":"Notizie e aggiornamenti in tempo reale sul campionato Carnico","potentialAction":[{"@type":"SearchAction","target":{"@type":"EntryPoint","urlTemplate":"https:\/\/2016.carnico.it\/blog\/?s={search_term_string}"},"query-input":{"@type":"PropertyValueSpecification","valueRequired":true,"valueName":"search_term_string"}}],"inLanguage":"it-IT"},{"@type":"Person","@id":"https:\/\/2016.carnico.it\/blog\/#\/schema\/person\/a68c764693d96df3238f123ea014e78c","name":"Redazione","image":{"@type":"ImageObject","inLanguage":"it-IT","@id":"https:\/\/secure.gravatar.com\/avatar\/6c05bd4dddbea475e283f76b4aa2d778ecb35c06fd92df5f6e0cac552163e2ac?s=96&d=mm&r=g","url":"https:\/\/secure.gravatar.com\/avatar\/6c05bd4dddbea475e283f76b4aa2d778ecb35c06fd92df5f6e0cac552163e2ac?s=96&d=mm&r=g","contentUrl":"https:\/\/secure.gravatar.com\/avatar\/6c05bd4dddbea475e283f76b4aa2d778ecb35c06fd92df5f6e0cac552163e2ac?s=96&d=mm&r=g","caption":"Redazione"},"url":"https:\/\/2016.carnico.it\/blog\/author\/clyco-admin\/"}]}},"_links":{"self":[{"href":"https:\/\/2016.carnico.it\/blog\/wp-json\/wp\/v2\/posts\/9234","targetHints":{"allow":["GET"]}}],"collection":[{"href":"https:\/\/2016.carnico.it\/blog\/wp-json\/wp\/v2\/posts"}],"about":[{"href":"https:\/\/2016.carnico.it\/blog\/wp-json\/wp\/v2\/types\/post"}],"author":[{"embeddable":true,"href":"https:\/\/2016.carnico.it\/blog\/wp-json\/wp\/v2\/users\/10"}],"replies":[{"embeddable":true,"href":"https:\/\/2016.carnico.it\/blog\/wp-json\/wp\/v2\/comments?post=9234"}],"version-history":[{"count":5,"href":"https:\/\/2016.carnico.it\/blog\/wp-json\/wp\/v2\/posts\/9234\/revisions"}],"predecessor-version":[{"id":9241,"href":"https:\/\/2016.carnico.it\/blog\/wp-json\/wp\/v2\/posts\/9234\/revisions\/9241"}],"wp:attachment":[{"href":"https:\/\/2016.carnico.it\/blog\/wp-json\/wp\/v2\/media?parent=9234"}],"wp:term":[{"taxonomy":"category","embeddable":true,"href":"https:\/\/2016.carnico.it\/blog\/wp-json\/wp\/v2\/categories?post=9234"},{"taxonomy":"post_tag","embeddable":true,"href":"https:\/\/2016.carnico.it\/blog\/wp-json\/wp\/v2\/tags?post=9234"}],"curies":[{"name":"wp","href":"https:\/\/api.w.org\/{rel}","templated":true}]}}