{"id":9127,"date":"2013-06-27T19:30:34","date_gmt":"2013-06-27T17:30:34","guid":{"rendered":"http:\/\/www.carnico.it\/blog\/?p=9127"},"modified":"2013-06-27T19:30:34","modified_gmt":"2013-06-27T17:30:34","slug":"di-gleria-e-fornasarig-si-dimettono","status":"publish","type":"post","link":"https:\/\/2016.carnico.it\/blog\/2013\/06\/27\/di-gleria-e-fornasarig-si-dimettono\/","title":{"rendered":"DI GLERIA E FORNASARIG SI DIMETTONO"},"content":{"rendered":"<div id=\"attachment_9128\" style=\"width: 130px\" class=\"wp-caption alignleft\"><a href=\"\/\/www.carnico.it\/blog\/2013\/06\/27\/di-gleria-e-fornasarig-si-dimettono\/for\/\" rel=\"attachment wp-att-9128\"><img loading=\"lazy\" decoding=\"async\" aria-describedby=\"caption-attachment-9128\" class=\"size-full wp-image-9128\" alt=\"Stefano Fornasarig\" src=\"\/\/www.carnico.it\/blog\/wp-content\/uploads\/2013\/06\/for.jpg\" width=\"120\" height=\"160\" \/><\/a><p id=\"caption-attachment-9128\" class=\"wp-caption-text\">Stefano Fornasarig<\/p><\/div>\n<p>Sono due le panchine che cambieranno \u201cpadrone\u201d in Prima categoria. Giacomo Di Gleria della Velox e Stefano Fornasarig del Cedarchis, infatti, hanno presentato le loro dimissioni alle rispettive societ\u00e0.<br \/>\nScendendo nel dettaglio, appare evidente come la scelta di Di Gleria sia irrimediabilmente legata ai risultati (la Velox ha fatto 1 punto in 9 partite), mentre di pi\u00f9 difficile interpretazione appare la decisione di Fornasarig, che \u00e8 s\u00ec, uscito dalla Coppa, ma in campionato ha perso una sola volta ed \u00e8 a 5 punti dal Villa capolista.<!--more--> Per quanto riguarda i nuovi tecnici, la Velox ha gi\u00e0 scelto Ivan Gressani, mentre il Cedarchis non ha ancora provveduto alla sostituzione. Le voci pi\u00f9 insistenti sono quelle che vorrebbero una soluzione interna, affidando la guida tecnica a Luciano Candoni.<\/p>\n","protected":false},"excerpt":{"rendered":"<p>Sono due le panchine che cambieranno \u201cpadrone\u201d in Prima categoria. Giacomo Di Gleria della Velox e Stefano Fornasarig del Cedarchis, infatti, hanno presentato le loro dimissioni alle rispettive societ\u00e0. Scendendo nel dettaglio, appare evidente come la scelta di Di Gleria sia irrimediabilmente legata ai risultati (la Velox ha fatto 1 punto in 9 partite), mentre [&hellip;]<\/p>\n","protected":false},"author":10,"featured_media":0,"comment_status":"open","ping_status":"closed","sticky":false,"template":"","format":"standard","meta":{"ngg_post_thumbnail":0,"footnotes":""},"categories":[3,5],"tags":[],"class_list":["post-9127","post","type-post","status-publish","format-standard","hentry","category-carnico","category-varie"],"yoast_head":"<!-- This site is optimized with the Yoast SEO plugin v27.3 - https:\/\/yoast.com\/product\/yoast-seo-wordpress\/ -->\n<title>DI GLERIA E FORNASARIG SI DIMETTONO - Campionato Carnico 2016<\/title>\n<meta name=\"robots\" content=\"index, follow, max-snippet:-1, max-image-preview:large, max-video-preview:-1\" \/>\n<link rel=\"canonical\" href=\"https:\/\/2016.carnico.it\/blog\/2013\/06\/27\/di-gleria-e-fornasarig-si-dimettono\/\" \/>\n<meta property=\"og:locale\" content=\"it_IT\" \/>\n<meta property=\"og:type\" content=\"article\" \/>\n<meta property=\"og:title\" content=\"DI GLERIA E FORNASARIG SI DIMETTONO - Campionato Carnico 2016\" \/>\n<meta property=\"og:description\" content=\"Sono due le panchine che cambieranno \u201cpadrone\u201d in Prima categoria. Giacomo Di Gleria della Velox e Stefano Fornasarig del Cedarchis, infatti, hanno presentato le loro dimissioni alle rispettive societ\u00e0. Scendendo nel dettaglio, appare evidente come la scelta di Di Gleria sia irrimediabilmente legata ai risultati (la Velox ha fatto 1 punto in 9 partite), mentre [&hellip;]\" \/>\n<meta property=\"og:url\" content=\"https:\/\/2016.carnico.it\/blog\/2013\/06\/27\/di-gleria-e-fornasarig-si-dimettono\/\" \/>\n<meta property=\"og:site_name\" content=\"Campionato Carnico 2016\" \/>\n<meta property=\"article:publisher\" content=\"https:\/\/www.facebook.com\/campionatocarnico\/\" \/>\n<meta property=\"article:published_time\" content=\"2013-06-27T17:30:34+00:00\" \/>\n<meta property=\"og:image\" content=\"\/\/www.carnico.it\/blog\/wp-content\/uploads\/2013\/06\/for.jpg\" \/>\n<meta name=\"author\" content=\"Redazione\" \/>\n<meta name=\"twitter:card\" content=\"summary_large_image\" \/>\n<meta name=\"twitter:label1\" content=\"Scritto da\" \/>\n\t<meta name=\"twitter:data1\" content=\"Redazione\" \/>\n\t<meta name=\"twitter:label2\" content=\"Tempo di lettura stimato\" \/>\n\t<meta name=\"twitter:data2\" content=\"1 minuto\" \/>\n<script type=\"application\/ld+json\" class=\"yoast-schema-graph\">{\"@context\":\"https:\\\/\\\/schema.org\",\"@graph\":[{\"@type\":\"Article\",\"@id\":\"https:\\\/\\\/2016.carnico.it\\\/blog\\\/2013\\\/06\\\/27\\\/di-gleria-e-fornasarig-si-dimettono\\\/#article\",\"isPartOf\":{\"@id\":\"https:\\\/\\\/2016.carnico.it\\\/blog\\\/2013\\\/06\\\/27\\\/di-gleria-e-fornasarig-si-dimettono\\\/\"},\"author\":{\"name\":\"Redazione\",\"@id\":\"https:\\\/\\\/2016.carnico.it\\\/blog\\\/#\\\/schema\\\/person\\\/a68c764693d96df3238f123ea014e78c\"},\"headline\":\"DI GLERIA E FORNASARIG SI DIMETTONO\",\"datePublished\":\"2013-06-27T17:30:34+00:00\",\"mainEntityOfPage\":{\"@id\":\"https:\\\/\\\/2016.carnico.it\\\/blog\\\/2013\\\/06\\\/27\\\/di-gleria-e-fornasarig-si-dimettono\\\/\"},\"wordCount\":136,\"commentCount\":0,\"articleSection\":[\"Carnico\",\"Varie\"],\"inLanguage\":\"it-IT\",\"potentialAction\":[{\"@type\":\"CommentAction\",\"name\":\"Comment\",\"target\":[\"https:\\\/\\\/2016.carnico.it\\\/blog\\\/2013\\\/06\\\/27\\\/di-gleria-e-fornasarig-si-dimettono\\\/#respond\"]}]},{\"@type\":\"WebPage\",\"@id\":\"https:\\\/\\\/2016.carnico.it\\\/blog\\\/2013\\\/06\\\/27\\\/di-gleria-e-fornasarig-si-dimettono\\\/\",\"url\":\"https:\\\/\\\/2016.carnico.it\\\/blog\\\/2013\\\/06\\\/27\\\/di-gleria-e-fornasarig-si-dimettono\\\/\",\"name\":\"DI GLERIA E FORNASARIG SI DIMETTONO - Campionato Carnico 2016\",\"isPartOf\":{\"@id\":\"https:\\\/\\\/2016.carnico.it\\\/blog\\\/#website\"},\"datePublished\":\"2013-06-27T17:30:34+00:00\",\"author\":{\"@id\":\"https:\\\/\\\/2016.carnico.it\\\/blog\\\/#\\\/schema\\\/person\\\/a68c764693d96df3238f123ea014e78c\"},\"breadcrumb\":{\"@id\":\"https:\\\/\\\/2016.carnico.it\\\/blog\\\/2013\\\/06\\\/27\\\/di-gleria-e-fornasarig-si-dimettono\\\/#breadcrumb\"},\"inLanguage\":\"it-IT\",\"potentialAction\":[{\"@type\":\"ReadAction\",\"target\":[\"https:\\\/\\\/2016.carnico.it\\\/blog\\\/2013\\\/06\\\/27\\\/di-gleria-e-fornasarig-si-dimettono\\\/\"]}]},{\"@type\":\"BreadcrumbList\",\"@id\":\"https:\\\/\\\/2016.carnico.it\\\/blog\\\/2013\\\/06\\\/27\\\/di-gleria-e-fornasarig-si-dimettono\\\/#breadcrumb\",\"itemListElement\":[{\"@type\":\"ListItem\",\"position\":1,\"name\":\"Home\",\"item\":\"https:\\\/\\\/2016.carnico.it\\\/blog\\\/\"},{\"@type\":\"ListItem\",\"position\":2,\"name\":\"DI GLERIA E FORNASARIG SI DIMETTONO\"}]},{\"@type\":\"WebSite\",\"@id\":\"https:\\\/\\\/2016.carnico.it\\\/blog\\\/#website\",\"url\":\"https:\\\/\\\/2016.carnico.it\\\/blog\\\/\",\"name\":\"Campionato Carnico 2016\",\"description\":\"Notizie e aggiornamenti in tempo reale sul campionato Carnico\",\"potentialAction\":[{\"@type\":\"SearchAction\",\"target\":{\"@type\":\"EntryPoint\",\"urlTemplate\":\"https:\\\/\\\/2016.carnico.it\\\/blog\\\/?s={search_term_string}\"},\"query-input\":{\"@type\":\"PropertyValueSpecification\",\"valueRequired\":true,\"valueName\":\"search_term_string\"}}],\"inLanguage\":\"it-IT\"},{\"@type\":\"Person\",\"@id\":\"https:\\\/\\\/2016.carnico.it\\\/blog\\\/#\\\/schema\\\/person\\\/a68c764693d96df3238f123ea014e78c\",\"name\":\"Redazione\",\"image\":{\"@type\":\"ImageObject\",\"inLanguage\":\"it-IT\",\"@id\":\"https:\\\/\\\/secure.gravatar.com\\\/avatar\\\/6c05bd4dddbea475e283f76b4aa2d778ecb35c06fd92df5f6e0cac552163e2ac?s=96&d=mm&r=g\",\"url\":\"https:\\\/\\\/secure.gravatar.com\\\/avatar\\\/6c05bd4dddbea475e283f76b4aa2d778ecb35c06fd92df5f6e0cac552163e2ac?s=96&d=mm&r=g\",\"contentUrl\":\"https:\\\/\\\/secure.gravatar.com\\\/avatar\\\/6c05bd4dddbea475e283f76b4aa2d778ecb35c06fd92df5f6e0cac552163e2ac?s=96&d=mm&r=g\",\"caption\":\"Redazione\"},\"url\":\"https:\\\/\\\/2016.carnico.it\\\/blog\\\/author\\\/clyco-admin\\\/\"}]}<\/script>\n<!-- \/ Yoast SEO plugin. -->","yoast_head_json":{"title":"DI GLERIA E FORNASARIG SI DIMETTONO - Campionato Carnico 2016","robots":{"index":"index","follow":"follow","max-snippet":"max-snippet:-1","max-image-preview":"max-image-preview:large","max-video-preview":"max-video-preview:-1"},"canonical":"https:\/\/2016.carnico.it\/blog\/2013\/06\/27\/di-gleria-e-fornasarig-si-dimettono\/","og_locale":"it_IT","og_type":"article","og_title":"DI GLERIA E FORNASARIG SI DIMETTONO - Campionato Carnico 2016","og_description":"Sono due le panchine che cambieranno \u201cpadrone\u201d in Prima categoria. Giacomo Di Gleria della Velox e Stefano Fornasarig del Cedarchis, infatti, hanno presentato le loro dimissioni alle rispettive societ\u00e0. Scendendo nel dettaglio, appare evidente come la scelta di Di Gleria sia irrimediabilmente legata ai risultati (la Velox ha fatto 1 punto in 9 partite), mentre [&hellip;]","og_url":"https:\/\/2016.carnico.it\/blog\/2013\/06\/27\/di-gleria-e-fornasarig-si-dimettono\/","og_site_name":"Campionato Carnico 2016","article_publisher":"https:\/\/www.facebook.com\/campionatocarnico\/","article_published_time":"2013-06-27T17:30:34+00:00","og_image":[{"url":"\/\/www.carnico.it\/blog\/wp-content\/uploads\/2013\/06\/for.jpg","type":"","width":"","height":""}],"author":"Redazione","twitter_card":"summary_large_image","twitter_misc":{"Scritto da":"Redazione","Tempo di lettura stimato":"1 minuto"},"schema":{"@context":"https:\/\/schema.org","@graph":[{"@type":"Article","@id":"https:\/\/2016.carnico.it\/blog\/2013\/06\/27\/di-gleria-e-fornasarig-si-dimettono\/#article","isPartOf":{"@id":"https:\/\/2016.carnico.it\/blog\/2013\/06\/27\/di-gleria-e-fornasarig-si-dimettono\/"},"author":{"name":"Redazione","@id":"https:\/\/2016.carnico.it\/blog\/#\/schema\/person\/a68c764693d96df3238f123ea014e78c"},"headline":"DI GLERIA E FORNASARIG SI DIMETTONO","datePublished":"2013-06-27T17:30:34+00:00","mainEntityOfPage":{"@id":"https:\/\/2016.carnico.it\/blog\/2013\/06\/27\/di-gleria-e-fornasarig-si-dimettono\/"},"wordCount":136,"commentCount":0,"articleSection":["Carnico","Varie"],"inLanguage":"it-IT","potentialAction":[{"@type":"CommentAction","name":"Comment","target":["https:\/\/2016.carnico.it\/blog\/2013\/06\/27\/di-gleria-e-fornasarig-si-dimettono\/#respond"]}]},{"@type":"WebPage","@id":"https:\/\/2016.carnico.it\/blog\/2013\/06\/27\/di-gleria-e-fornasarig-si-dimettono\/","url":"https:\/\/2016.carnico.it\/blog\/2013\/06\/27\/di-gleria-e-fornasarig-si-dimettono\/","name":"DI GLERIA E FORNASARIG SI DIMETTONO - Campionato Carnico 2016","isPartOf":{"@id":"https:\/\/2016.carnico.it\/blog\/#website"},"datePublished":"2013-06-27T17:30:34+00:00","author":{"@id":"https:\/\/2016.carnico.it\/blog\/#\/schema\/person\/a68c764693d96df3238f123ea014e78c"},"breadcrumb":{"@id":"https:\/\/2016.carnico.it\/blog\/2013\/06\/27\/di-gleria-e-fornasarig-si-dimettono\/#breadcrumb"},"inLanguage":"it-IT","potentialAction":[{"@type":"ReadAction","target":["https:\/\/2016.carnico.it\/blog\/2013\/06\/27\/di-gleria-e-fornasarig-si-dimettono\/"]}]},{"@type":"BreadcrumbList","@id":"https:\/\/2016.carnico.it\/blog\/2013\/06\/27\/di-gleria-e-fornasarig-si-dimettono\/#breadcrumb","itemListElement":[{"@type":"ListItem","position":1,"name":"Home","item":"https:\/\/2016.carnico.it\/blog\/"},{"@type":"ListItem","position":2,"name":"DI GLERIA E FORNASARIG SI DIMETTONO"}]},{"@type":"WebSite","@id":"https:\/\/2016.carnico.it\/blog\/#website","url":"https:\/\/2016.carnico.it\/blog\/","name":"Campionato Carnico 2016","description":"Notizie e aggiornamenti in tempo reale sul campionato Carnico","potentialAction":[{"@type":"SearchAction","target":{"@type":"EntryPoint","urlTemplate":"https:\/\/2016.carnico.it\/blog\/?s={search_term_string}"},"query-input":{"@type":"PropertyValueSpecification","valueRequired":true,"valueName":"search_term_string"}}],"inLanguage":"it-IT"},{"@type":"Person","@id":"https:\/\/2016.carnico.it\/blog\/#\/schema\/person\/a68c764693d96df3238f123ea014e78c","name":"Redazione","image":{"@type":"ImageObject","inLanguage":"it-IT","@id":"https:\/\/secure.gravatar.com\/avatar\/6c05bd4dddbea475e283f76b4aa2d778ecb35c06fd92df5f6e0cac552163e2ac?s=96&d=mm&r=g","url":"https:\/\/secure.gravatar.com\/avatar\/6c05bd4dddbea475e283f76b4aa2d778ecb35c06fd92df5f6e0cac552163e2ac?s=96&d=mm&r=g","contentUrl":"https:\/\/secure.gravatar.com\/avatar\/6c05bd4dddbea475e283f76b4aa2d778ecb35c06fd92df5f6e0cac552163e2ac?s=96&d=mm&r=g","caption":"Redazione"},"url":"https:\/\/2016.carnico.it\/blog\/author\/clyco-admin\/"}]}},"_links":{"self":[{"href":"https:\/\/2016.carnico.it\/blog\/wp-json\/wp\/v2\/posts\/9127","targetHints":{"allow":["GET"]}}],"collection":[{"href":"https:\/\/2016.carnico.it\/blog\/wp-json\/wp\/v2\/posts"}],"about":[{"href":"https:\/\/2016.carnico.it\/blog\/wp-json\/wp\/v2\/types\/post"}],"author":[{"embeddable":true,"href":"https:\/\/2016.carnico.it\/blog\/wp-json\/wp\/v2\/users\/10"}],"replies":[{"embeddable":true,"href":"https:\/\/2016.carnico.it\/blog\/wp-json\/wp\/v2\/comments?post=9127"}],"version-history":[{"count":2,"href":"https:\/\/2016.carnico.it\/blog\/wp-json\/wp\/v2\/posts\/9127\/revisions"}],"predecessor-version":[{"id":9130,"href":"https:\/\/2016.carnico.it\/blog\/wp-json\/wp\/v2\/posts\/9127\/revisions\/9130"}],"wp:attachment":[{"href":"https:\/\/2016.carnico.it\/blog\/wp-json\/wp\/v2\/media?parent=9127"}],"wp:term":[{"taxonomy":"category","embeddable":true,"href":"https:\/\/2016.carnico.it\/blog\/wp-json\/wp\/v2\/categories?post=9127"},{"taxonomy":"post_tag","embeddable":true,"href":"https:\/\/2016.carnico.it\/blog\/wp-json\/wp\/v2\/tags?post=9127"}],"curies":[{"name":"wp","href":"https:\/\/api.w.org\/{rel}","templated":true}]}}