{"id":9122,"date":"2013-06-27T19:13:52","date_gmt":"2013-06-27T17:13:52","guid":{"rendered":"http:\/\/www.carnico.it\/blog\/?p=9122"},"modified":"2013-06-27T19:14:27","modified_gmt":"2013-06-27T17:14:27","slug":"nomi-nuovi-per-la-coppa","status":"publish","type":"post","link":"https:\/\/2016.carnico.it\/blog\/2013\/06\/27\/nomi-nuovi-per-la-coppa\/","title":{"rendered":"NOMI NUOVI PER LA COPPA"},"content":{"rendered":"<div id=\"attachment_9123\" style=\"width: 310px\" class=\"wp-caption alignleft\"><a href=\"\/\/www.carnico.it\/blog\/2013\/06\/27\/nomi-nuovi-per-la-coppa\/20130627140444-14d2828a-me\/\" rel=\"attachment wp-att-9123\"><img loading=\"lazy\" decoding=\"async\" aria-describedby=\"caption-attachment-9123\" class=\"size-medium wp-image-9123\" alt=\"Lancerotto porta il Villa in semifinale (foto A. Cella)\" src=\"\/\/www.carnico.it\/blog\/wp-content\/uploads\/2013\/06\/20130627140444-14d2828a-me-300x198.jpg\" width=\"300\" height=\"198\" srcset=\"https:\/\/2016.carnico.it\/blog\/wp-content\/uploads\/2013\/06\/20130627140444-14d2828a-me-300x198.jpg 300w, https:\/\/2016.carnico.it\/blog\/wp-content\/uploads\/2013\/06\/20130627140444-14d2828a-me-450x297.jpg 450w, https:\/\/2016.carnico.it\/blog\/wp-content\/uploads\/2013\/06\/20130627140444-14d2828a-me-630x416.jpg 630w, https:\/\/2016.carnico.it\/blog\/wp-content\/uploads\/2013\/06\/20130627140444-14d2828a-me.jpg 792w\" sizes=\"auto, (max-width: 300px) 100vw, 300px\" \/><\/a><p id=\"caption-attachment-9123\" class=\"wp-caption-text\">Lancerotto porta il Villa in semifinale (foto A. Cella)<\/p><\/div>\n<p>E\u2019 una Coppa nuova, per certi versi: diciamolo, dai, fa un certo effetto non leggere tra i nomi delle semifinaliste Ceadrchis e Real, per esempio, protagoniste della manifestazione nella quale si sono imposte 12 volte negli ultimi 17 anni (4 successi per il \u201cCeda\u201d, 8 per i biancorossi). La squadra che vincer\u00e0 lo far\u00e0 per dopo 31 anni (il Bordano che s\u2019impose nel 1982) oppure dopo 33 (il Cavazzo vinse nel 1979) o addirittura ci sar\u00e0 una prima volta, nel caso che a spuntarla fosse il Villa o la Pontebbana.<!--more--> Il dato \u00e8 interessante soprattutto perch\u00e9 ci sono ampi riscontri in campionato, dove Villa e Cavazzo volano, il Bordano \u00e8 la sorpresa della stagione e la Pontebbana (unica eccezione al trend) si sta comunque ritrovando dopo un inizio difficile. Tutte le partite sono vissute sul filo dell\u2019equilibrio, paradossalmente anche quella di Cavazzo, perch\u00e9 la Val del Lago, in inferiorit\u00e0 numerica, \u00e8 stata in partita sino a met\u00e0 ripresa, quando Sgobino ha infilato il terzo gol. Pontebbana e Paluzza sono andate ai rigori, il Villa ha vinto con uno dei pochissimi tiri in porta effettuati nei 90\u2019, mentre Bordano ed Ovarese hanno dato vita a quella che forse \u00e8 stata la sfida pi\u00f9 ricca dal punto di vista delle emozioni e degli spunti tecnici. L\u2019ha decisa Zoccolan (tre gol in 4 giorni all\u2019Ovarese!), a mio parere uno dei volti nuovi (per l\u2019alto rendimento) della stagione. Ed ora, aspettiamo luglio con le semifinali, preparandoci alla solita litania di polemiche sulla scelta delle sedi.<\/p>\n","protected":false},"excerpt":{"rendered":"<p>E\u2019 una Coppa nuova, per certi versi: diciamolo, dai, fa un certo effetto non leggere tra i nomi delle semifinaliste Ceadrchis e Real, per esempio, protagoniste della manifestazione nella quale si sono imposte 12 volte negli ultimi 17 anni (4 successi per il \u201cCeda\u201d, 8 per i biancorossi). La squadra che vincer\u00e0 lo far\u00e0 per [&hellip;]<\/p>\n","protected":false},"author":10,"featured_media":0,"comment_status":"open","ping_status":"closed","sticky":false,"template":"","format":"standard","meta":{"ngg_post_thumbnail":0,"footnotes":""},"categories":[3,6],"tags":[],"class_list":["post-9122","post","type-post","status-publish","format-standard","hentry","category-carnico","category-coppa-carnia"],"yoast_head":"<!-- This site is optimized with the Yoast SEO plugin v27.3 - https:\/\/yoast.com\/product\/yoast-seo-wordpress\/ -->\n<title>NOMI NUOVI PER LA COPPA - Campionato Carnico 2016<\/title>\n<meta name=\"robots\" content=\"index, follow, max-snippet:-1, max-image-preview:large, max-video-preview:-1\" \/>\n<link rel=\"canonical\" href=\"https:\/\/2016.carnico.it\/blog\/2013\/06\/27\/nomi-nuovi-per-la-coppa\/\" \/>\n<meta property=\"og:locale\" content=\"it_IT\" \/>\n<meta property=\"og:type\" content=\"article\" \/>\n<meta property=\"og:title\" content=\"NOMI NUOVI PER LA COPPA - Campionato Carnico 2016\" \/>\n<meta property=\"og:description\" content=\"E\u2019 una Coppa nuova, per certi versi: diciamolo, dai, fa un certo effetto non leggere tra i nomi delle semifinaliste Ceadrchis e Real, per esempio, protagoniste della manifestazione nella quale si sono imposte 12 volte negli ultimi 17 anni (4 successi per il \u201cCeda\u201d, 8 per i biancorossi). La squadra che vincer\u00e0 lo far\u00e0 per [&hellip;]\" \/>\n<meta property=\"og:url\" content=\"https:\/\/2016.carnico.it\/blog\/2013\/06\/27\/nomi-nuovi-per-la-coppa\/\" \/>\n<meta property=\"og:site_name\" content=\"Campionato Carnico 2016\" \/>\n<meta property=\"article:publisher\" content=\"https:\/\/www.facebook.com\/campionatocarnico\/\" \/>\n<meta property=\"article:published_time\" content=\"2013-06-27T17:13:52+00:00\" \/>\n<meta property=\"article:modified_time\" content=\"2013-06-27T17:14:27+00:00\" \/>\n<meta property=\"og:image\" content=\"\/\/www.carnico.it\/blog\/wp-content\/uploads\/2013\/06\/20130627140444-14d2828a-me-300x198.jpg\" \/>\n<meta name=\"author\" content=\"Redazione\" \/>\n<meta name=\"twitter:card\" content=\"summary_large_image\" \/>\n<meta name=\"twitter:label1\" content=\"Scritto da\" \/>\n\t<meta name=\"twitter:data1\" content=\"Redazione\" \/>\n\t<meta name=\"twitter:label2\" content=\"Tempo di lettura stimato\" \/>\n\t<meta name=\"twitter:data2\" content=\"1 minuto\" \/>\n<script type=\"application\/ld+json\" class=\"yoast-schema-graph\">{\"@context\":\"https:\\\/\\\/schema.org\",\"@graph\":[{\"@type\":\"Article\",\"@id\":\"https:\\\/\\\/2016.carnico.it\\\/blog\\\/2013\\\/06\\\/27\\\/nomi-nuovi-per-la-coppa\\\/#article\",\"isPartOf\":{\"@id\":\"https:\\\/\\\/2016.carnico.it\\\/blog\\\/2013\\\/06\\\/27\\\/nomi-nuovi-per-la-coppa\\\/\"},\"author\":{\"name\":\"Redazione\",\"@id\":\"https:\\\/\\\/2016.carnico.it\\\/blog\\\/#\\\/schema\\\/person\\\/a68c764693d96df3238f123ea014e78c\"},\"headline\":\"NOMI NUOVI PER LA COPPA\",\"datePublished\":\"2013-06-27T17:13:52+00:00\",\"dateModified\":\"2013-06-27T17:14:27+00:00\",\"mainEntityOfPage\":{\"@id\":\"https:\\\/\\\/2016.carnico.it\\\/blog\\\/2013\\\/06\\\/27\\\/nomi-nuovi-per-la-coppa\\\/\"},\"wordCount\":263,\"commentCount\":2,\"articleSection\":[\"Carnico\",\"Coppa Carnia\"],\"inLanguage\":\"it-IT\",\"potentialAction\":[{\"@type\":\"CommentAction\",\"name\":\"Comment\",\"target\":[\"https:\\\/\\\/2016.carnico.it\\\/blog\\\/2013\\\/06\\\/27\\\/nomi-nuovi-per-la-coppa\\\/#respond\"]}]},{\"@type\":\"WebPage\",\"@id\":\"https:\\\/\\\/2016.carnico.it\\\/blog\\\/2013\\\/06\\\/27\\\/nomi-nuovi-per-la-coppa\\\/\",\"url\":\"https:\\\/\\\/2016.carnico.it\\\/blog\\\/2013\\\/06\\\/27\\\/nomi-nuovi-per-la-coppa\\\/\",\"name\":\"NOMI NUOVI PER LA COPPA - Campionato Carnico 2016\",\"isPartOf\":{\"@id\":\"https:\\\/\\\/2016.carnico.it\\\/blog\\\/#website\"},\"datePublished\":\"2013-06-27T17:13:52+00:00\",\"dateModified\":\"2013-06-27T17:14:27+00:00\",\"author\":{\"@id\":\"https:\\\/\\\/2016.carnico.it\\\/blog\\\/#\\\/schema\\\/person\\\/a68c764693d96df3238f123ea014e78c\"},\"breadcrumb\":{\"@id\":\"https:\\\/\\\/2016.carnico.it\\\/blog\\\/2013\\\/06\\\/27\\\/nomi-nuovi-per-la-coppa\\\/#breadcrumb\"},\"inLanguage\":\"it-IT\",\"potentialAction\":[{\"@type\":\"ReadAction\",\"target\":[\"https:\\\/\\\/2016.carnico.it\\\/blog\\\/2013\\\/06\\\/27\\\/nomi-nuovi-per-la-coppa\\\/\"]}]},{\"@type\":\"BreadcrumbList\",\"@id\":\"https:\\\/\\\/2016.carnico.it\\\/blog\\\/2013\\\/06\\\/27\\\/nomi-nuovi-per-la-coppa\\\/#breadcrumb\",\"itemListElement\":[{\"@type\":\"ListItem\",\"position\":1,\"name\":\"Home\",\"item\":\"https:\\\/\\\/2016.carnico.it\\\/blog\\\/\"},{\"@type\":\"ListItem\",\"position\":2,\"name\":\"NOMI NUOVI PER LA COPPA\"}]},{\"@type\":\"WebSite\",\"@id\":\"https:\\\/\\\/2016.carnico.it\\\/blog\\\/#website\",\"url\":\"https:\\\/\\\/2016.carnico.it\\\/blog\\\/\",\"name\":\"Campionato Carnico 2016\",\"description\":\"Notizie e aggiornamenti in tempo reale sul campionato Carnico\",\"potentialAction\":[{\"@type\":\"SearchAction\",\"target\":{\"@type\":\"EntryPoint\",\"urlTemplate\":\"https:\\\/\\\/2016.carnico.it\\\/blog\\\/?s={search_term_string}\"},\"query-input\":{\"@type\":\"PropertyValueSpecification\",\"valueRequired\":true,\"valueName\":\"search_term_string\"}}],\"inLanguage\":\"it-IT\"},{\"@type\":\"Person\",\"@id\":\"https:\\\/\\\/2016.carnico.it\\\/blog\\\/#\\\/schema\\\/person\\\/a68c764693d96df3238f123ea014e78c\",\"name\":\"Redazione\",\"image\":{\"@type\":\"ImageObject\",\"inLanguage\":\"it-IT\",\"@id\":\"https:\\\/\\\/secure.gravatar.com\\\/avatar\\\/6c05bd4dddbea475e283f76b4aa2d778ecb35c06fd92df5f6e0cac552163e2ac?s=96&d=mm&r=g\",\"url\":\"https:\\\/\\\/secure.gravatar.com\\\/avatar\\\/6c05bd4dddbea475e283f76b4aa2d778ecb35c06fd92df5f6e0cac552163e2ac?s=96&d=mm&r=g\",\"contentUrl\":\"https:\\\/\\\/secure.gravatar.com\\\/avatar\\\/6c05bd4dddbea475e283f76b4aa2d778ecb35c06fd92df5f6e0cac552163e2ac?s=96&d=mm&r=g\",\"caption\":\"Redazione\"},\"url\":\"https:\\\/\\\/2016.carnico.it\\\/blog\\\/author\\\/clyco-admin\\\/\"}]}<\/script>\n<!-- \/ Yoast SEO plugin. -->","yoast_head_json":{"title":"NOMI NUOVI PER LA COPPA - Campionato Carnico 2016","robots":{"index":"index","follow":"follow","max-snippet":"max-snippet:-1","max-image-preview":"max-image-preview:large","max-video-preview":"max-video-preview:-1"},"canonical":"https:\/\/2016.carnico.it\/blog\/2013\/06\/27\/nomi-nuovi-per-la-coppa\/","og_locale":"it_IT","og_type":"article","og_title":"NOMI NUOVI PER LA COPPA - Campionato Carnico 2016","og_description":"E\u2019 una Coppa nuova, per certi versi: diciamolo, dai, fa un certo effetto non leggere tra i nomi delle semifinaliste Ceadrchis e Real, per esempio, protagoniste della manifestazione nella quale si sono imposte 12 volte negli ultimi 17 anni (4 successi per il \u201cCeda\u201d, 8 per i biancorossi). La squadra che vincer\u00e0 lo far\u00e0 per [&hellip;]","og_url":"https:\/\/2016.carnico.it\/blog\/2013\/06\/27\/nomi-nuovi-per-la-coppa\/","og_site_name":"Campionato Carnico 2016","article_publisher":"https:\/\/www.facebook.com\/campionatocarnico\/","article_published_time":"2013-06-27T17:13:52+00:00","article_modified_time":"2013-06-27T17:14:27+00:00","og_image":[{"url":"\/\/www.carnico.it\/blog\/wp-content\/uploads\/2013\/06\/20130627140444-14d2828a-me-300x198.jpg","type":"","width":"","height":""}],"author":"Redazione","twitter_card":"summary_large_image","twitter_misc":{"Scritto da":"Redazione","Tempo di lettura stimato":"1 minuto"},"schema":{"@context":"https:\/\/schema.org","@graph":[{"@type":"Article","@id":"https:\/\/2016.carnico.it\/blog\/2013\/06\/27\/nomi-nuovi-per-la-coppa\/#article","isPartOf":{"@id":"https:\/\/2016.carnico.it\/blog\/2013\/06\/27\/nomi-nuovi-per-la-coppa\/"},"author":{"name":"Redazione","@id":"https:\/\/2016.carnico.it\/blog\/#\/schema\/person\/a68c764693d96df3238f123ea014e78c"},"headline":"NOMI NUOVI PER LA COPPA","datePublished":"2013-06-27T17:13:52+00:00","dateModified":"2013-06-27T17:14:27+00:00","mainEntityOfPage":{"@id":"https:\/\/2016.carnico.it\/blog\/2013\/06\/27\/nomi-nuovi-per-la-coppa\/"},"wordCount":263,"commentCount":2,"articleSection":["Carnico","Coppa Carnia"],"inLanguage":"it-IT","potentialAction":[{"@type":"CommentAction","name":"Comment","target":["https:\/\/2016.carnico.it\/blog\/2013\/06\/27\/nomi-nuovi-per-la-coppa\/#respond"]}]},{"@type":"WebPage","@id":"https:\/\/2016.carnico.it\/blog\/2013\/06\/27\/nomi-nuovi-per-la-coppa\/","url":"https:\/\/2016.carnico.it\/blog\/2013\/06\/27\/nomi-nuovi-per-la-coppa\/","name":"NOMI NUOVI PER LA COPPA - Campionato Carnico 2016","isPartOf":{"@id":"https:\/\/2016.carnico.it\/blog\/#website"},"datePublished":"2013-06-27T17:13:52+00:00","dateModified":"2013-06-27T17:14:27+00:00","author":{"@id":"https:\/\/2016.carnico.it\/blog\/#\/schema\/person\/a68c764693d96df3238f123ea014e78c"},"breadcrumb":{"@id":"https:\/\/2016.carnico.it\/blog\/2013\/06\/27\/nomi-nuovi-per-la-coppa\/#breadcrumb"},"inLanguage":"it-IT","potentialAction":[{"@type":"ReadAction","target":["https:\/\/2016.carnico.it\/blog\/2013\/06\/27\/nomi-nuovi-per-la-coppa\/"]}]},{"@type":"BreadcrumbList","@id":"https:\/\/2016.carnico.it\/blog\/2013\/06\/27\/nomi-nuovi-per-la-coppa\/#breadcrumb","itemListElement":[{"@type":"ListItem","position":1,"name":"Home","item":"https:\/\/2016.carnico.it\/blog\/"},{"@type":"ListItem","position":2,"name":"NOMI NUOVI PER LA COPPA"}]},{"@type":"WebSite","@id":"https:\/\/2016.carnico.it\/blog\/#website","url":"https:\/\/2016.carnico.it\/blog\/","name":"Campionato Carnico 2016","description":"Notizie e aggiornamenti in tempo reale sul campionato Carnico","potentialAction":[{"@type":"SearchAction","target":{"@type":"EntryPoint","urlTemplate":"https:\/\/2016.carnico.it\/blog\/?s={search_term_string}"},"query-input":{"@type":"PropertyValueSpecification","valueRequired":true,"valueName":"search_term_string"}}],"inLanguage":"it-IT"},{"@type":"Person","@id":"https:\/\/2016.carnico.it\/blog\/#\/schema\/person\/a68c764693d96df3238f123ea014e78c","name":"Redazione","image":{"@type":"ImageObject","inLanguage":"it-IT","@id":"https:\/\/secure.gravatar.com\/avatar\/6c05bd4dddbea475e283f76b4aa2d778ecb35c06fd92df5f6e0cac552163e2ac?s=96&d=mm&r=g","url":"https:\/\/secure.gravatar.com\/avatar\/6c05bd4dddbea475e283f76b4aa2d778ecb35c06fd92df5f6e0cac552163e2ac?s=96&d=mm&r=g","contentUrl":"https:\/\/secure.gravatar.com\/avatar\/6c05bd4dddbea475e283f76b4aa2d778ecb35c06fd92df5f6e0cac552163e2ac?s=96&d=mm&r=g","caption":"Redazione"},"url":"https:\/\/2016.carnico.it\/blog\/author\/clyco-admin\/"}]}},"_links":{"self":[{"href":"https:\/\/2016.carnico.it\/blog\/wp-json\/wp\/v2\/posts\/9122","targetHints":{"allow":["GET"]}}],"collection":[{"href":"https:\/\/2016.carnico.it\/blog\/wp-json\/wp\/v2\/posts"}],"about":[{"href":"https:\/\/2016.carnico.it\/blog\/wp-json\/wp\/v2\/types\/post"}],"author":[{"embeddable":true,"href":"https:\/\/2016.carnico.it\/blog\/wp-json\/wp\/v2\/users\/10"}],"replies":[{"embeddable":true,"href":"https:\/\/2016.carnico.it\/blog\/wp-json\/wp\/v2\/comments?post=9122"}],"version-history":[{"count":3,"href":"https:\/\/2016.carnico.it\/blog\/wp-json\/wp\/v2\/posts\/9122\/revisions"}],"predecessor-version":[{"id":9126,"href":"https:\/\/2016.carnico.it\/blog\/wp-json\/wp\/v2\/posts\/9122\/revisions\/9126"}],"wp:attachment":[{"href":"https:\/\/2016.carnico.it\/blog\/wp-json\/wp\/v2\/media?parent=9122"}],"wp:term":[{"taxonomy":"category","embeddable":true,"href":"https:\/\/2016.carnico.it\/blog\/wp-json\/wp\/v2\/categories?post=9122"},{"taxonomy":"post_tag","embeddable":true,"href":"https:\/\/2016.carnico.it\/blog\/wp-json\/wp\/v2\/tags?post=9122"}],"curies":[{"name":"wp","href":"https:\/\/api.w.org\/{rel}","templated":true}]}}