{"id":8995,"date":"2013-06-15T15:44:04","date_gmt":"2013-06-15T13:44:04","guid":{"rendered":"http:\/\/www.carnico.it\/blog\/?p=8995"},"modified":"2013-06-15T15:44:04","modified_gmt":"2013-06-15T13:44:04","slug":"a-enemonzo-si-parla-di-vita","status":"publish","type":"post","link":"https:\/\/2016.carnico.it\/blog\/2013\/06\/15\/a-enemonzo-si-parla-di-vita\/","title":{"rendered":"A ENEMONZO SI PARLA DI &#8230; VITA!"},"content":{"rendered":"<p><strong><a href=\"\/\/www.carnico.it\/blog\/2013\/06\/15\/a-enemonzo-si-parla-di-vita\/logo\/\" rel=\"attachment wp-att-8998\"><img loading=\"lazy\" decoding=\"async\" class=\"alignleft size-full wp-image-8998\" alt=\"logo\" src=\"\/\/www.carnico.it\/blog\/wp-content\/uploads\/2013\/06\/logo.jpeg\" width=\"116\" height=\"224\" \/><\/a>Sabato 22 giugno, presso il Centro Sociale di Enemonzo dalle ore 20.30<\/strong>, si parler\u00e0 di solidariet\u00e0. La serata sar\u00e0 caratterizzata da un incontro medico-informativo sul Dono, in particolare di Sangue, Midollo Osseo ed Organi; la Dottoressa Gallizia Cristiana, Responsabile del Centro Trasfusionale di Tolmezzo offrir\u00e0 ai presenti un contributo medico sulle tre distinte tipologie di dono, relazionando sull\u2019importanza del dono in prospettiva di curare malattie o problematiche oltremodo irreversibili, che saranno anch\u2019esse descritte; saranno inoltre illustrate le metodologie di dono, in merito agli aspetti tecnici e formali. Contribuiranno con interventi esplicativi rappresentanti istituzionali, quali presidenti di zona o membri, delle tre Associazioni in oggetto alla serata: AFDS (Associazione Friulana Donatori Sangue), ADMO (Associazione Donatori Midollo Osseo) e ADO (Associazione Donatori Organi). <!--more-->Numerosi spazi saranno lasciati ai presenti per permettere di rivolgere ai relatori quesiti di qualsiasi genere inerenti ai temi presentati. Scopo della serata \u00e8 sensibilizzare le persone al Dono, illustrando loro metodologie e scopi, nonch\u00e9 attivit\u00e0 e finalit\u00e0 delle Associazioni interessate. Raramente le serata informative prevedono il contributo delle tre distinte Associazioni, ma questo \u00e8 stato pensato in quanto si vuole sensibilizzare le persone non su un argomento specifico, ma sulla mentalit\u00e0 delle persone, sull\u2019approccio al Dono &#8220;diffuso&#8221;; deve servire inoltre per dare informazioni puntali su argomenti che ancora troppo spesso non sono ben conosciuti, ma anzi godono tutt&#8217;oggi di una cattiva fama, grazie ad una errata informazione fermata agli albori di queste Associazioni, quando ancora le tecnologie e le prassi operativi non garantivano la sicurezza e la qualit\u00e0 che invece al giorno d\u2019oggi possiamo disporre (e qua mi riferisco in particolare alla donazione di Midollo Osseo e di Organi).<\/p>\n","protected":false},"excerpt":{"rendered":"<p>Sabato 22 giugno, presso il Centro Sociale di Enemonzo dalle ore 20.30, si parler\u00e0 di solidariet\u00e0. La serata sar\u00e0 caratterizzata da un incontro medico-informativo sul Dono, in particolare di Sangue, Midollo Osseo ed Organi; la Dottoressa Gallizia Cristiana, Responsabile del Centro Trasfusionale di Tolmezzo offrir\u00e0 ai presenti un contributo medico sulle tre distinte tipologie di [&hellip;]<\/p>\n","protected":false},"author":10,"featured_media":0,"comment_status":"open","ping_status":"closed","sticky":false,"template":"","format":"standard","meta":{"ngg_post_thumbnail":0,"footnotes":""},"categories":[3],"tags":[],"class_list":["post-8995","post","type-post","status-publish","format-standard","hentry","category-carnico"],"yoast_head":"<!-- This site is optimized with the Yoast SEO plugin v27.3 - https:\/\/yoast.com\/product\/yoast-seo-wordpress\/ -->\n<title>A ENEMONZO SI PARLA DI ... VITA! - Campionato Carnico 2016<\/title>\n<meta name=\"robots\" content=\"index, follow, max-snippet:-1, max-image-preview:large, max-video-preview:-1\" \/>\n<link rel=\"canonical\" href=\"https:\/\/2016.carnico.it\/blog\/2013\/06\/15\/a-enemonzo-si-parla-di-vita\/\" \/>\n<meta property=\"og:locale\" content=\"it_IT\" \/>\n<meta property=\"og:type\" content=\"article\" \/>\n<meta property=\"og:title\" content=\"A ENEMONZO SI PARLA DI ... VITA! - Campionato Carnico 2016\" \/>\n<meta property=\"og:description\" content=\"Sabato 22 giugno, presso il Centro Sociale di Enemonzo dalle ore 20.30, si parler\u00e0 di solidariet\u00e0. La serata sar\u00e0 caratterizzata da un incontro medico-informativo sul Dono, in particolare di Sangue, Midollo Osseo ed Organi; la Dottoressa Gallizia Cristiana, Responsabile del Centro Trasfusionale di Tolmezzo offrir\u00e0 ai presenti un contributo medico sulle tre distinte tipologie di [&hellip;]\" \/>\n<meta property=\"og:url\" content=\"https:\/\/2016.carnico.it\/blog\/2013\/06\/15\/a-enemonzo-si-parla-di-vita\/\" \/>\n<meta property=\"og:site_name\" content=\"Campionato Carnico 2016\" \/>\n<meta property=\"article:publisher\" content=\"https:\/\/www.facebook.com\/campionatocarnico\/\" \/>\n<meta property=\"article:published_time\" content=\"2013-06-15T13:44:04+00:00\" \/>\n<meta property=\"og:image\" content=\"\/\/www.carnico.it\/blog\/wp-content\/uploads\/2013\/06\/logo.jpeg\" \/>\n<meta name=\"author\" content=\"Redazione\" \/>\n<meta name=\"twitter:card\" content=\"summary_large_image\" \/>\n<meta name=\"twitter:label1\" content=\"Scritto da\" \/>\n\t<meta name=\"twitter:data1\" content=\"Redazione\" \/>\n\t<meta name=\"twitter:label2\" content=\"Tempo di lettura stimato\" \/>\n\t<meta name=\"twitter:data2\" content=\"1 minuto\" \/>\n<script type=\"application\/ld+json\" class=\"yoast-schema-graph\">{\"@context\":\"https:\\\/\\\/schema.org\",\"@graph\":[{\"@type\":\"Article\",\"@id\":\"https:\\\/\\\/2016.carnico.it\\\/blog\\\/2013\\\/06\\\/15\\\/a-enemonzo-si-parla-di-vita\\\/#article\",\"isPartOf\":{\"@id\":\"https:\\\/\\\/2016.carnico.it\\\/blog\\\/2013\\\/06\\\/15\\\/a-enemonzo-si-parla-di-vita\\\/\"},\"author\":{\"name\":\"Redazione\",\"@id\":\"https:\\\/\\\/2016.carnico.it\\\/blog\\\/#\\\/schema\\\/person\\\/a68c764693d96df3238f123ea014e78c\"},\"headline\":\"A ENEMONZO SI PARLA DI &#8230; VITA!\",\"datePublished\":\"2013-06-15T13:44:04+00:00\",\"mainEntityOfPage\":{\"@id\":\"https:\\\/\\\/2016.carnico.it\\\/blog\\\/2013\\\/06\\\/15\\\/a-enemonzo-si-parla-di-vita\\\/\"},\"wordCount\":278,\"commentCount\":0,\"articleSection\":[\"Carnico\"],\"inLanguage\":\"it-IT\",\"potentialAction\":[{\"@type\":\"CommentAction\",\"name\":\"Comment\",\"target\":[\"https:\\\/\\\/2016.carnico.it\\\/blog\\\/2013\\\/06\\\/15\\\/a-enemonzo-si-parla-di-vita\\\/#respond\"]}]},{\"@type\":\"WebPage\",\"@id\":\"https:\\\/\\\/2016.carnico.it\\\/blog\\\/2013\\\/06\\\/15\\\/a-enemonzo-si-parla-di-vita\\\/\",\"url\":\"https:\\\/\\\/2016.carnico.it\\\/blog\\\/2013\\\/06\\\/15\\\/a-enemonzo-si-parla-di-vita\\\/\",\"name\":\"A ENEMONZO SI PARLA DI ... VITA! - Campionato Carnico 2016\",\"isPartOf\":{\"@id\":\"https:\\\/\\\/2016.carnico.it\\\/blog\\\/#website\"},\"datePublished\":\"2013-06-15T13:44:04+00:00\",\"author\":{\"@id\":\"https:\\\/\\\/2016.carnico.it\\\/blog\\\/#\\\/schema\\\/person\\\/a68c764693d96df3238f123ea014e78c\"},\"breadcrumb\":{\"@id\":\"https:\\\/\\\/2016.carnico.it\\\/blog\\\/2013\\\/06\\\/15\\\/a-enemonzo-si-parla-di-vita\\\/#breadcrumb\"},\"inLanguage\":\"it-IT\",\"potentialAction\":[{\"@type\":\"ReadAction\",\"target\":[\"https:\\\/\\\/2016.carnico.it\\\/blog\\\/2013\\\/06\\\/15\\\/a-enemonzo-si-parla-di-vita\\\/\"]}]},{\"@type\":\"BreadcrumbList\",\"@id\":\"https:\\\/\\\/2016.carnico.it\\\/blog\\\/2013\\\/06\\\/15\\\/a-enemonzo-si-parla-di-vita\\\/#breadcrumb\",\"itemListElement\":[{\"@type\":\"ListItem\",\"position\":1,\"name\":\"Home\",\"item\":\"https:\\\/\\\/2016.carnico.it\\\/blog\\\/\"},{\"@type\":\"ListItem\",\"position\":2,\"name\":\"A ENEMONZO SI PARLA DI &#8230; VITA!\"}]},{\"@type\":\"WebSite\",\"@id\":\"https:\\\/\\\/2016.carnico.it\\\/blog\\\/#website\",\"url\":\"https:\\\/\\\/2016.carnico.it\\\/blog\\\/\",\"name\":\"Campionato Carnico 2016\",\"description\":\"Notizie e aggiornamenti in tempo reale sul campionato Carnico\",\"potentialAction\":[{\"@type\":\"SearchAction\",\"target\":{\"@type\":\"EntryPoint\",\"urlTemplate\":\"https:\\\/\\\/2016.carnico.it\\\/blog\\\/?s={search_term_string}\"},\"query-input\":{\"@type\":\"PropertyValueSpecification\",\"valueRequired\":true,\"valueName\":\"search_term_string\"}}],\"inLanguage\":\"it-IT\"},{\"@type\":\"Person\",\"@id\":\"https:\\\/\\\/2016.carnico.it\\\/blog\\\/#\\\/schema\\\/person\\\/a68c764693d96df3238f123ea014e78c\",\"name\":\"Redazione\",\"image\":{\"@type\":\"ImageObject\",\"inLanguage\":\"it-IT\",\"@id\":\"https:\\\/\\\/secure.gravatar.com\\\/avatar\\\/6c05bd4dddbea475e283f76b4aa2d778ecb35c06fd92df5f6e0cac552163e2ac?s=96&d=mm&r=g\",\"url\":\"https:\\\/\\\/secure.gravatar.com\\\/avatar\\\/6c05bd4dddbea475e283f76b4aa2d778ecb35c06fd92df5f6e0cac552163e2ac?s=96&d=mm&r=g\",\"contentUrl\":\"https:\\\/\\\/secure.gravatar.com\\\/avatar\\\/6c05bd4dddbea475e283f76b4aa2d778ecb35c06fd92df5f6e0cac552163e2ac?s=96&d=mm&r=g\",\"caption\":\"Redazione\"},\"url\":\"https:\\\/\\\/2016.carnico.it\\\/blog\\\/author\\\/clyco-admin\\\/\"}]}<\/script>\n<!-- \/ Yoast SEO plugin. -->","yoast_head_json":{"title":"A ENEMONZO SI PARLA DI ... VITA! - Campionato Carnico 2016","robots":{"index":"index","follow":"follow","max-snippet":"max-snippet:-1","max-image-preview":"max-image-preview:large","max-video-preview":"max-video-preview:-1"},"canonical":"https:\/\/2016.carnico.it\/blog\/2013\/06\/15\/a-enemonzo-si-parla-di-vita\/","og_locale":"it_IT","og_type":"article","og_title":"A ENEMONZO SI PARLA DI ... VITA! - Campionato Carnico 2016","og_description":"Sabato 22 giugno, presso il Centro Sociale di Enemonzo dalle ore 20.30, si parler\u00e0 di solidariet\u00e0. La serata sar\u00e0 caratterizzata da un incontro medico-informativo sul Dono, in particolare di Sangue, Midollo Osseo ed Organi; la Dottoressa Gallizia Cristiana, Responsabile del Centro Trasfusionale di Tolmezzo offrir\u00e0 ai presenti un contributo medico sulle tre distinte tipologie di [&hellip;]","og_url":"https:\/\/2016.carnico.it\/blog\/2013\/06\/15\/a-enemonzo-si-parla-di-vita\/","og_site_name":"Campionato Carnico 2016","article_publisher":"https:\/\/www.facebook.com\/campionatocarnico\/","article_published_time":"2013-06-15T13:44:04+00:00","og_image":[{"url":"\/\/www.carnico.it\/blog\/wp-content\/uploads\/2013\/06\/logo.jpeg","type":"","width":"","height":""}],"author":"Redazione","twitter_card":"summary_large_image","twitter_misc":{"Scritto da":"Redazione","Tempo di lettura stimato":"1 minuto"},"schema":{"@context":"https:\/\/schema.org","@graph":[{"@type":"Article","@id":"https:\/\/2016.carnico.it\/blog\/2013\/06\/15\/a-enemonzo-si-parla-di-vita\/#article","isPartOf":{"@id":"https:\/\/2016.carnico.it\/blog\/2013\/06\/15\/a-enemonzo-si-parla-di-vita\/"},"author":{"name":"Redazione","@id":"https:\/\/2016.carnico.it\/blog\/#\/schema\/person\/a68c764693d96df3238f123ea014e78c"},"headline":"A ENEMONZO SI PARLA DI &#8230; VITA!","datePublished":"2013-06-15T13:44:04+00:00","mainEntityOfPage":{"@id":"https:\/\/2016.carnico.it\/blog\/2013\/06\/15\/a-enemonzo-si-parla-di-vita\/"},"wordCount":278,"commentCount":0,"articleSection":["Carnico"],"inLanguage":"it-IT","potentialAction":[{"@type":"CommentAction","name":"Comment","target":["https:\/\/2016.carnico.it\/blog\/2013\/06\/15\/a-enemonzo-si-parla-di-vita\/#respond"]}]},{"@type":"WebPage","@id":"https:\/\/2016.carnico.it\/blog\/2013\/06\/15\/a-enemonzo-si-parla-di-vita\/","url":"https:\/\/2016.carnico.it\/blog\/2013\/06\/15\/a-enemonzo-si-parla-di-vita\/","name":"A ENEMONZO SI PARLA DI ... VITA! - Campionato Carnico 2016","isPartOf":{"@id":"https:\/\/2016.carnico.it\/blog\/#website"},"datePublished":"2013-06-15T13:44:04+00:00","author":{"@id":"https:\/\/2016.carnico.it\/blog\/#\/schema\/person\/a68c764693d96df3238f123ea014e78c"},"breadcrumb":{"@id":"https:\/\/2016.carnico.it\/blog\/2013\/06\/15\/a-enemonzo-si-parla-di-vita\/#breadcrumb"},"inLanguage":"it-IT","potentialAction":[{"@type":"ReadAction","target":["https:\/\/2016.carnico.it\/blog\/2013\/06\/15\/a-enemonzo-si-parla-di-vita\/"]}]},{"@type":"BreadcrumbList","@id":"https:\/\/2016.carnico.it\/blog\/2013\/06\/15\/a-enemonzo-si-parla-di-vita\/#breadcrumb","itemListElement":[{"@type":"ListItem","position":1,"name":"Home","item":"https:\/\/2016.carnico.it\/blog\/"},{"@type":"ListItem","position":2,"name":"A ENEMONZO SI PARLA DI &#8230; VITA!"}]},{"@type":"WebSite","@id":"https:\/\/2016.carnico.it\/blog\/#website","url":"https:\/\/2016.carnico.it\/blog\/","name":"Campionato Carnico 2016","description":"Notizie e aggiornamenti in tempo reale sul campionato Carnico","potentialAction":[{"@type":"SearchAction","target":{"@type":"EntryPoint","urlTemplate":"https:\/\/2016.carnico.it\/blog\/?s={search_term_string}"},"query-input":{"@type":"PropertyValueSpecification","valueRequired":true,"valueName":"search_term_string"}}],"inLanguage":"it-IT"},{"@type":"Person","@id":"https:\/\/2016.carnico.it\/blog\/#\/schema\/person\/a68c764693d96df3238f123ea014e78c","name":"Redazione","image":{"@type":"ImageObject","inLanguage":"it-IT","@id":"https:\/\/secure.gravatar.com\/avatar\/6c05bd4dddbea475e283f76b4aa2d778ecb35c06fd92df5f6e0cac552163e2ac?s=96&d=mm&r=g","url":"https:\/\/secure.gravatar.com\/avatar\/6c05bd4dddbea475e283f76b4aa2d778ecb35c06fd92df5f6e0cac552163e2ac?s=96&d=mm&r=g","contentUrl":"https:\/\/secure.gravatar.com\/avatar\/6c05bd4dddbea475e283f76b4aa2d778ecb35c06fd92df5f6e0cac552163e2ac?s=96&d=mm&r=g","caption":"Redazione"},"url":"https:\/\/2016.carnico.it\/blog\/author\/clyco-admin\/"}]}},"_links":{"self":[{"href":"https:\/\/2016.carnico.it\/blog\/wp-json\/wp\/v2\/posts\/8995","targetHints":{"allow":["GET"]}}],"collection":[{"href":"https:\/\/2016.carnico.it\/blog\/wp-json\/wp\/v2\/posts"}],"about":[{"href":"https:\/\/2016.carnico.it\/blog\/wp-json\/wp\/v2\/types\/post"}],"author":[{"embeddable":true,"href":"https:\/\/2016.carnico.it\/blog\/wp-json\/wp\/v2\/users\/10"}],"replies":[{"embeddable":true,"href":"https:\/\/2016.carnico.it\/blog\/wp-json\/wp\/v2\/comments?post=8995"}],"version-history":[{"count":2,"href":"https:\/\/2016.carnico.it\/blog\/wp-json\/wp\/v2\/posts\/8995\/revisions"}],"predecessor-version":[{"id":9000,"href":"https:\/\/2016.carnico.it\/blog\/wp-json\/wp\/v2\/posts\/8995\/revisions\/9000"}],"wp:attachment":[{"href":"https:\/\/2016.carnico.it\/blog\/wp-json\/wp\/v2\/media?parent=8995"}],"wp:term":[{"taxonomy":"category","embeddable":true,"href":"https:\/\/2016.carnico.it\/blog\/wp-json\/wp\/v2\/categories?post=8995"},{"taxonomy":"post_tag","embeddable":true,"href":"https:\/\/2016.carnico.it\/blog\/wp-json\/wp\/v2\/tags?post=8995"}],"curies":[{"name":"wp","href":"https:\/\/api.w.org\/{rel}","templated":true}]}}