{"id":8874,"date":"2013-06-02T22:29:24","date_gmt":"2013-06-02T20:29:24","guid":{"rendered":"http:\/\/www.carnico.it\/blog\/?p=8874"},"modified":"2013-06-02T22:40:13","modified_gmt":"2013-06-02T20:40:13","slug":"chicci-di-carnico-2","status":"publish","type":"post","link":"https:\/\/2016.carnico.it\/blog\/2013\/06\/02\/chicci-di-carnico-2\/","title":{"rendered":"CHICCHI DI CARNICO"},"content":{"rendered":"<div id=\"attachment_8875\" style=\"width: 221px\" class=\"wp-caption alignleft\"><a href=\"\/\/www.carnico.it\/blog\/2013\/06\/02\/chicci-di-carnico-2\/kravanja-2\/\" rel=\"attachment wp-att-8875\"><img loading=\"lazy\" decoding=\"async\" aria-describedby=\"caption-attachment-8875\" class=\"size-medium wp-image-8875\" alt=\"Andrea Kravanja vicino ad una Ferrari.\" src=\"\/\/www.carnico.it\/blog\/wp-content\/uploads\/2013\/06\/KRAVANJA-211x250.jpg\" width=\"211\" height=\"250\" srcset=\"https:\/\/2016.carnico.it\/blog\/wp-content\/uploads\/2013\/06\/KRAVANJA-211x250.jpg 211w, https:\/\/2016.carnico.it\/blog\/wp-content\/uploads\/2013\/06\/KRAVANJA-380x450.jpg 380w, https:\/\/2016.carnico.it\/blog\/wp-content\/uploads\/2013\/06\/KRAVANJA.jpg 485w\" sizes=\"auto, (max-width: 211px) 100vw, 211px\" \/><\/a><p id=\"caption-attachment-8875\" class=\"wp-caption-text\">Andrea Kravanja vicino ad una Ferrari.<\/p><\/div>\n<p><strong>*<\/strong> Dopo tre anni esatti di assenza dai campi di calcio, <strong>Andrea Kravanja<\/strong> torna tra i pali della porta del Malborghetto, complici qualche infortunio e l\u2019emozionante esperienza lavorativa nel mondo della Formula 1. L\u2019ultima volta era stata nel maggio del 2010, proprio contro il Timaucleulis. Fin\u00ec 3 a 0 per i timavesi. Il rientro avviene ancora contro il Timaucleulis ed anche stavolta va male ad Andrea, col suo Malborghetto che perde di nuovo, complice anche un suo intervento maldestro sul gol che decide il match. Intanto, ben tornato Andrea, questa ci sembra la cosa pi\u00f9 importante!<!--more--><\/p>\n<p><strong>*\u00a0<\/strong> E\u2019 stata la grande giornata degli <strong>ex<\/strong>: domenica di gloria per molti calciatori che negli scorsi anni hanno militato nelle squadre che domenica scorsa hanno castigato: Stefano Vidoni e Vincenzo Radina alla Velox, Nimis al Trasaghis, Montina all\u2019Illegiana, Roberto Cappellari all\u2019Audax.<br \/>\n<strong>* <\/strong>A proposito di Roberto <strong>Cappellari,<\/strong> scontro fratricida in Ancora \u2013 Audax. I fratelli Cappellari non solo si sono sfidati, ma anzi uno (<strong>Matteo<\/strong>) ha marcato l\u2019altro (<strong>Roberto<\/strong>). Matteo \u00e8 entrato i campo nella ripresa, quando il fratello Roberto aveva per\u00f2 gi\u00e0 segnato. A detta di molti, il derby in famiglia l\u2019ha vinto Matteo che ha annullato Roberto. Chiss\u00e0 per chi avr\u00e0 tifato mamma Paola?<br \/>\n<strong>*<\/strong> Nella domenica del derby e degli <strong>ex<\/strong>, curiosa coincidenza tra la sconfitta dei <strong>Mobilieri<\/strong> e i tanti gol realizzati da giocatori che in passato hanno vestito la mitica maglia gialla col maggiolino sul petto. Ecco la lista dei sutriesi sparsi per il Carnico che hanno segnato: Lancerotto, Gabriele Nodale, Lorenzo Nodale, Schiratti, Belgrado, Stefano Marsilio, Danil Selenati, Alessio Straulino e Manuel Moro.<\/p>\n<p><strong>*<\/strong> Derby, derby e ancora derby: <strong>Cristian Zamparo<\/strong> (detto \u201cPissul\u201d), un ex giocatore del Paluzza, che ora vive a Padova, tramite il nostro sito ha appreso della vittoria nel derby dei nerazzurri contro il Sutrio e mi ha spedito questo messaggio su Facebook: <em>Io e Nicola De Cillia,dopo un derby vinto in trasferta, abbiamo pensato bene di fermarci a Sutrio a festeggiare. Risultato? Il \u201cNic\u201d \u00e8 stato mollato dalla morosa e se non era per mio fratello, io ero ancora in giro per Sutrio! Te lo ricordi Max quel derby? Luigi Clara allo scadere &#8230;<\/em> E\u2019 proprio vero che i derby non finiscono mai \u2026<\/p>\n<p><strong>*<\/strong> Meno male che non c\u2019\u00e8 pi\u00f9 \u201cCarnicomix\u201d, la rubrica de \u201cIl Gazzettino\u201d che qualche anno fa prendeva in giro i cronisti di \u201cA tutto Carnico\u201d per le papere pi\u00f9 o meno clamorose. Il <strong>sottoscritto<\/strong>, nella diretta da Illegio, ha attribuito a Montina il rigore tirato invece da Colavizza. E il bello \u00e8 che non si \u00e8 trattato di un lapsus, ma di una ferma convinzione, stroncata da una opportuna telefonata del dirigente viola Antonio Sferragatta che avvisava l\u2019autore dell\u2019errore.<\/p>\n","protected":false},"excerpt":{"rendered":"<p>* Dopo tre anni esatti di assenza dai campi di calcio, Andrea Kravanja torna tra i pali della porta del Malborghetto, complici qualche infortunio e l\u2019emozionante esperienza lavorativa nel mondo della Formula 1. L\u2019ultima volta era stata nel maggio del 2010, proprio contro il Timaucleulis. Fin\u00ec 3 a 0 per i timavesi. Il rientro avviene [&hellip;]<\/p>\n","protected":false},"author":10,"featured_media":0,"comment_status":"open","ping_status":"closed","sticky":false,"template":"","format":"standard","meta":{"ngg_post_thumbnail":0,"footnotes":""},"categories":[3,1],"tags":[],"class_list":["post-8874","post","type-post","status-publish","format-standard","hentry","category-carnico","category-commento-campionato"],"yoast_head":"<!-- This site is optimized with the Yoast SEO plugin v27.3 - https:\/\/yoast.com\/product\/yoast-seo-wordpress\/ -->\n<title>CHICCHI DI CARNICO - Campionato Carnico 2016<\/title>\n<meta name=\"robots\" content=\"index, follow, max-snippet:-1, max-image-preview:large, max-video-preview:-1\" \/>\n<link rel=\"canonical\" href=\"https:\/\/2016.carnico.it\/blog\/2013\/06\/02\/chicci-di-carnico-2\/\" \/>\n<meta property=\"og:locale\" content=\"it_IT\" \/>\n<meta property=\"og:type\" content=\"article\" \/>\n<meta property=\"og:title\" content=\"CHICCHI DI CARNICO - Campionato Carnico 2016\" \/>\n<meta property=\"og:description\" content=\"* Dopo tre anni esatti di assenza dai campi di calcio, Andrea Kravanja torna tra i pali della porta del Malborghetto, complici qualche infortunio e l\u2019emozionante esperienza lavorativa nel mondo della Formula 1. L\u2019ultima volta era stata nel maggio del 2010, proprio contro il Timaucleulis. Fin\u00ec 3 a 0 per i timavesi. Il rientro avviene [&hellip;]\" \/>\n<meta property=\"og:url\" content=\"https:\/\/2016.carnico.it\/blog\/2013\/06\/02\/chicci-di-carnico-2\/\" \/>\n<meta property=\"og:site_name\" content=\"Campionato Carnico 2016\" \/>\n<meta property=\"article:publisher\" content=\"https:\/\/www.facebook.com\/campionatocarnico\/\" \/>\n<meta property=\"article:published_time\" content=\"2013-06-02T20:29:24+00:00\" \/>\n<meta property=\"article:modified_time\" content=\"2013-06-02T20:40:13+00:00\" \/>\n<meta property=\"og:image\" content=\"\/\/www.carnico.it\/blog\/wp-content\/uploads\/2013\/06\/KRAVANJA-211x250.jpg\" \/>\n<meta name=\"author\" content=\"Redazione\" \/>\n<meta name=\"twitter:card\" content=\"summary_large_image\" \/>\n<meta name=\"twitter:label1\" content=\"Scritto da\" \/>\n\t<meta name=\"twitter:data1\" content=\"Redazione\" \/>\n\t<meta name=\"twitter:label2\" content=\"Tempo di lettura stimato\" \/>\n\t<meta name=\"twitter:data2\" content=\"2 minuti\" \/>\n<script type=\"application\/ld+json\" class=\"yoast-schema-graph\">{\"@context\":\"https:\\\/\\\/schema.org\",\"@graph\":[{\"@type\":\"Article\",\"@id\":\"https:\\\/\\\/2016.carnico.it\\\/blog\\\/2013\\\/06\\\/02\\\/chicci-di-carnico-2\\\/#article\",\"isPartOf\":{\"@id\":\"https:\\\/\\\/2016.carnico.it\\\/blog\\\/2013\\\/06\\\/02\\\/chicci-di-carnico-2\\\/\"},\"author\":{\"name\":\"Redazione\",\"@id\":\"https:\\\/\\\/2016.carnico.it\\\/blog\\\/#\\\/schema\\\/person\\\/a68c764693d96df3238f123ea014e78c\"},\"headline\":\"CHICCHI DI CARNICO\",\"datePublished\":\"2013-06-02T20:29:24+00:00\",\"dateModified\":\"2013-06-02T20:40:13+00:00\",\"mainEntityOfPage\":{\"@id\":\"https:\\\/\\\/2016.carnico.it\\\/blog\\\/2013\\\/06\\\/02\\\/chicci-di-carnico-2\\\/\"},\"wordCount\":459,\"commentCount\":3,\"articleSection\":[\"Carnico\",\"Commento al campionato\"],\"inLanguage\":\"it-IT\",\"potentialAction\":[{\"@type\":\"CommentAction\",\"name\":\"Comment\",\"target\":[\"https:\\\/\\\/2016.carnico.it\\\/blog\\\/2013\\\/06\\\/02\\\/chicci-di-carnico-2\\\/#respond\"]}]},{\"@type\":\"WebPage\",\"@id\":\"https:\\\/\\\/2016.carnico.it\\\/blog\\\/2013\\\/06\\\/02\\\/chicci-di-carnico-2\\\/\",\"url\":\"https:\\\/\\\/2016.carnico.it\\\/blog\\\/2013\\\/06\\\/02\\\/chicci-di-carnico-2\\\/\",\"name\":\"CHICCHI DI CARNICO - Campionato Carnico 2016\",\"isPartOf\":{\"@id\":\"https:\\\/\\\/2016.carnico.it\\\/blog\\\/#website\"},\"datePublished\":\"2013-06-02T20:29:24+00:00\",\"dateModified\":\"2013-06-02T20:40:13+00:00\",\"author\":{\"@id\":\"https:\\\/\\\/2016.carnico.it\\\/blog\\\/#\\\/schema\\\/person\\\/a68c764693d96df3238f123ea014e78c\"},\"breadcrumb\":{\"@id\":\"https:\\\/\\\/2016.carnico.it\\\/blog\\\/2013\\\/06\\\/02\\\/chicci-di-carnico-2\\\/#breadcrumb\"},\"inLanguage\":\"it-IT\",\"potentialAction\":[{\"@type\":\"ReadAction\",\"target\":[\"https:\\\/\\\/2016.carnico.it\\\/blog\\\/2013\\\/06\\\/02\\\/chicci-di-carnico-2\\\/\"]}]},{\"@type\":\"BreadcrumbList\",\"@id\":\"https:\\\/\\\/2016.carnico.it\\\/blog\\\/2013\\\/06\\\/02\\\/chicci-di-carnico-2\\\/#breadcrumb\",\"itemListElement\":[{\"@type\":\"ListItem\",\"position\":1,\"name\":\"Home\",\"item\":\"https:\\\/\\\/2016.carnico.it\\\/blog\\\/\"},{\"@type\":\"ListItem\",\"position\":2,\"name\":\"CHICCHI DI CARNICO\"}]},{\"@type\":\"WebSite\",\"@id\":\"https:\\\/\\\/2016.carnico.it\\\/blog\\\/#website\",\"url\":\"https:\\\/\\\/2016.carnico.it\\\/blog\\\/\",\"name\":\"Campionato Carnico 2016\",\"description\":\"Notizie e aggiornamenti in tempo reale sul campionato Carnico\",\"potentialAction\":[{\"@type\":\"SearchAction\",\"target\":{\"@type\":\"EntryPoint\",\"urlTemplate\":\"https:\\\/\\\/2016.carnico.it\\\/blog\\\/?s={search_term_string}\"},\"query-input\":{\"@type\":\"PropertyValueSpecification\",\"valueRequired\":true,\"valueName\":\"search_term_string\"}}],\"inLanguage\":\"it-IT\"},{\"@type\":\"Person\",\"@id\":\"https:\\\/\\\/2016.carnico.it\\\/blog\\\/#\\\/schema\\\/person\\\/a68c764693d96df3238f123ea014e78c\",\"name\":\"Redazione\",\"image\":{\"@type\":\"ImageObject\",\"inLanguage\":\"it-IT\",\"@id\":\"https:\\\/\\\/secure.gravatar.com\\\/avatar\\\/6c05bd4dddbea475e283f76b4aa2d778ecb35c06fd92df5f6e0cac552163e2ac?s=96&d=mm&r=g\",\"url\":\"https:\\\/\\\/secure.gravatar.com\\\/avatar\\\/6c05bd4dddbea475e283f76b4aa2d778ecb35c06fd92df5f6e0cac552163e2ac?s=96&d=mm&r=g\",\"contentUrl\":\"https:\\\/\\\/secure.gravatar.com\\\/avatar\\\/6c05bd4dddbea475e283f76b4aa2d778ecb35c06fd92df5f6e0cac552163e2ac?s=96&d=mm&r=g\",\"caption\":\"Redazione\"},\"url\":\"https:\\\/\\\/2016.carnico.it\\\/blog\\\/author\\\/clyco-admin\\\/\"}]}<\/script>\n<!-- \/ Yoast SEO plugin. -->","yoast_head_json":{"title":"CHICCHI DI CARNICO - Campionato Carnico 2016","robots":{"index":"index","follow":"follow","max-snippet":"max-snippet:-1","max-image-preview":"max-image-preview:large","max-video-preview":"max-video-preview:-1"},"canonical":"https:\/\/2016.carnico.it\/blog\/2013\/06\/02\/chicci-di-carnico-2\/","og_locale":"it_IT","og_type":"article","og_title":"CHICCHI DI CARNICO - Campionato Carnico 2016","og_description":"* Dopo tre anni esatti di assenza dai campi di calcio, Andrea Kravanja torna tra i pali della porta del Malborghetto, complici qualche infortunio e l\u2019emozionante esperienza lavorativa nel mondo della Formula 1. L\u2019ultima volta era stata nel maggio del 2010, proprio contro il Timaucleulis. Fin\u00ec 3 a 0 per i timavesi. Il rientro avviene [&hellip;]","og_url":"https:\/\/2016.carnico.it\/blog\/2013\/06\/02\/chicci-di-carnico-2\/","og_site_name":"Campionato Carnico 2016","article_publisher":"https:\/\/www.facebook.com\/campionatocarnico\/","article_published_time":"2013-06-02T20:29:24+00:00","article_modified_time":"2013-06-02T20:40:13+00:00","og_image":[{"url":"\/\/www.carnico.it\/blog\/wp-content\/uploads\/2013\/06\/KRAVANJA-211x250.jpg","type":"","width":"","height":""}],"author":"Redazione","twitter_card":"summary_large_image","twitter_misc":{"Scritto da":"Redazione","Tempo di lettura stimato":"2 minuti"},"schema":{"@context":"https:\/\/schema.org","@graph":[{"@type":"Article","@id":"https:\/\/2016.carnico.it\/blog\/2013\/06\/02\/chicci-di-carnico-2\/#article","isPartOf":{"@id":"https:\/\/2016.carnico.it\/blog\/2013\/06\/02\/chicci-di-carnico-2\/"},"author":{"name":"Redazione","@id":"https:\/\/2016.carnico.it\/blog\/#\/schema\/person\/a68c764693d96df3238f123ea014e78c"},"headline":"CHICCHI DI CARNICO","datePublished":"2013-06-02T20:29:24+00:00","dateModified":"2013-06-02T20:40:13+00:00","mainEntityOfPage":{"@id":"https:\/\/2016.carnico.it\/blog\/2013\/06\/02\/chicci-di-carnico-2\/"},"wordCount":459,"commentCount":3,"articleSection":["Carnico","Commento al campionato"],"inLanguage":"it-IT","potentialAction":[{"@type":"CommentAction","name":"Comment","target":["https:\/\/2016.carnico.it\/blog\/2013\/06\/02\/chicci-di-carnico-2\/#respond"]}]},{"@type":"WebPage","@id":"https:\/\/2016.carnico.it\/blog\/2013\/06\/02\/chicci-di-carnico-2\/","url":"https:\/\/2016.carnico.it\/blog\/2013\/06\/02\/chicci-di-carnico-2\/","name":"CHICCHI DI CARNICO - Campionato Carnico 2016","isPartOf":{"@id":"https:\/\/2016.carnico.it\/blog\/#website"},"datePublished":"2013-06-02T20:29:24+00:00","dateModified":"2013-06-02T20:40:13+00:00","author":{"@id":"https:\/\/2016.carnico.it\/blog\/#\/schema\/person\/a68c764693d96df3238f123ea014e78c"},"breadcrumb":{"@id":"https:\/\/2016.carnico.it\/blog\/2013\/06\/02\/chicci-di-carnico-2\/#breadcrumb"},"inLanguage":"it-IT","potentialAction":[{"@type":"ReadAction","target":["https:\/\/2016.carnico.it\/blog\/2013\/06\/02\/chicci-di-carnico-2\/"]}]},{"@type":"BreadcrumbList","@id":"https:\/\/2016.carnico.it\/blog\/2013\/06\/02\/chicci-di-carnico-2\/#breadcrumb","itemListElement":[{"@type":"ListItem","position":1,"name":"Home","item":"https:\/\/2016.carnico.it\/blog\/"},{"@type":"ListItem","position":2,"name":"CHICCHI DI CARNICO"}]},{"@type":"WebSite","@id":"https:\/\/2016.carnico.it\/blog\/#website","url":"https:\/\/2016.carnico.it\/blog\/","name":"Campionato Carnico 2016","description":"Notizie e aggiornamenti in tempo reale sul campionato Carnico","potentialAction":[{"@type":"SearchAction","target":{"@type":"EntryPoint","urlTemplate":"https:\/\/2016.carnico.it\/blog\/?s={search_term_string}"},"query-input":{"@type":"PropertyValueSpecification","valueRequired":true,"valueName":"search_term_string"}}],"inLanguage":"it-IT"},{"@type":"Person","@id":"https:\/\/2016.carnico.it\/blog\/#\/schema\/person\/a68c764693d96df3238f123ea014e78c","name":"Redazione","image":{"@type":"ImageObject","inLanguage":"it-IT","@id":"https:\/\/secure.gravatar.com\/avatar\/6c05bd4dddbea475e283f76b4aa2d778ecb35c06fd92df5f6e0cac552163e2ac?s=96&d=mm&r=g","url":"https:\/\/secure.gravatar.com\/avatar\/6c05bd4dddbea475e283f76b4aa2d778ecb35c06fd92df5f6e0cac552163e2ac?s=96&d=mm&r=g","contentUrl":"https:\/\/secure.gravatar.com\/avatar\/6c05bd4dddbea475e283f76b4aa2d778ecb35c06fd92df5f6e0cac552163e2ac?s=96&d=mm&r=g","caption":"Redazione"},"url":"https:\/\/2016.carnico.it\/blog\/author\/clyco-admin\/"}]}},"_links":{"self":[{"href":"https:\/\/2016.carnico.it\/blog\/wp-json\/wp\/v2\/posts\/8874","targetHints":{"allow":["GET"]}}],"collection":[{"href":"https:\/\/2016.carnico.it\/blog\/wp-json\/wp\/v2\/posts"}],"about":[{"href":"https:\/\/2016.carnico.it\/blog\/wp-json\/wp\/v2\/types\/post"}],"author":[{"embeddable":true,"href":"https:\/\/2016.carnico.it\/blog\/wp-json\/wp\/v2\/users\/10"}],"replies":[{"embeddable":true,"href":"https:\/\/2016.carnico.it\/blog\/wp-json\/wp\/v2\/comments?post=8874"}],"version-history":[{"count":5,"href":"https:\/\/2016.carnico.it\/blog\/wp-json\/wp\/v2\/posts\/8874\/revisions"}],"predecessor-version":[{"id":8885,"href":"https:\/\/2016.carnico.it\/blog\/wp-json\/wp\/v2\/posts\/8874\/revisions\/8885"}],"wp:attachment":[{"href":"https:\/\/2016.carnico.it\/blog\/wp-json\/wp\/v2\/media?parent=8874"}],"wp:term":[{"taxonomy":"category","embeddable":true,"href":"https:\/\/2016.carnico.it\/blog\/wp-json\/wp\/v2\/categories?post=8874"},{"taxonomy":"post_tag","embeddable":true,"href":"https:\/\/2016.carnico.it\/blog\/wp-json\/wp\/v2\/tags?post=8874"}],"curies":[{"name":"wp","href":"https:\/\/api.w.org\/{rel}","templated":true}]}}