{"id":8658,"date":"2013-05-10T18:02:30","date_gmt":"2013-05-10T16:02:30","guid":{"rendered":"http:\/\/www.carnico.it\/blog\/?p=8658"},"modified":"2013-05-10T18:01:29","modified_gmt":"2013-05-10T16:01:29","slug":"il-tolmezzo-fa-festa","status":"publish","type":"post","link":"https:\/\/2016.carnico.it\/blog\/2013\/05\/10\/il-tolmezzo-fa-festa\/","title":{"rendered":"IL TOLMEZZO FA FESTA!"},"content":{"rendered":"<p><a href=\"\/\/www.carnico.it\/blog\/2013\/05\/06\/il-tolmezzo-fa-festa\/index\/\" rel=\"attachment wp-att-8659\"><img loading=\"lazy\" decoding=\"async\" class=\"alignleft size-thumbnail wp-image-8659\" alt=\"index\" src=\"\/\/www.carnico.it\/blog\/wp-content\/uploads\/2013\/05\/index-150x150.jpg\" width=\"150\" height=\"150\" \/><\/a>In occasione dell\u2019ultima partita della stagione, la dirigenza del Tolmezzo \u00e8 riuscita ad ottenere l\u2019anticipo della gara con l\u2019Azzanese. Si giocher\u00e0<strong> sabato 11 maggio alle ore 18 <\/strong>e dopo la partita il programma \u00e8 davvero interessante: dalle 19.30 partir\u00e0 la musica con Kris Simon, con bargilrs (mica i soliti barman \u2026) pronte a servire spritz Aperol e birra. Pastasciutta offerta dalla societ\u00e0, grigliata e mojito serviranno a proseguire la serata, una serata che dirigenti e giocatori del Tolmezzo vorrebbero condividere con la gente della Carnia e del Carnico. Va bene che il giorno dopo le squadre del Carnico dovranno giocare, ma una puntatina allo stadio di Tolmezzo i giocatori se la possono concedere. Con giudizio, naturalmente \u2026<\/p>\n","protected":false},"excerpt":{"rendered":"<p>In occasione dell\u2019ultima partita della stagione, la dirigenza del Tolmezzo \u00e8 riuscita ad ottenere l\u2019anticipo della gara con l\u2019Azzanese. Si giocher\u00e0 sabato 11 maggio alle ore 18 e dopo la partita il programma \u00e8 davvero interessante: dalle 19.30 partir\u00e0 la musica con Kris Simon, con bargilrs (mica i soliti barman \u2026) pronte a servire spritz [&hellip;]<\/p>\n","protected":false},"author":10,"featured_media":0,"comment_status":"open","ping_status":"closed","sticky":false,"template":"","format":"standard","meta":{"ngg_post_thumbnail":0,"footnotes":""},"categories":[5],"tags":[],"class_list":["post-8658","post","type-post","status-publish","format-standard","hentry","category-varie"],"yoast_head":"<!-- This site is optimized with the Yoast SEO plugin v27.3 - https:\/\/yoast.com\/product\/yoast-seo-wordpress\/ -->\n<title>IL TOLMEZZO FA FESTA! - Campionato Carnico 2016<\/title>\n<meta name=\"robots\" content=\"index, follow, max-snippet:-1, max-image-preview:large, max-video-preview:-1\" \/>\n<link rel=\"canonical\" href=\"https:\/\/2016.carnico.it\/blog\/2013\/05\/10\/il-tolmezzo-fa-festa\/\" \/>\n<meta property=\"og:locale\" content=\"it_IT\" \/>\n<meta property=\"og:type\" content=\"article\" \/>\n<meta property=\"og:title\" content=\"IL TOLMEZZO FA FESTA! - Campionato Carnico 2016\" \/>\n<meta property=\"og:description\" content=\"In occasione dell\u2019ultima partita della stagione, la dirigenza del Tolmezzo \u00e8 riuscita ad ottenere l\u2019anticipo della gara con l\u2019Azzanese. Si giocher\u00e0 sabato 11 maggio alle ore 18 e dopo la partita il programma \u00e8 davvero interessante: dalle 19.30 partir\u00e0 la musica con Kris Simon, con bargilrs (mica i soliti barman \u2026) pronte a servire spritz [&hellip;]\" \/>\n<meta property=\"og:url\" content=\"https:\/\/2016.carnico.it\/blog\/2013\/05\/10\/il-tolmezzo-fa-festa\/\" \/>\n<meta property=\"og:site_name\" content=\"Campionato Carnico 2016\" \/>\n<meta property=\"article:publisher\" content=\"https:\/\/www.facebook.com\/campionatocarnico\/\" \/>\n<meta property=\"article:published_time\" content=\"2013-05-10T16:02:30+00:00\" \/>\n<meta property=\"og:image\" content=\"\/\/www.carnico.it\/blog\/wp-content\/uploads\/2013\/05\/index-150x150.jpg\" \/>\n<meta name=\"author\" content=\"Redazione\" \/>\n<meta name=\"twitter:card\" content=\"summary_large_image\" \/>\n<meta name=\"twitter:label1\" content=\"Scritto da\" \/>\n\t<meta name=\"twitter:data1\" content=\"Redazione\" \/>\n\t<meta name=\"twitter:label2\" content=\"Tempo di lettura stimato\" \/>\n\t<meta name=\"twitter:data2\" content=\"1 minuto\" \/>\n<script type=\"application\/ld+json\" class=\"yoast-schema-graph\">{\"@context\":\"https:\\\/\\\/schema.org\",\"@graph\":[{\"@type\":\"Article\",\"@id\":\"https:\\\/\\\/2016.carnico.it\\\/blog\\\/2013\\\/05\\\/10\\\/il-tolmezzo-fa-festa\\\/#article\",\"isPartOf\":{\"@id\":\"https:\\\/\\\/2016.carnico.it\\\/blog\\\/2013\\\/05\\\/10\\\/il-tolmezzo-fa-festa\\\/\"},\"author\":{\"name\":\"Redazione\",\"@id\":\"https:\\\/\\\/2016.carnico.it\\\/blog\\\/#\\\/schema\\\/person\\\/a68c764693d96df3238f123ea014e78c\"},\"headline\":\"IL TOLMEZZO FA FESTA!\",\"datePublished\":\"2013-05-10T16:02:30+00:00\",\"mainEntityOfPage\":{\"@id\":\"https:\\\/\\\/2016.carnico.it\\\/blog\\\/2013\\\/05\\\/10\\\/il-tolmezzo-fa-festa\\\/\"},\"wordCount\":117,\"commentCount\":2,\"articleSection\":[\"Varie\"],\"inLanguage\":\"it-IT\",\"potentialAction\":[{\"@type\":\"CommentAction\",\"name\":\"Comment\",\"target\":[\"https:\\\/\\\/2016.carnico.it\\\/blog\\\/2013\\\/05\\\/10\\\/il-tolmezzo-fa-festa\\\/#respond\"]}]},{\"@type\":\"WebPage\",\"@id\":\"https:\\\/\\\/2016.carnico.it\\\/blog\\\/2013\\\/05\\\/10\\\/il-tolmezzo-fa-festa\\\/\",\"url\":\"https:\\\/\\\/2016.carnico.it\\\/blog\\\/2013\\\/05\\\/10\\\/il-tolmezzo-fa-festa\\\/\",\"name\":\"IL TOLMEZZO FA FESTA! - Campionato Carnico 2016\",\"isPartOf\":{\"@id\":\"https:\\\/\\\/2016.carnico.it\\\/blog\\\/#website\"},\"datePublished\":\"2013-05-10T16:02:30+00:00\",\"author\":{\"@id\":\"https:\\\/\\\/2016.carnico.it\\\/blog\\\/#\\\/schema\\\/person\\\/a68c764693d96df3238f123ea014e78c\"},\"breadcrumb\":{\"@id\":\"https:\\\/\\\/2016.carnico.it\\\/blog\\\/2013\\\/05\\\/10\\\/il-tolmezzo-fa-festa\\\/#breadcrumb\"},\"inLanguage\":\"it-IT\",\"potentialAction\":[{\"@type\":\"ReadAction\",\"target\":[\"https:\\\/\\\/2016.carnico.it\\\/blog\\\/2013\\\/05\\\/10\\\/il-tolmezzo-fa-festa\\\/\"]}]},{\"@type\":\"BreadcrumbList\",\"@id\":\"https:\\\/\\\/2016.carnico.it\\\/blog\\\/2013\\\/05\\\/10\\\/il-tolmezzo-fa-festa\\\/#breadcrumb\",\"itemListElement\":[{\"@type\":\"ListItem\",\"position\":1,\"name\":\"Home\",\"item\":\"https:\\\/\\\/2016.carnico.it\\\/blog\\\/\"},{\"@type\":\"ListItem\",\"position\":2,\"name\":\"IL TOLMEZZO FA FESTA!\"}]},{\"@type\":\"WebSite\",\"@id\":\"https:\\\/\\\/2016.carnico.it\\\/blog\\\/#website\",\"url\":\"https:\\\/\\\/2016.carnico.it\\\/blog\\\/\",\"name\":\"Campionato Carnico 2016\",\"description\":\"Notizie e aggiornamenti in tempo reale sul campionato Carnico\",\"potentialAction\":[{\"@type\":\"SearchAction\",\"target\":{\"@type\":\"EntryPoint\",\"urlTemplate\":\"https:\\\/\\\/2016.carnico.it\\\/blog\\\/?s={search_term_string}\"},\"query-input\":{\"@type\":\"PropertyValueSpecification\",\"valueRequired\":true,\"valueName\":\"search_term_string\"}}],\"inLanguage\":\"it-IT\"},{\"@type\":\"Person\",\"@id\":\"https:\\\/\\\/2016.carnico.it\\\/blog\\\/#\\\/schema\\\/person\\\/a68c764693d96df3238f123ea014e78c\",\"name\":\"Redazione\",\"image\":{\"@type\":\"ImageObject\",\"inLanguage\":\"it-IT\",\"@id\":\"https:\\\/\\\/secure.gravatar.com\\\/avatar\\\/6c05bd4dddbea475e283f76b4aa2d778ecb35c06fd92df5f6e0cac552163e2ac?s=96&d=mm&r=g\",\"url\":\"https:\\\/\\\/secure.gravatar.com\\\/avatar\\\/6c05bd4dddbea475e283f76b4aa2d778ecb35c06fd92df5f6e0cac552163e2ac?s=96&d=mm&r=g\",\"contentUrl\":\"https:\\\/\\\/secure.gravatar.com\\\/avatar\\\/6c05bd4dddbea475e283f76b4aa2d778ecb35c06fd92df5f6e0cac552163e2ac?s=96&d=mm&r=g\",\"caption\":\"Redazione\"},\"url\":\"https:\\\/\\\/2016.carnico.it\\\/blog\\\/author\\\/clyco-admin\\\/\"}]}<\/script>\n<!-- \/ Yoast SEO plugin. -->","yoast_head_json":{"title":"IL TOLMEZZO FA FESTA! - Campionato Carnico 2016","robots":{"index":"index","follow":"follow","max-snippet":"max-snippet:-1","max-image-preview":"max-image-preview:large","max-video-preview":"max-video-preview:-1"},"canonical":"https:\/\/2016.carnico.it\/blog\/2013\/05\/10\/il-tolmezzo-fa-festa\/","og_locale":"it_IT","og_type":"article","og_title":"IL TOLMEZZO FA FESTA! - Campionato Carnico 2016","og_description":"In occasione dell\u2019ultima partita della stagione, la dirigenza del Tolmezzo \u00e8 riuscita ad ottenere l\u2019anticipo della gara con l\u2019Azzanese. Si giocher\u00e0 sabato 11 maggio alle ore 18 e dopo la partita il programma \u00e8 davvero interessante: dalle 19.30 partir\u00e0 la musica con Kris Simon, con bargilrs (mica i soliti barman \u2026) pronte a servire spritz [&hellip;]","og_url":"https:\/\/2016.carnico.it\/blog\/2013\/05\/10\/il-tolmezzo-fa-festa\/","og_site_name":"Campionato Carnico 2016","article_publisher":"https:\/\/www.facebook.com\/campionatocarnico\/","article_published_time":"2013-05-10T16:02:30+00:00","og_image":[{"url":"\/\/www.carnico.it\/blog\/wp-content\/uploads\/2013\/05\/index-150x150.jpg","type":"","width":"","height":""}],"author":"Redazione","twitter_card":"summary_large_image","twitter_misc":{"Scritto da":"Redazione","Tempo di lettura stimato":"1 minuto"},"schema":{"@context":"https:\/\/schema.org","@graph":[{"@type":"Article","@id":"https:\/\/2016.carnico.it\/blog\/2013\/05\/10\/il-tolmezzo-fa-festa\/#article","isPartOf":{"@id":"https:\/\/2016.carnico.it\/blog\/2013\/05\/10\/il-tolmezzo-fa-festa\/"},"author":{"name":"Redazione","@id":"https:\/\/2016.carnico.it\/blog\/#\/schema\/person\/a68c764693d96df3238f123ea014e78c"},"headline":"IL TOLMEZZO FA FESTA!","datePublished":"2013-05-10T16:02:30+00:00","mainEntityOfPage":{"@id":"https:\/\/2016.carnico.it\/blog\/2013\/05\/10\/il-tolmezzo-fa-festa\/"},"wordCount":117,"commentCount":2,"articleSection":["Varie"],"inLanguage":"it-IT","potentialAction":[{"@type":"CommentAction","name":"Comment","target":["https:\/\/2016.carnico.it\/blog\/2013\/05\/10\/il-tolmezzo-fa-festa\/#respond"]}]},{"@type":"WebPage","@id":"https:\/\/2016.carnico.it\/blog\/2013\/05\/10\/il-tolmezzo-fa-festa\/","url":"https:\/\/2016.carnico.it\/blog\/2013\/05\/10\/il-tolmezzo-fa-festa\/","name":"IL TOLMEZZO FA FESTA! - Campionato Carnico 2016","isPartOf":{"@id":"https:\/\/2016.carnico.it\/blog\/#website"},"datePublished":"2013-05-10T16:02:30+00:00","author":{"@id":"https:\/\/2016.carnico.it\/blog\/#\/schema\/person\/a68c764693d96df3238f123ea014e78c"},"breadcrumb":{"@id":"https:\/\/2016.carnico.it\/blog\/2013\/05\/10\/il-tolmezzo-fa-festa\/#breadcrumb"},"inLanguage":"it-IT","potentialAction":[{"@type":"ReadAction","target":["https:\/\/2016.carnico.it\/blog\/2013\/05\/10\/il-tolmezzo-fa-festa\/"]}]},{"@type":"BreadcrumbList","@id":"https:\/\/2016.carnico.it\/blog\/2013\/05\/10\/il-tolmezzo-fa-festa\/#breadcrumb","itemListElement":[{"@type":"ListItem","position":1,"name":"Home","item":"https:\/\/2016.carnico.it\/blog\/"},{"@type":"ListItem","position":2,"name":"IL TOLMEZZO FA FESTA!"}]},{"@type":"WebSite","@id":"https:\/\/2016.carnico.it\/blog\/#website","url":"https:\/\/2016.carnico.it\/blog\/","name":"Campionato Carnico 2016","description":"Notizie e aggiornamenti in tempo reale sul campionato Carnico","potentialAction":[{"@type":"SearchAction","target":{"@type":"EntryPoint","urlTemplate":"https:\/\/2016.carnico.it\/blog\/?s={search_term_string}"},"query-input":{"@type":"PropertyValueSpecification","valueRequired":true,"valueName":"search_term_string"}}],"inLanguage":"it-IT"},{"@type":"Person","@id":"https:\/\/2016.carnico.it\/blog\/#\/schema\/person\/a68c764693d96df3238f123ea014e78c","name":"Redazione","image":{"@type":"ImageObject","inLanguage":"it-IT","@id":"https:\/\/secure.gravatar.com\/avatar\/6c05bd4dddbea475e283f76b4aa2d778ecb35c06fd92df5f6e0cac552163e2ac?s=96&d=mm&r=g","url":"https:\/\/secure.gravatar.com\/avatar\/6c05bd4dddbea475e283f76b4aa2d778ecb35c06fd92df5f6e0cac552163e2ac?s=96&d=mm&r=g","contentUrl":"https:\/\/secure.gravatar.com\/avatar\/6c05bd4dddbea475e283f76b4aa2d778ecb35c06fd92df5f6e0cac552163e2ac?s=96&d=mm&r=g","caption":"Redazione"},"url":"https:\/\/2016.carnico.it\/blog\/author\/clyco-admin\/"}]}},"_links":{"self":[{"href":"https:\/\/2016.carnico.it\/blog\/wp-json\/wp\/v2\/posts\/8658","targetHints":{"allow":["GET"]}}],"collection":[{"href":"https:\/\/2016.carnico.it\/blog\/wp-json\/wp\/v2\/posts"}],"about":[{"href":"https:\/\/2016.carnico.it\/blog\/wp-json\/wp\/v2\/types\/post"}],"author":[{"embeddable":true,"href":"https:\/\/2016.carnico.it\/blog\/wp-json\/wp\/v2\/users\/10"}],"replies":[{"embeddable":true,"href":"https:\/\/2016.carnico.it\/blog\/wp-json\/wp\/v2\/comments?post=8658"}],"version-history":[{"count":5,"href":"https:\/\/2016.carnico.it\/blog\/wp-json\/wp\/v2\/posts\/8658\/revisions"}],"predecessor-version":[{"id":8696,"href":"https:\/\/2016.carnico.it\/blog\/wp-json\/wp\/v2\/posts\/8658\/revisions\/8696"}],"wp:attachment":[{"href":"https:\/\/2016.carnico.it\/blog\/wp-json\/wp\/v2\/media?parent=8658"}],"wp:term":[{"taxonomy":"category","embeddable":true,"href":"https:\/\/2016.carnico.it\/blog\/wp-json\/wp\/v2\/categories?post=8658"},{"taxonomy":"post_tag","embeddable":true,"href":"https:\/\/2016.carnico.it\/blog\/wp-json\/wp\/v2\/tags?post=8658"}],"curies":[{"name":"wp","href":"https:\/\/api.w.org\/{rel}","templated":true}]}}