{"id":8191,"date":"2012-10-09T08:00:23","date_gmt":"2012-10-09T06:00:23","guid":{"rendered":"http:\/\/www.carnico.it\/blog\/?p=8191"},"modified":"2012-10-09T15:56:27","modified_gmt":"2012-10-09T13:56:27","slug":"lalfabeto-del-campionato-2","status":"publish","type":"post","link":"https:\/\/2016.carnico.it\/blog\/2012\/10\/09\/lalfabeto-del-campionato-2\/","title":{"rendered":"L&#8217;ALFABETO DEL CAMPIONATO"},"content":{"rendered":"<div id=\"attachment_7432\" style=\"width: 110px\" class=\"wp-caption alignright\"><a href=\"\/\/www.carnico.it\/blog\/wp-content\/uploads\/2012\/07\/MOGGESE-2011-Daniele-Iob.jpg\"><img loading=\"lazy\" decoding=\"async\" aria-describedby=\"caption-attachment-7432\" class=\"size-full wp-image-7432\" title=\"MOGGESE 2011- Daniele Iob\" src=\"\/\/www.carnico.it\/blog\/wp-content\/uploads\/2012\/07\/MOGGESE-2011-Daniele-Iob.jpg\" alt=\"\" width=\"100\" height=\"125\" \/><\/a><p id=\"caption-attachment-7432\" class=\"wp-caption-text\">Daniele Iob<\/p><\/div>\n<p><strong>ARDITA<\/strong> Dopo due tentativi falliti di un nulla, arriva finalmente l&#8217;agognata promozione in Seconda Categoria.<\/p>\n<p><strong>BORDANO<\/strong> A due giornate dalla fine sembrava spacciato. Invece \u00e8 arrivata una salvezza alla quale forse solo i rossi credevano.<\/p>\n<p><strong>CAVAZZO<\/strong> Sono stati lunghi 47 anni, perci\u00f2 in casa viola questo scudetto se lo vogliono gustare a lungo.<\/p>\n<p><strong><!--more-->DELUSIONE<\/strong> Il Cedarchis, partito per vincere tutto e ritrovatosi in mano solo la supercoppa.<\/p>\n<p><strong>EDERA<\/strong> La gloriosa squadra di Enemonzo, nel Carnico dal 1955, conosce per la prima volta l&#8217;onta della Terza Categoria.<\/p>\n<p><strong>FUSCA<\/strong> Ad un passo dalla sparizione qualche anno fa, la formazione delle frazioni tolmezzine di Fusea e Cazzaso ritrova la Seconda Categoria. E ora l&#8217;obiettivo \u00e8 la scoperta della Prima.<\/p>\n<p><strong>GEMONA<\/strong> Stagione da dimenticare per il comune con il maggior numero di squadre: il Campagnola si salva con qualche patema, Il Castello retrocede, la Stella Azzurra \u00e8 l&#8217;ultima squadra del torneo.<\/p>\n<p><strong>IOB<\/strong> Cinquantadue gol in due anni. La Moggese ringrazia il Campagnola, che probabilmente l&#8217;ha lasciato partire con troppa leggerezza.<\/p>\n<p><strong>LIBRO<\/strong> Storie, numeri e curiosit\u00e0 da vivere dalla prima all&#8217;ultima pagina. Questo \u00e8 &#8220;60 anni di Carnico&#8221;, il libro di Renato Damiani e Massimo Di Centa che verr\u00e0 presentato domenica alle 10 al teatro &#8220;Candoni&#8221; di Tolmezzo.<\/p>\n<p><strong>MOGGESE<\/strong> Risalire dopo una retrocessione non \u00e8 mai facile. I bianconeri ci sono riusciti alla grande.<\/p>\n<p><strong>NUMERI<\/strong> L&#8217;Ardita \u00e8 il miglior attacco con 83 reti, la Folgore la difesa meno perforata con 19. Record negativi appannaggio del Timaucleulis: 14 gol segnati, 60 incassati.<\/p>\n<p><strong>OVARESE<\/strong> Flavio Fruch e Manuel Gonano segnano 39 reti in due: la miglior coppia offensiva della Prima Categoria.<\/p>\n<p><strong>PONTEBBANA<\/strong> Un girone di ritorno da urlo e secondo posto finale.<\/p>\n<p><strong>QUATTRO<\/strong> Come le sconfitte stagionali del Cavazzo, tre delle quali con il Cedarchis.<\/p>\n<p><strong>RIVEDIBILE<\/strong> La decisione di anticipare un intero girone al sabato. Se non \u00e8 stato un flop, poco ci manca.<\/p>\n<p><strong>SIEGA<\/strong> Il 2012 ci ha portato via un grande ex giocatore, allenatore e uomo quale era Maurizio Siega.<\/p>\n<p><strong>TIMAUCLEULIS<\/strong> La squadra che ha fatto meno punti di tutti. Urge riscatto nel 2013.<\/p>\n<p><strong>UDINESE<\/strong> Anche questa estate i bianconeri hanno frequentato i campi del Carnico (Imponzo, Arta, Villa Santina)<\/p>\n<p><strong>VELOX<\/strong> Vedi Moggese.<\/p>\n<p><strong>ZEARO<\/strong> L&#8217;allenatore del Cedarchis conosce una delle delusioni pi\u00f9 grandi della sua splendida carriera.<\/p>\n<p><em>(<strong>dal Gazzettino<\/strong><\/em>)<\/p>\n","protected":false},"excerpt":{"rendered":"<p>ARDITA Dopo due tentativi falliti di un nulla, arriva finalmente l&#8217;agognata promozione in Seconda Categoria. BORDANO A due giornate dalla fine sembrava spacciato. Invece \u00e8 arrivata una salvezza alla quale forse solo i rossi credevano. CAVAZZO Sono stati lunghi 47 anni, perci\u00f2 in casa viola questo scudetto se lo vogliono gustare a lungo.<\/p>\n","protected":false},"author":10,"featured_media":0,"comment_status":"open","ping_status":"closed","sticky":false,"template":"","format":"standard","meta":{"ngg_post_thumbnail":0,"footnotes":""},"categories":[3,1],"tags":[],"class_list":["post-8191","post","type-post","status-publish","format-standard","hentry","category-carnico","category-commento-campionato"],"yoast_head":"<!-- This site is optimized with the Yoast SEO plugin v27.3 - https:\/\/yoast.com\/product\/yoast-seo-wordpress\/ -->\n<title>L&#039;ALFABETO DEL CAMPIONATO - Campionato Carnico 2016<\/title>\n<meta name=\"robots\" content=\"index, follow, max-snippet:-1, max-image-preview:large, max-video-preview:-1\" \/>\n<link rel=\"canonical\" href=\"https:\/\/2016.carnico.it\/blog\/2012\/10\/09\/lalfabeto-del-campionato-2\/\" \/>\n<meta property=\"og:locale\" content=\"it_IT\" \/>\n<meta property=\"og:type\" content=\"article\" \/>\n<meta property=\"og:title\" content=\"L&#039;ALFABETO DEL CAMPIONATO - Campionato Carnico 2016\" \/>\n<meta property=\"og:description\" content=\"ARDITA Dopo due tentativi falliti di un nulla, arriva finalmente l&#8217;agognata promozione in Seconda Categoria. BORDANO A due giornate dalla fine sembrava spacciato. Invece \u00e8 arrivata una salvezza alla quale forse solo i rossi credevano. CAVAZZO Sono stati lunghi 47 anni, perci\u00f2 in casa viola questo scudetto se lo vogliono gustare a lungo.\" \/>\n<meta property=\"og:url\" content=\"https:\/\/2016.carnico.it\/blog\/2012\/10\/09\/lalfabeto-del-campionato-2\/\" \/>\n<meta property=\"og:site_name\" content=\"Campionato Carnico 2016\" \/>\n<meta property=\"article:publisher\" content=\"https:\/\/www.facebook.com\/campionatocarnico\/\" \/>\n<meta property=\"article:published_time\" content=\"2012-10-09T06:00:23+00:00\" \/>\n<meta property=\"article:modified_time\" content=\"2012-10-09T13:56:27+00:00\" \/>\n<meta property=\"og:image\" content=\"\/\/www.carnico.it\/blog\/wp-content\/uploads\/2012\/07\/MOGGESE-2011-Daniele-Iob.jpg\" \/>\n<meta name=\"author\" content=\"Redazione\" \/>\n<meta name=\"twitter:card\" content=\"summary_large_image\" \/>\n<meta name=\"twitter:label1\" content=\"Scritto da\" \/>\n\t<meta name=\"twitter:data1\" content=\"Redazione\" \/>\n\t<meta name=\"twitter:label2\" content=\"Tempo di lettura stimato\" \/>\n\t<meta name=\"twitter:data2\" content=\"2 minuti\" \/>\n<script type=\"application\/ld+json\" class=\"yoast-schema-graph\">{\"@context\":\"https:\\\/\\\/schema.org\",\"@graph\":[{\"@type\":\"Article\",\"@id\":\"https:\\\/\\\/2016.carnico.it\\\/blog\\\/2012\\\/10\\\/09\\\/lalfabeto-del-campionato-2\\\/#article\",\"isPartOf\":{\"@id\":\"https:\\\/\\\/2016.carnico.it\\\/blog\\\/2012\\\/10\\\/09\\\/lalfabeto-del-campionato-2\\\/\"},\"author\":{\"name\":\"Redazione\",\"@id\":\"https:\\\/\\\/2016.carnico.it\\\/blog\\\/#\\\/schema\\\/person\\\/a68c764693d96df3238f123ea014e78c\"},\"headline\":\"L&#8217;ALFABETO DEL CAMPIONATO\",\"datePublished\":\"2012-10-09T06:00:23+00:00\",\"dateModified\":\"2012-10-09T13:56:27+00:00\",\"mainEntityOfPage\":{\"@id\":\"https:\\\/\\\/2016.carnico.it\\\/blog\\\/2012\\\/10\\\/09\\\/lalfabeto-del-campionato-2\\\/\"},\"wordCount\":377,\"commentCount\":13,\"articleSection\":[\"Carnico\",\"Commento al campionato\"],\"inLanguage\":\"it-IT\",\"potentialAction\":[{\"@type\":\"CommentAction\",\"name\":\"Comment\",\"target\":[\"https:\\\/\\\/2016.carnico.it\\\/blog\\\/2012\\\/10\\\/09\\\/lalfabeto-del-campionato-2\\\/#respond\"]}]},{\"@type\":\"WebPage\",\"@id\":\"https:\\\/\\\/2016.carnico.it\\\/blog\\\/2012\\\/10\\\/09\\\/lalfabeto-del-campionato-2\\\/\",\"url\":\"https:\\\/\\\/2016.carnico.it\\\/blog\\\/2012\\\/10\\\/09\\\/lalfabeto-del-campionato-2\\\/\",\"name\":\"L'ALFABETO DEL CAMPIONATO - Campionato Carnico 2016\",\"isPartOf\":{\"@id\":\"https:\\\/\\\/2016.carnico.it\\\/blog\\\/#website\"},\"datePublished\":\"2012-10-09T06:00:23+00:00\",\"dateModified\":\"2012-10-09T13:56:27+00:00\",\"author\":{\"@id\":\"https:\\\/\\\/2016.carnico.it\\\/blog\\\/#\\\/schema\\\/person\\\/a68c764693d96df3238f123ea014e78c\"},\"breadcrumb\":{\"@id\":\"https:\\\/\\\/2016.carnico.it\\\/blog\\\/2012\\\/10\\\/09\\\/lalfabeto-del-campionato-2\\\/#breadcrumb\"},\"inLanguage\":\"it-IT\",\"potentialAction\":[{\"@type\":\"ReadAction\",\"target\":[\"https:\\\/\\\/2016.carnico.it\\\/blog\\\/2012\\\/10\\\/09\\\/lalfabeto-del-campionato-2\\\/\"]}]},{\"@type\":\"BreadcrumbList\",\"@id\":\"https:\\\/\\\/2016.carnico.it\\\/blog\\\/2012\\\/10\\\/09\\\/lalfabeto-del-campionato-2\\\/#breadcrumb\",\"itemListElement\":[{\"@type\":\"ListItem\",\"position\":1,\"name\":\"Home\",\"item\":\"https:\\\/\\\/2016.carnico.it\\\/blog\\\/\"},{\"@type\":\"ListItem\",\"position\":2,\"name\":\"L&#8217;ALFABETO DEL CAMPIONATO\"}]},{\"@type\":\"WebSite\",\"@id\":\"https:\\\/\\\/2016.carnico.it\\\/blog\\\/#website\",\"url\":\"https:\\\/\\\/2016.carnico.it\\\/blog\\\/\",\"name\":\"Campionato Carnico 2016\",\"description\":\"Notizie e aggiornamenti in tempo reale sul campionato Carnico\",\"potentialAction\":[{\"@type\":\"SearchAction\",\"target\":{\"@type\":\"EntryPoint\",\"urlTemplate\":\"https:\\\/\\\/2016.carnico.it\\\/blog\\\/?s={search_term_string}\"},\"query-input\":{\"@type\":\"PropertyValueSpecification\",\"valueRequired\":true,\"valueName\":\"search_term_string\"}}],\"inLanguage\":\"it-IT\"},{\"@type\":\"Person\",\"@id\":\"https:\\\/\\\/2016.carnico.it\\\/blog\\\/#\\\/schema\\\/person\\\/a68c764693d96df3238f123ea014e78c\",\"name\":\"Redazione\",\"image\":{\"@type\":\"ImageObject\",\"inLanguage\":\"it-IT\",\"@id\":\"https:\\\/\\\/secure.gravatar.com\\\/avatar\\\/6c05bd4dddbea475e283f76b4aa2d778ecb35c06fd92df5f6e0cac552163e2ac?s=96&d=mm&r=g\",\"url\":\"https:\\\/\\\/secure.gravatar.com\\\/avatar\\\/6c05bd4dddbea475e283f76b4aa2d778ecb35c06fd92df5f6e0cac552163e2ac?s=96&d=mm&r=g\",\"contentUrl\":\"https:\\\/\\\/secure.gravatar.com\\\/avatar\\\/6c05bd4dddbea475e283f76b4aa2d778ecb35c06fd92df5f6e0cac552163e2ac?s=96&d=mm&r=g\",\"caption\":\"Redazione\"},\"url\":\"https:\\\/\\\/2016.carnico.it\\\/blog\\\/author\\\/clyco-admin\\\/\"}]}<\/script>\n<!-- \/ Yoast SEO plugin. -->","yoast_head_json":{"title":"L'ALFABETO DEL CAMPIONATO - Campionato Carnico 2016","robots":{"index":"index","follow":"follow","max-snippet":"max-snippet:-1","max-image-preview":"max-image-preview:large","max-video-preview":"max-video-preview:-1"},"canonical":"https:\/\/2016.carnico.it\/blog\/2012\/10\/09\/lalfabeto-del-campionato-2\/","og_locale":"it_IT","og_type":"article","og_title":"L'ALFABETO DEL CAMPIONATO - Campionato Carnico 2016","og_description":"ARDITA Dopo due tentativi falliti di un nulla, arriva finalmente l&#8217;agognata promozione in Seconda Categoria. BORDANO A due giornate dalla fine sembrava spacciato. Invece \u00e8 arrivata una salvezza alla quale forse solo i rossi credevano. CAVAZZO Sono stati lunghi 47 anni, perci\u00f2 in casa viola questo scudetto se lo vogliono gustare a lungo.","og_url":"https:\/\/2016.carnico.it\/blog\/2012\/10\/09\/lalfabeto-del-campionato-2\/","og_site_name":"Campionato Carnico 2016","article_publisher":"https:\/\/www.facebook.com\/campionatocarnico\/","article_published_time":"2012-10-09T06:00:23+00:00","article_modified_time":"2012-10-09T13:56:27+00:00","og_image":[{"url":"\/\/www.carnico.it\/blog\/wp-content\/uploads\/2012\/07\/MOGGESE-2011-Daniele-Iob.jpg","type":"","width":"","height":""}],"author":"Redazione","twitter_card":"summary_large_image","twitter_misc":{"Scritto da":"Redazione","Tempo di lettura stimato":"2 minuti"},"schema":{"@context":"https:\/\/schema.org","@graph":[{"@type":"Article","@id":"https:\/\/2016.carnico.it\/blog\/2012\/10\/09\/lalfabeto-del-campionato-2\/#article","isPartOf":{"@id":"https:\/\/2016.carnico.it\/blog\/2012\/10\/09\/lalfabeto-del-campionato-2\/"},"author":{"name":"Redazione","@id":"https:\/\/2016.carnico.it\/blog\/#\/schema\/person\/a68c764693d96df3238f123ea014e78c"},"headline":"L&#8217;ALFABETO DEL CAMPIONATO","datePublished":"2012-10-09T06:00:23+00:00","dateModified":"2012-10-09T13:56:27+00:00","mainEntityOfPage":{"@id":"https:\/\/2016.carnico.it\/blog\/2012\/10\/09\/lalfabeto-del-campionato-2\/"},"wordCount":377,"commentCount":13,"articleSection":["Carnico","Commento al campionato"],"inLanguage":"it-IT","potentialAction":[{"@type":"CommentAction","name":"Comment","target":["https:\/\/2016.carnico.it\/blog\/2012\/10\/09\/lalfabeto-del-campionato-2\/#respond"]}]},{"@type":"WebPage","@id":"https:\/\/2016.carnico.it\/blog\/2012\/10\/09\/lalfabeto-del-campionato-2\/","url":"https:\/\/2016.carnico.it\/blog\/2012\/10\/09\/lalfabeto-del-campionato-2\/","name":"L'ALFABETO DEL CAMPIONATO - Campionato Carnico 2016","isPartOf":{"@id":"https:\/\/2016.carnico.it\/blog\/#website"},"datePublished":"2012-10-09T06:00:23+00:00","dateModified":"2012-10-09T13:56:27+00:00","author":{"@id":"https:\/\/2016.carnico.it\/blog\/#\/schema\/person\/a68c764693d96df3238f123ea014e78c"},"breadcrumb":{"@id":"https:\/\/2016.carnico.it\/blog\/2012\/10\/09\/lalfabeto-del-campionato-2\/#breadcrumb"},"inLanguage":"it-IT","potentialAction":[{"@type":"ReadAction","target":["https:\/\/2016.carnico.it\/blog\/2012\/10\/09\/lalfabeto-del-campionato-2\/"]}]},{"@type":"BreadcrumbList","@id":"https:\/\/2016.carnico.it\/blog\/2012\/10\/09\/lalfabeto-del-campionato-2\/#breadcrumb","itemListElement":[{"@type":"ListItem","position":1,"name":"Home","item":"https:\/\/2016.carnico.it\/blog\/"},{"@type":"ListItem","position":2,"name":"L&#8217;ALFABETO DEL CAMPIONATO"}]},{"@type":"WebSite","@id":"https:\/\/2016.carnico.it\/blog\/#website","url":"https:\/\/2016.carnico.it\/blog\/","name":"Campionato Carnico 2016","description":"Notizie e aggiornamenti in tempo reale sul campionato Carnico","potentialAction":[{"@type":"SearchAction","target":{"@type":"EntryPoint","urlTemplate":"https:\/\/2016.carnico.it\/blog\/?s={search_term_string}"},"query-input":{"@type":"PropertyValueSpecification","valueRequired":true,"valueName":"search_term_string"}}],"inLanguage":"it-IT"},{"@type":"Person","@id":"https:\/\/2016.carnico.it\/blog\/#\/schema\/person\/a68c764693d96df3238f123ea014e78c","name":"Redazione","image":{"@type":"ImageObject","inLanguage":"it-IT","@id":"https:\/\/secure.gravatar.com\/avatar\/6c05bd4dddbea475e283f76b4aa2d778ecb35c06fd92df5f6e0cac552163e2ac?s=96&d=mm&r=g","url":"https:\/\/secure.gravatar.com\/avatar\/6c05bd4dddbea475e283f76b4aa2d778ecb35c06fd92df5f6e0cac552163e2ac?s=96&d=mm&r=g","contentUrl":"https:\/\/secure.gravatar.com\/avatar\/6c05bd4dddbea475e283f76b4aa2d778ecb35c06fd92df5f6e0cac552163e2ac?s=96&d=mm&r=g","caption":"Redazione"},"url":"https:\/\/2016.carnico.it\/blog\/author\/clyco-admin\/"}]}},"_links":{"self":[{"href":"https:\/\/2016.carnico.it\/blog\/wp-json\/wp\/v2\/posts\/8191","targetHints":{"allow":["GET"]}}],"collection":[{"href":"https:\/\/2016.carnico.it\/blog\/wp-json\/wp\/v2\/posts"}],"about":[{"href":"https:\/\/2016.carnico.it\/blog\/wp-json\/wp\/v2\/types\/post"}],"author":[{"embeddable":true,"href":"https:\/\/2016.carnico.it\/blog\/wp-json\/wp\/v2\/users\/10"}],"replies":[{"embeddable":true,"href":"https:\/\/2016.carnico.it\/blog\/wp-json\/wp\/v2\/comments?post=8191"}],"version-history":[{"count":5,"href":"https:\/\/2016.carnico.it\/blog\/wp-json\/wp\/v2\/posts\/8191\/revisions"}],"predecessor-version":[{"id":8198,"href":"https:\/\/2016.carnico.it\/blog\/wp-json\/wp\/v2\/posts\/8191\/revisions\/8198"}],"wp:attachment":[{"href":"https:\/\/2016.carnico.it\/blog\/wp-json\/wp\/v2\/media?parent=8191"}],"wp:term":[{"taxonomy":"category","embeddable":true,"href":"https:\/\/2016.carnico.it\/blog\/wp-json\/wp\/v2\/categories?post=8191"},{"taxonomy":"post_tag","embeddable":true,"href":"https:\/\/2016.carnico.it\/blog\/wp-json\/wp\/v2\/tags?post=8191"}],"curies":[{"name":"wp","href":"https:\/\/api.w.org\/{rel}","templated":true}]}}