{"id":8186,"date":"2012-10-09T07:48:15","date_gmt":"2012-10-09T05:48:15","guid":{"rendered":"http:\/\/www.carnico.it\/blog\/?p=8186"},"modified":"2012-10-09T15:50:04","modified_gmt":"2012-10-09T13:50:04","slug":"il-personaggio-luca-moratti-amaro","status":"publish","type":"post","link":"https:\/\/2016.carnico.it\/blog\/2012\/10\/09\/il-personaggio-luca-moratti-amaro\/","title":{"rendered":"IL PERSONAGGIO: LUCA MORATTI (AMARO)"},"content":{"rendered":"<p><a href=\"\/\/www.carnico.it\/blog\/wp-content\/uploads\/2012\/10\/AMARO-2010-Luca-Moratti.jpg\"><img loading=\"lazy\" decoding=\"async\" class=\"alignright size-thumbnail wp-image-8187\" title=\"AMARO 2010- Luca Moratti\" src=\"\/\/www.carnico.it\/blog\/wp-content\/uploads\/2012\/10\/AMARO-2010-Luca-Moratti-150x150.jpg\" alt=\"\" width=\"150\" height=\"150\" \/><\/a>Luca Moratti \u00e8 l\u2019uomo del destino per l\u2019Amaro: fu un suo gol, due anni fa, nello spareggio di Rigolato contro l\u2019Ardita, a regalare la promozione ai biancazzurri. Domenica scorsa, nella partita contro l\u2019Ancora, in cui i biancazzurri si giocavano la salvezza, di gol ne ha fatti addirittura due. Il primo da opportunista, infilando la porta di testa dopo che il portiere avversario gli aveva respinto\u00a0 la prima\u00a0 conclusione; il secondo con un pallonetto da fuori area, con una giocata pi\u00f9 consona a quel ruolo di trequartista che meglio si adatta alle sue caratteristiche.<br \/>\n<!--more-->Luca ama infatti agire in quella zona di campo dove pu\u00f2 metter e la sua qualit\u00e0 al servizio delle punte oppure tentare direttamente la via della rete. Trequartista, appunto, libero da compiti di interdizione che non sono proprio il suo forte.\u00a0 Un solo piede, il sinistro, con il quale per\u00f2 sa trattare il pallone in maniera decisamente appropriata, alternando qualche pausa di troppo (soprattutto quando le cose non gli riescono ) al guizzo di genio che spesso risolve situazioni importanti. E\u2019 ad Amaro da tre anni, dove lo ha portato l\u2019ex biancazzurro Cojaniz, col quale aveva diviso un\u2019esperienza nel calcio amatoriale; mezza stagione al Fusca e poi, l\u2019anno successivo l\u2019approdo alla societ\u00e0 del presidente Pozzi. Moratti, nel calcio, \u00e8 un cognome importante, che lui, per\u00f2, da milanista qual \u00e8 , non sopporter\u00e0 tanto facilmente \u2026 Domenica scorsa, dopo i due gol, ha festeggiato\u00a0 col pollice in bocca e la dedica era\u00a0 per la compagna che lo segue su tutti i campi e che a dicembre gli dar\u00e0 un figlio. La salvezza ad ottobre ed un figlio a dicembre: ce n\u2019\u00e8 abbastanza, insomma, per smaltire la delusione per il derby perso, domenica sera, contro l\u2019Inter di Moratti!<\/p>\n<p>(<em><strong>dal Gazzettino<\/strong><\/em>)<\/p>\n","protected":false},"excerpt":{"rendered":"<p>Luca Moratti \u00e8 l\u2019uomo del destino per l\u2019Amaro: fu un suo gol, due anni fa, nello spareggio di Rigolato contro l\u2019Ardita, a regalare la promozione ai biancazzurri. Domenica scorsa, nella partita contro l\u2019Ancora, in cui i biancazzurri si giocavano la salvezza, di gol ne ha fatti addirittura due. Il primo da opportunista, infilando la porta [&hellip;]<\/p>\n","protected":false},"author":10,"featured_media":0,"comment_status":"open","ping_status":"closed","sticky":false,"template":"","format":"standard","meta":{"ngg_post_thumbnail":0,"footnotes":""},"categories":[3,1],"tags":[],"class_list":["post-8186","post","type-post","status-publish","format-standard","hentry","category-carnico","category-commento-campionato"],"yoast_head":"<!-- This site is optimized with the Yoast SEO plugin v27.3 - https:\/\/yoast.com\/product\/yoast-seo-wordpress\/ -->\n<title>IL PERSONAGGIO: LUCA MORATTI (AMARO) - Campionato Carnico 2016<\/title>\n<meta name=\"robots\" content=\"index, follow, max-snippet:-1, max-image-preview:large, max-video-preview:-1\" \/>\n<link rel=\"canonical\" href=\"https:\/\/2016.carnico.it\/blog\/2012\/10\/09\/il-personaggio-luca-moratti-amaro\/\" \/>\n<meta property=\"og:locale\" content=\"it_IT\" \/>\n<meta property=\"og:type\" content=\"article\" \/>\n<meta property=\"og:title\" content=\"IL PERSONAGGIO: LUCA MORATTI (AMARO) - Campionato Carnico 2016\" \/>\n<meta property=\"og:description\" content=\"Luca Moratti \u00e8 l\u2019uomo del destino per l\u2019Amaro: fu un suo gol, due anni fa, nello spareggio di Rigolato contro l\u2019Ardita, a regalare la promozione ai biancazzurri. Domenica scorsa, nella partita contro l\u2019Ancora, in cui i biancazzurri si giocavano la salvezza, di gol ne ha fatti addirittura due. Il primo da opportunista, infilando la porta [&hellip;]\" \/>\n<meta property=\"og:url\" content=\"https:\/\/2016.carnico.it\/blog\/2012\/10\/09\/il-personaggio-luca-moratti-amaro\/\" \/>\n<meta property=\"og:site_name\" content=\"Campionato Carnico 2016\" \/>\n<meta property=\"article:publisher\" content=\"https:\/\/www.facebook.com\/campionatocarnico\/\" \/>\n<meta property=\"article:published_time\" content=\"2012-10-09T05:48:15+00:00\" \/>\n<meta property=\"article:modified_time\" content=\"2012-10-09T13:50:04+00:00\" \/>\n<meta property=\"og:image\" content=\"\/\/www.carnico.it\/blog\/wp-content\/uploads\/2012\/10\/AMARO-2010-Luca-Moratti-150x150.jpg\" \/>\n<meta name=\"author\" content=\"Redazione\" \/>\n<meta name=\"twitter:card\" content=\"summary_large_image\" \/>\n<meta name=\"twitter:label1\" content=\"Scritto da\" \/>\n\t<meta name=\"twitter:data1\" content=\"Redazione\" \/>\n\t<meta name=\"twitter:label2\" content=\"Tempo di lettura stimato\" \/>\n\t<meta name=\"twitter:data2\" content=\"1 minuto\" \/>\n<script type=\"application\/ld+json\" class=\"yoast-schema-graph\">{\"@context\":\"https:\\\/\\\/schema.org\",\"@graph\":[{\"@type\":\"Article\",\"@id\":\"https:\\\/\\\/2016.carnico.it\\\/blog\\\/2012\\\/10\\\/09\\\/il-personaggio-luca-moratti-amaro\\\/#article\",\"isPartOf\":{\"@id\":\"https:\\\/\\\/2016.carnico.it\\\/blog\\\/2012\\\/10\\\/09\\\/il-personaggio-luca-moratti-amaro\\\/\"},\"author\":{\"name\":\"Redazione\",\"@id\":\"https:\\\/\\\/2016.carnico.it\\\/blog\\\/#\\\/schema\\\/person\\\/a68c764693d96df3238f123ea014e78c\"},\"headline\":\"IL PERSONAGGIO: LUCA MORATTI (AMARO)\",\"datePublished\":\"2012-10-09T05:48:15+00:00\",\"dateModified\":\"2012-10-09T13:50:04+00:00\",\"mainEntityOfPage\":{\"@id\":\"https:\\\/\\\/2016.carnico.it\\\/blog\\\/2012\\\/10\\\/09\\\/il-personaggio-luca-moratti-amaro\\\/\"},\"wordCount\":299,\"commentCount\":3,\"articleSection\":[\"Carnico\",\"Commento al campionato\"],\"inLanguage\":\"it-IT\",\"potentialAction\":[{\"@type\":\"CommentAction\",\"name\":\"Comment\",\"target\":[\"https:\\\/\\\/2016.carnico.it\\\/blog\\\/2012\\\/10\\\/09\\\/il-personaggio-luca-moratti-amaro\\\/#respond\"]}]},{\"@type\":\"WebPage\",\"@id\":\"https:\\\/\\\/2016.carnico.it\\\/blog\\\/2012\\\/10\\\/09\\\/il-personaggio-luca-moratti-amaro\\\/\",\"url\":\"https:\\\/\\\/2016.carnico.it\\\/blog\\\/2012\\\/10\\\/09\\\/il-personaggio-luca-moratti-amaro\\\/\",\"name\":\"IL PERSONAGGIO: LUCA MORATTI (AMARO) - Campionato Carnico 2016\",\"isPartOf\":{\"@id\":\"https:\\\/\\\/2016.carnico.it\\\/blog\\\/#website\"},\"datePublished\":\"2012-10-09T05:48:15+00:00\",\"dateModified\":\"2012-10-09T13:50:04+00:00\",\"author\":{\"@id\":\"https:\\\/\\\/2016.carnico.it\\\/blog\\\/#\\\/schema\\\/person\\\/a68c764693d96df3238f123ea014e78c\"},\"breadcrumb\":{\"@id\":\"https:\\\/\\\/2016.carnico.it\\\/blog\\\/2012\\\/10\\\/09\\\/il-personaggio-luca-moratti-amaro\\\/#breadcrumb\"},\"inLanguage\":\"it-IT\",\"potentialAction\":[{\"@type\":\"ReadAction\",\"target\":[\"https:\\\/\\\/2016.carnico.it\\\/blog\\\/2012\\\/10\\\/09\\\/il-personaggio-luca-moratti-amaro\\\/\"]}]},{\"@type\":\"BreadcrumbList\",\"@id\":\"https:\\\/\\\/2016.carnico.it\\\/blog\\\/2012\\\/10\\\/09\\\/il-personaggio-luca-moratti-amaro\\\/#breadcrumb\",\"itemListElement\":[{\"@type\":\"ListItem\",\"position\":1,\"name\":\"Home\",\"item\":\"https:\\\/\\\/2016.carnico.it\\\/blog\\\/\"},{\"@type\":\"ListItem\",\"position\":2,\"name\":\"IL PERSONAGGIO: LUCA MORATTI (AMARO)\"}]},{\"@type\":\"WebSite\",\"@id\":\"https:\\\/\\\/2016.carnico.it\\\/blog\\\/#website\",\"url\":\"https:\\\/\\\/2016.carnico.it\\\/blog\\\/\",\"name\":\"Campionato Carnico 2016\",\"description\":\"Notizie e aggiornamenti in tempo reale sul campionato Carnico\",\"potentialAction\":[{\"@type\":\"SearchAction\",\"target\":{\"@type\":\"EntryPoint\",\"urlTemplate\":\"https:\\\/\\\/2016.carnico.it\\\/blog\\\/?s={search_term_string}\"},\"query-input\":{\"@type\":\"PropertyValueSpecification\",\"valueRequired\":true,\"valueName\":\"search_term_string\"}}],\"inLanguage\":\"it-IT\"},{\"@type\":\"Person\",\"@id\":\"https:\\\/\\\/2016.carnico.it\\\/blog\\\/#\\\/schema\\\/person\\\/a68c764693d96df3238f123ea014e78c\",\"name\":\"Redazione\",\"image\":{\"@type\":\"ImageObject\",\"inLanguage\":\"it-IT\",\"@id\":\"https:\\\/\\\/secure.gravatar.com\\\/avatar\\\/6c05bd4dddbea475e283f76b4aa2d778ecb35c06fd92df5f6e0cac552163e2ac?s=96&d=mm&r=g\",\"url\":\"https:\\\/\\\/secure.gravatar.com\\\/avatar\\\/6c05bd4dddbea475e283f76b4aa2d778ecb35c06fd92df5f6e0cac552163e2ac?s=96&d=mm&r=g\",\"contentUrl\":\"https:\\\/\\\/secure.gravatar.com\\\/avatar\\\/6c05bd4dddbea475e283f76b4aa2d778ecb35c06fd92df5f6e0cac552163e2ac?s=96&d=mm&r=g\",\"caption\":\"Redazione\"},\"url\":\"https:\\\/\\\/2016.carnico.it\\\/blog\\\/author\\\/clyco-admin\\\/\"}]}<\/script>\n<!-- \/ Yoast SEO plugin. -->","yoast_head_json":{"title":"IL PERSONAGGIO: LUCA MORATTI (AMARO) - Campionato Carnico 2016","robots":{"index":"index","follow":"follow","max-snippet":"max-snippet:-1","max-image-preview":"max-image-preview:large","max-video-preview":"max-video-preview:-1"},"canonical":"https:\/\/2016.carnico.it\/blog\/2012\/10\/09\/il-personaggio-luca-moratti-amaro\/","og_locale":"it_IT","og_type":"article","og_title":"IL PERSONAGGIO: LUCA MORATTI (AMARO) - Campionato Carnico 2016","og_description":"Luca Moratti \u00e8 l\u2019uomo del destino per l\u2019Amaro: fu un suo gol, due anni fa, nello spareggio di Rigolato contro l\u2019Ardita, a regalare la promozione ai biancazzurri. Domenica scorsa, nella partita contro l\u2019Ancora, in cui i biancazzurri si giocavano la salvezza, di gol ne ha fatti addirittura due. Il primo da opportunista, infilando la porta [&hellip;]","og_url":"https:\/\/2016.carnico.it\/blog\/2012\/10\/09\/il-personaggio-luca-moratti-amaro\/","og_site_name":"Campionato Carnico 2016","article_publisher":"https:\/\/www.facebook.com\/campionatocarnico\/","article_published_time":"2012-10-09T05:48:15+00:00","article_modified_time":"2012-10-09T13:50:04+00:00","og_image":[{"url":"\/\/www.carnico.it\/blog\/wp-content\/uploads\/2012\/10\/AMARO-2010-Luca-Moratti-150x150.jpg","type":"","width":"","height":""}],"author":"Redazione","twitter_card":"summary_large_image","twitter_misc":{"Scritto da":"Redazione","Tempo di lettura stimato":"1 minuto"},"schema":{"@context":"https:\/\/schema.org","@graph":[{"@type":"Article","@id":"https:\/\/2016.carnico.it\/blog\/2012\/10\/09\/il-personaggio-luca-moratti-amaro\/#article","isPartOf":{"@id":"https:\/\/2016.carnico.it\/blog\/2012\/10\/09\/il-personaggio-luca-moratti-amaro\/"},"author":{"name":"Redazione","@id":"https:\/\/2016.carnico.it\/blog\/#\/schema\/person\/a68c764693d96df3238f123ea014e78c"},"headline":"IL PERSONAGGIO: LUCA MORATTI (AMARO)","datePublished":"2012-10-09T05:48:15+00:00","dateModified":"2012-10-09T13:50:04+00:00","mainEntityOfPage":{"@id":"https:\/\/2016.carnico.it\/blog\/2012\/10\/09\/il-personaggio-luca-moratti-amaro\/"},"wordCount":299,"commentCount":3,"articleSection":["Carnico","Commento al campionato"],"inLanguage":"it-IT","potentialAction":[{"@type":"CommentAction","name":"Comment","target":["https:\/\/2016.carnico.it\/blog\/2012\/10\/09\/il-personaggio-luca-moratti-amaro\/#respond"]}]},{"@type":"WebPage","@id":"https:\/\/2016.carnico.it\/blog\/2012\/10\/09\/il-personaggio-luca-moratti-amaro\/","url":"https:\/\/2016.carnico.it\/blog\/2012\/10\/09\/il-personaggio-luca-moratti-amaro\/","name":"IL PERSONAGGIO: LUCA MORATTI (AMARO) - Campionato Carnico 2016","isPartOf":{"@id":"https:\/\/2016.carnico.it\/blog\/#website"},"datePublished":"2012-10-09T05:48:15+00:00","dateModified":"2012-10-09T13:50:04+00:00","author":{"@id":"https:\/\/2016.carnico.it\/blog\/#\/schema\/person\/a68c764693d96df3238f123ea014e78c"},"breadcrumb":{"@id":"https:\/\/2016.carnico.it\/blog\/2012\/10\/09\/il-personaggio-luca-moratti-amaro\/#breadcrumb"},"inLanguage":"it-IT","potentialAction":[{"@type":"ReadAction","target":["https:\/\/2016.carnico.it\/blog\/2012\/10\/09\/il-personaggio-luca-moratti-amaro\/"]}]},{"@type":"BreadcrumbList","@id":"https:\/\/2016.carnico.it\/blog\/2012\/10\/09\/il-personaggio-luca-moratti-amaro\/#breadcrumb","itemListElement":[{"@type":"ListItem","position":1,"name":"Home","item":"https:\/\/2016.carnico.it\/blog\/"},{"@type":"ListItem","position":2,"name":"IL PERSONAGGIO: LUCA MORATTI (AMARO)"}]},{"@type":"WebSite","@id":"https:\/\/2016.carnico.it\/blog\/#website","url":"https:\/\/2016.carnico.it\/blog\/","name":"Campionato Carnico 2016","description":"Notizie e aggiornamenti in tempo reale sul campionato Carnico","potentialAction":[{"@type":"SearchAction","target":{"@type":"EntryPoint","urlTemplate":"https:\/\/2016.carnico.it\/blog\/?s={search_term_string}"},"query-input":{"@type":"PropertyValueSpecification","valueRequired":true,"valueName":"search_term_string"}}],"inLanguage":"it-IT"},{"@type":"Person","@id":"https:\/\/2016.carnico.it\/blog\/#\/schema\/person\/a68c764693d96df3238f123ea014e78c","name":"Redazione","image":{"@type":"ImageObject","inLanguage":"it-IT","@id":"https:\/\/secure.gravatar.com\/avatar\/6c05bd4dddbea475e283f76b4aa2d778ecb35c06fd92df5f6e0cac552163e2ac?s=96&d=mm&r=g","url":"https:\/\/secure.gravatar.com\/avatar\/6c05bd4dddbea475e283f76b4aa2d778ecb35c06fd92df5f6e0cac552163e2ac?s=96&d=mm&r=g","contentUrl":"https:\/\/secure.gravatar.com\/avatar\/6c05bd4dddbea475e283f76b4aa2d778ecb35c06fd92df5f6e0cac552163e2ac?s=96&d=mm&r=g","caption":"Redazione"},"url":"https:\/\/2016.carnico.it\/blog\/author\/clyco-admin\/"}]}},"_links":{"self":[{"href":"https:\/\/2016.carnico.it\/blog\/wp-json\/wp\/v2\/posts\/8186","targetHints":{"allow":["GET"]}}],"collection":[{"href":"https:\/\/2016.carnico.it\/blog\/wp-json\/wp\/v2\/posts"}],"about":[{"href":"https:\/\/2016.carnico.it\/blog\/wp-json\/wp\/v2\/types\/post"}],"author":[{"embeddable":true,"href":"https:\/\/2016.carnico.it\/blog\/wp-json\/wp\/v2\/users\/10"}],"replies":[{"embeddable":true,"href":"https:\/\/2016.carnico.it\/blog\/wp-json\/wp\/v2\/comments?post=8186"}],"version-history":[{"count":3,"href":"https:\/\/2016.carnico.it\/blog\/wp-json\/wp\/v2\/posts\/8186\/revisions"}],"predecessor-version":[{"id":8190,"href":"https:\/\/2016.carnico.it\/blog\/wp-json\/wp\/v2\/posts\/8186\/revisions\/8190"}],"wp:attachment":[{"href":"https:\/\/2016.carnico.it\/blog\/wp-json\/wp\/v2\/media?parent=8186"}],"wp:term":[{"taxonomy":"category","embeddable":true,"href":"https:\/\/2016.carnico.it\/blog\/wp-json\/wp\/v2\/categories?post=8186"},{"taxonomy":"post_tag","embeddable":true,"href":"https:\/\/2016.carnico.it\/blog\/wp-json\/wp\/v2\/tags?post=8186"}],"curies":[{"name":"wp","href":"https:\/\/api.w.org\/{rel}","templated":true}]}}