{"id":8133,"date":"2012-10-02T15:01:37","date_gmt":"2012-10-02T13:01:37","guid":{"rendered":"http:\/\/www.carnico.it\/blog\/?p=8133"},"modified":"2012-10-05T11:12:34","modified_gmt":"2012-10-05T09:12:34","slug":"il-personaggio-marino-corti-cavazzo-2","status":"publish","type":"post","link":"https:\/\/2016.carnico.it\/blog\/2012\/10\/02\/il-personaggio-marino-corti-cavazzo-2\/","title":{"rendered":"IL PERSONAGGIO: MARINO CORTI (CAVAZZO)"},"content":{"rendered":"<p><a href=\"\/\/www.carnico.it\/blog\/wp-content\/uploads\/2012\/07\/CAVAZZO-2012-Marino-Corti-all.3.jpg\"><img loading=\"lazy\" decoding=\"async\" class=\"alignright size-full wp-image-7593\" title=\"CAVAZZO 2012- Marino Corti all.\" src=\"\/\/www.carnico.it\/blog\/wp-content\/uploads\/2012\/07\/CAVAZZO-2012-Marino-Corti-all.3.jpg\" alt=\"\" width=\"110\" height=\"133\" \/><\/a>Era impacciato Marino Corti domenica pomeriggio al termine della vittoriosa sfida col Cercivento che ha riportato il titolo a Cavazzo dopo 47 anni. Lui \u00e8 uno di quelli che raramente si lascia andare, quasi avesse pudore a far trasparire i propri stati d\u2019animo. In tanti anni di Carnico (prima da giocatore e poi da allenatore) non si \u00e8 mai lasciato trascinare in polemiche, ha sempre accettato il verdetto del campo, usando il buon senso e la misura delle persone intelligenti.<br \/>\n<!--more-->Da anni sta \u201ccombattendo\u201d sui campi del Carnico una duplice battaglia: quella contro l\u2019avversario di turno e quella contro una cultura calcistica che, a suo modo di vedere, andrebbe rivista anche in Carnia. Perch\u00e9 per Marino Corti l\u2019uomo viene sempre prima del calciatore e lui per i suoi ragazzi \u00e8 molto spesso un fratello maggiore, a volte addirittura un padre. Non abbiamo mai sentito un giocatore che lo ha avuto come allenatore parlare di lui in maniera negativa, perch\u00e9 il suo modo di porsi \u00e8 sempre leale, diretto ed anche quando le situazioni lo costringono a scegliere un uomo piuttosto che un altro sa sempre trovare le parole giuste per mitigare la delusione dell\u2019escluso. Nella vittoria del Cavazzo c\u2019\u00e8 molto di suo: c\u2019\u00e8 quella pacatezza che distingue le persone forti dentro, c\u2019\u00e8 la serenit\u00e0 nel saper accettare un risultato negativo per potersi riscattare nella partita successiva (ricordate la perfetta gestione dopo le due sconfitte col Cedarchis?), c\u2019\u00e8 l\u2019umilt\u00e0 nel saper riconoscere dove si pu\u00f2 migliorare. Mentre i suoi giocatori festeggiavano, domenica scorsa, lui, ancora l\u00ec sul campo, pensava a quanta strada dovessero ancora percorrere i suoi ragazzi per acquisire quella mentalit\u00e0 vincente che \u00e8 necessaria per aprire un ciclo di vittorie.<\/p>\n<p>(<em><strong>dal Gazzettino<\/strong><\/em>)<\/p>\n","protected":false},"excerpt":{"rendered":"<p>Era impacciato Marino Corti domenica pomeriggio al termine della vittoriosa sfida col Cercivento che ha riportato il titolo a Cavazzo dopo 47 anni. Lui \u00e8 uno di quelli che raramente si lascia andare, quasi avesse pudore a far trasparire i propri stati d\u2019animo. In tanti anni di Carnico (prima da giocatore e poi da allenatore) [&hellip;]<\/p>\n","protected":false},"author":10,"featured_media":0,"comment_status":"open","ping_status":"closed","sticky":false,"template":"","format":"standard","meta":{"ngg_post_thumbnail":0,"footnotes":""},"categories":[3,1],"tags":[],"class_list":["post-8133","post","type-post","status-publish","format-standard","hentry","category-carnico","category-commento-campionato"],"yoast_head":"<!-- This site is optimized with the Yoast SEO plugin v27.3 - https:\/\/yoast.com\/product\/yoast-seo-wordpress\/ -->\n<title>IL PERSONAGGIO: MARINO CORTI (CAVAZZO) - Campionato Carnico 2016<\/title>\n<meta name=\"robots\" content=\"index, follow, max-snippet:-1, max-image-preview:large, max-video-preview:-1\" \/>\n<link rel=\"canonical\" href=\"https:\/\/2016.carnico.it\/blog\/2012\/10\/02\/il-personaggio-marino-corti-cavazzo-2\/\" \/>\n<meta property=\"og:locale\" content=\"it_IT\" \/>\n<meta property=\"og:type\" content=\"article\" \/>\n<meta property=\"og:title\" content=\"IL PERSONAGGIO: MARINO CORTI (CAVAZZO) - Campionato Carnico 2016\" \/>\n<meta property=\"og:description\" content=\"Era impacciato Marino Corti domenica pomeriggio al termine della vittoriosa sfida col Cercivento che ha riportato il titolo a Cavazzo dopo 47 anni. Lui \u00e8 uno di quelli che raramente si lascia andare, quasi avesse pudore a far trasparire i propri stati d\u2019animo. In tanti anni di Carnico (prima da giocatore e poi da allenatore) [&hellip;]\" \/>\n<meta property=\"og:url\" content=\"https:\/\/2016.carnico.it\/blog\/2012\/10\/02\/il-personaggio-marino-corti-cavazzo-2\/\" \/>\n<meta property=\"og:site_name\" content=\"Campionato Carnico 2016\" \/>\n<meta property=\"article:publisher\" content=\"https:\/\/www.facebook.com\/campionatocarnico\/\" \/>\n<meta property=\"article:published_time\" content=\"2012-10-02T13:01:37+00:00\" \/>\n<meta property=\"article:modified_time\" content=\"2012-10-05T09:12:34+00:00\" \/>\n<meta property=\"og:image\" content=\"\/\/www.carnico.it\/blog\/wp-content\/uploads\/2012\/07\/CAVAZZO-2012-Marino-Corti-all.3.jpg\" \/>\n<meta name=\"author\" content=\"Redazione\" \/>\n<meta name=\"twitter:card\" content=\"summary_large_image\" \/>\n<meta name=\"twitter:label1\" content=\"Scritto da\" \/>\n\t<meta name=\"twitter:data1\" content=\"Redazione\" \/>\n\t<meta name=\"twitter:label2\" content=\"Tempo di lettura stimato\" \/>\n\t<meta name=\"twitter:data2\" content=\"1 minuto\" \/>\n<script type=\"application\/ld+json\" class=\"yoast-schema-graph\">{\"@context\":\"https:\\\/\\\/schema.org\",\"@graph\":[{\"@type\":\"Article\",\"@id\":\"https:\\\/\\\/2016.carnico.it\\\/blog\\\/2012\\\/10\\\/02\\\/il-personaggio-marino-corti-cavazzo-2\\\/#article\",\"isPartOf\":{\"@id\":\"https:\\\/\\\/2016.carnico.it\\\/blog\\\/2012\\\/10\\\/02\\\/il-personaggio-marino-corti-cavazzo-2\\\/\"},\"author\":{\"name\":\"Redazione\",\"@id\":\"https:\\\/\\\/2016.carnico.it\\\/blog\\\/#\\\/schema\\\/person\\\/a68c764693d96df3238f123ea014e78c\"},\"headline\":\"IL PERSONAGGIO: MARINO CORTI (CAVAZZO)\",\"datePublished\":\"2012-10-02T13:01:37+00:00\",\"dateModified\":\"2012-10-05T09:12:34+00:00\",\"mainEntityOfPage\":{\"@id\":\"https:\\\/\\\/2016.carnico.it\\\/blog\\\/2012\\\/10\\\/02\\\/il-personaggio-marino-corti-cavazzo-2\\\/\"},\"wordCount\":287,\"commentCount\":18,\"articleSection\":[\"Carnico\",\"Commento al campionato\"],\"inLanguage\":\"it-IT\",\"potentialAction\":[{\"@type\":\"CommentAction\",\"name\":\"Comment\",\"target\":[\"https:\\\/\\\/2016.carnico.it\\\/blog\\\/2012\\\/10\\\/02\\\/il-personaggio-marino-corti-cavazzo-2\\\/#respond\"]}]},{\"@type\":\"WebPage\",\"@id\":\"https:\\\/\\\/2016.carnico.it\\\/blog\\\/2012\\\/10\\\/02\\\/il-personaggio-marino-corti-cavazzo-2\\\/\",\"url\":\"https:\\\/\\\/2016.carnico.it\\\/blog\\\/2012\\\/10\\\/02\\\/il-personaggio-marino-corti-cavazzo-2\\\/\",\"name\":\"IL PERSONAGGIO: MARINO CORTI (CAVAZZO) - Campionato Carnico 2016\",\"isPartOf\":{\"@id\":\"https:\\\/\\\/2016.carnico.it\\\/blog\\\/#website\"},\"datePublished\":\"2012-10-02T13:01:37+00:00\",\"dateModified\":\"2012-10-05T09:12:34+00:00\",\"author\":{\"@id\":\"https:\\\/\\\/2016.carnico.it\\\/blog\\\/#\\\/schema\\\/person\\\/a68c764693d96df3238f123ea014e78c\"},\"breadcrumb\":{\"@id\":\"https:\\\/\\\/2016.carnico.it\\\/blog\\\/2012\\\/10\\\/02\\\/il-personaggio-marino-corti-cavazzo-2\\\/#breadcrumb\"},\"inLanguage\":\"it-IT\",\"potentialAction\":[{\"@type\":\"ReadAction\",\"target\":[\"https:\\\/\\\/2016.carnico.it\\\/blog\\\/2012\\\/10\\\/02\\\/il-personaggio-marino-corti-cavazzo-2\\\/\"]}]},{\"@type\":\"BreadcrumbList\",\"@id\":\"https:\\\/\\\/2016.carnico.it\\\/blog\\\/2012\\\/10\\\/02\\\/il-personaggio-marino-corti-cavazzo-2\\\/#breadcrumb\",\"itemListElement\":[{\"@type\":\"ListItem\",\"position\":1,\"name\":\"Home\",\"item\":\"https:\\\/\\\/2016.carnico.it\\\/blog\\\/\"},{\"@type\":\"ListItem\",\"position\":2,\"name\":\"IL PERSONAGGIO: MARINO CORTI (CAVAZZO)\"}]},{\"@type\":\"WebSite\",\"@id\":\"https:\\\/\\\/2016.carnico.it\\\/blog\\\/#website\",\"url\":\"https:\\\/\\\/2016.carnico.it\\\/blog\\\/\",\"name\":\"Campionato Carnico 2016\",\"description\":\"Notizie e aggiornamenti in tempo reale sul campionato Carnico\",\"potentialAction\":[{\"@type\":\"SearchAction\",\"target\":{\"@type\":\"EntryPoint\",\"urlTemplate\":\"https:\\\/\\\/2016.carnico.it\\\/blog\\\/?s={search_term_string}\"},\"query-input\":{\"@type\":\"PropertyValueSpecification\",\"valueRequired\":true,\"valueName\":\"search_term_string\"}}],\"inLanguage\":\"it-IT\"},{\"@type\":\"Person\",\"@id\":\"https:\\\/\\\/2016.carnico.it\\\/blog\\\/#\\\/schema\\\/person\\\/a68c764693d96df3238f123ea014e78c\",\"name\":\"Redazione\",\"image\":{\"@type\":\"ImageObject\",\"inLanguage\":\"it-IT\",\"@id\":\"https:\\\/\\\/secure.gravatar.com\\\/avatar\\\/6c05bd4dddbea475e283f76b4aa2d778ecb35c06fd92df5f6e0cac552163e2ac?s=96&d=mm&r=g\",\"url\":\"https:\\\/\\\/secure.gravatar.com\\\/avatar\\\/6c05bd4dddbea475e283f76b4aa2d778ecb35c06fd92df5f6e0cac552163e2ac?s=96&d=mm&r=g\",\"contentUrl\":\"https:\\\/\\\/secure.gravatar.com\\\/avatar\\\/6c05bd4dddbea475e283f76b4aa2d778ecb35c06fd92df5f6e0cac552163e2ac?s=96&d=mm&r=g\",\"caption\":\"Redazione\"},\"url\":\"https:\\\/\\\/2016.carnico.it\\\/blog\\\/author\\\/clyco-admin\\\/\"}]}<\/script>\n<!-- \/ Yoast SEO plugin. -->","yoast_head_json":{"title":"IL PERSONAGGIO: MARINO CORTI (CAVAZZO) - Campionato Carnico 2016","robots":{"index":"index","follow":"follow","max-snippet":"max-snippet:-1","max-image-preview":"max-image-preview:large","max-video-preview":"max-video-preview:-1"},"canonical":"https:\/\/2016.carnico.it\/blog\/2012\/10\/02\/il-personaggio-marino-corti-cavazzo-2\/","og_locale":"it_IT","og_type":"article","og_title":"IL PERSONAGGIO: MARINO CORTI (CAVAZZO) - Campionato Carnico 2016","og_description":"Era impacciato Marino Corti domenica pomeriggio al termine della vittoriosa sfida col Cercivento che ha riportato il titolo a Cavazzo dopo 47 anni. Lui \u00e8 uno di quelli che raramente si lascia andare, quasi avesse pudore a far trasparire i propri stati d\u2019animo. In tanti anni di Carnico (prima da giocatore e poi da allenatore) [&hellip;]","og_url":"https:\/\/2016.carnico.it\/blog\/2012\/10\/02\/il-personaggio-marino-corti-cavazzo-2\/","og_site_name":"Campionato Carnico 2016","article_publisher":"https:\/\/www.facebook.com\/campionatocarnico\/","article_published_time":"2012-10-02T13:01:37+00:00","article_modified_time":"2012-10-05T09:12:34+00:00","og_image":[{"url":"\/\/www.carnico.it\/blog\/wp-content\/uploads\/2012\/07\/CAVAZZO-2012-Marino-Corti-all.3.jpg","type":"","width":"","height":""}],"author":"Redazione","twitter_card":"summary_large_image","twitter_misc":{"Scritto da":"Redazione","Tempo di lettura stimato":"1 minuto"},"schema":{"@context":"https:\/\/schema.org","@graph":[{"@type":"Article","@id":"https:\/\/2016.carnico.it\/blog\/2012\/10\/02\/il-personaggio-marino-corti-cavazzo-2\/#article","isPartOf":{"@id":"https:\/\/2016.carnico.it\/blog\/2012\/10\/02\/il-personaggio-marino-corti-cavazzo-2\/"},"author":{"name":"Redazione","@id":"https:\/\/2016.carnico.it\/blog\/#\/schema\/person\/a68c764693d96df3238f123ea014e78c"},"headline":"IL PERSONAGGIO: MARINO CORTI (CAVAZZO)","datePublished":"2012-10-02T13:01:37+00:00","dateModified":"2012-10-05T09:12:34+00:00","mainEntityOfPage":{"@id":"https:\/\/2016.carnico.it\/blog\/2012\/10\/02\/il-personaggio-marino-corti-cavazzo-2\/"},"wordCount":287,"commentCount":18,"articleSection":["Carnico","Commento al campionato"],"inLanguage":"it-IT","potentialAction":[{"@type":"CommentAction","name":"Comment","target":["https:\/\/2016.carnico.it\/blog\/2012\/10\/02\/il-personaggio-marino-corti-cavazzo-2\/#respond"]}]},{"@type":"WebPage","@id":"https:\/\/2016.carnico.it\/blog\/2012\/10\/02\/il-personaggio-marino-corti-cavazzo-2\/","url":"https:\/\/2016.carnico.it\/blog\/2012\/10\/02\/il-personaggio-marino-corti-cavazzo-2\/","name":"IL PERSONAGGIO: MARINO CORTI (CAVAZZO) - Campionato Carnico 2016","isPartOf":{"@id":"https:\/\/2016.carnico.it\/blog\/#website"},"datePublished":"2012-10-02T13:01:37+00:00","dateModified":"2012-10-05T09:12:34+00:00","author":{"@id":"https:\/\/2016.carnico.it\/blog\/#\/schema\/person\/a68c764693d96df3238f123ea014e78c"},"breadcrumb":{"@id":"https:\/\/2016.carnico.it\/blog\/2012\/10\/02\/il-personaggio-marino-corti-cavazzo-2\/#breadcrumb"},"inLanguage":"it-IT","potentialAction":[{"@type":"ReadAction","target":["https:\/\/2016.carnico.it\/blog\/2012\/10\/02\/il-personaggio-marino-corti-cavazzo-2\/"]}]},{"@type":"BreadcrumbList","@id":"https:\/\/2016.carnico.it\/blog\/2012\/10\/02\/il-personaggio-marino-corti-cavazzo-2\/#breadcrumb","itemListElement":[{"@type":"ListItem","position":1,"name":"Home","item":"https:\/\/2016.carnico.it\/blog\/"},{"@type":"ListItem","position":2,"name":"IL PERSONAGGIO: MARINO CORTI (CAVAZZO)"}]},{"@type":"WebSite","@id":"https:\/\/2016.carnico.it\/blog\/#website","url":"https:\/\/2016.carnico.it\/blog\/","name":"Campionato Carnico 2016","description":"Notizie e aggiornamenti in tempo reale sul campionato Carnico","potentialAction":[{"@type":"SearchAction","target":{"@type":"EntryPoint","urlTemplate":"https:\/\/2016.carnico.it\/blog\/?s={search_term_string}"},"query-input":{"@type":"PropertyValueSpecification","valueRequired":true,"valueName":"search_term_string"}}],"inLanguage":"it-IT"},{"@type":"Person","@id":"https:\/\/2016.carnico.it\/blog\/#\/schema\/person\/a68c764693d96df3238f123ea014e78c","name":"Redazione","image":{"@type":"ImageObject","inLanguage":"it-IT","@id":"https:\/\/secure.gravatar.com\/avatar\/6c05bd4dddbea475e283f76b4aa2d778ecb35c06fd92df5f6e0cac552163e2ac?s=96&d=mm&r=g","url":"https:\/\/secure.gravatar.com\/avatar\/6c05bd4dddbea475e283f76b4aa2d778ecb35c06fd92df5f6e0cac552163e2ac?s=96&d=mm&r=g","contentUrl":"https:\/\/secure.gravatar.com\/avatar\/6c05bd4dddbea475e283f76b4aa2d778ecb35c06fd92df5f6e0cac552163e2ac?s=96&d=mm&r=g","caption":"Redazione"},"url":"https:\/\/2016.carnico.it\/blog\/author\/clyco-admin\/"}]}},"_links":{"self":[{"href":"https:\/\/2016.carnico.it\/blog\/wp-json\/wp\/v2\/posts\/8133","targetHints":{"allow":["GET"]}}],"collection":[{"href":"https:\/\/2016.carnico.it\/blog\/wp-json\/wp\/v2\/posts"}],"about":[{"href":"https:\/\/2016.carnico.it\/blog\/wp-json\/wp\/v2\/types\/post"}],"author":[{"embeddable":true,"href":"https:\/\/2016.carnico.it\/blog\/wp-json\/wp\/v2\/users\/10"}],"replies":[{"embeddable":true,"href":"https:\/\/2016.carnico.it\/blog\/wp-json\/wp\/v2\/comments?post=8133"}],"version-history":[{"count":5,"href":"https:\/\/2016.carnico.it\/blog\/wp-json\/wp\/v2\/posts\/8133\/revisions"}],"predecessor-version":[{"id":8165,"href":"https:\/\/2016.carnico.it\/blog\/wp-json\/wp\/v2\/posts\/8133\/revisions\/8165"}],"wp:attachment":[{"href":"https:\/\/2016.carnico.it\/blog\/wp-json\/wp\/v2\/media?parent=8133"}],"wp:term":[{"taxonomy":"category","embeddable":true,"href":"https:\/\/2016.carnico.it\/blog\/wp-json\/wp\/v2\/categories?post=8133"},{"taxonomy":"post_tag","embeddable":true,"href":"https:\/\/2016.carnico.it\/blog\/wp-json\/wp\/v2\/tags?post=8133"}],"curies":[{"name":"wp","href":"https:\/\/api.w.org\/{rel}","templated":true}]}}