{"id":8072,"date":"2012-09-27T10:22:01","date_gmt":"2012-09-27T08:22:01","guid":{"rendered":"http:\/\/www.carnico.it\/blog\/?p=8072"},"modified":"2012-09-27T10:22:01","modified_gmt":"2012-09-27T08:22:01","slug":"supercoppa-ad-ottobre-una-scelta-sbagliata","status":"publish","type":"post","link":"https:\/\/2016.carnico.it\/blog\/2012\/09\/27\/supercoppa-ad-ottobre-una-scelta-sbagliata\/","title":{"rendered":"SUPERCOPPA AD OTTOBRE, UNA SCELTA SBAGLIATA"},"content":{"rendered":"<p><em><strong>Ripropongo sul sito quanto ho scritto oggi sul Gazzettino. Ovviamente sono graditissime le vostre opinioni in merito. (bt)<\/strong><\/em><\/p>\n<p>Dopo alcune stagioni, la Supercoppa Carnia, sfida tra la vincente del campionato e della coppa, si svolger\u00e0 al termine del campionato e non all&#8217;inizio di quello successivo. Scelta molto discutibile, visto che lo spostamento era stato deciso valutando lo scarso appeal manifestato per la competizione, in primis dagli appassionati ma tutto sommato anche dalle stesse squadre coinvolte, dopo sei mesi di full immersion calcistica.<br \/>\n<!--more--> Si ricordano partite con meno di un centinaio di spettatori sugli spalti. Al contrario, a met\u00e0 aprile l&#8217;interesse non \u00e8 mai mancato, perch\u00e9 la supercoppa era diventata l&#8217;aperitivo della nuova stagione, un modo per ritrovarsi tutti assieme prima di ripartire. Sono state le societ\u00e0 a chiedere di tornare all&#8217;antico, adducendo la motivazione che sia giusto far giocare la supercoppa ai calciatori che se la siano guadagnata sul campo. E allora perch\u00e9 questa manifestazione, a tutti i livelli (europea, italiana, inglese, spagnola eccetera), si gioca prima del via della stagione successiva? L&#8217;appuntamento comunque \u00e8 per sabato 13 ottobre in campo e orario da definire. Al momento la sola squadra certa di parteciparvi \u00e8 il Real, vincitore della coppa.<\/p>\n","protected":false},"excerpt":{"rendered":"<p>Ripropongo sul sito quanto ho scritto oggi sul Gazzettino. Ovviamente sono graditissime le vostre opinioni in merito. (bt) Dopo alcune stagioni, la Supercoppa Carnia, sfida tra la vincente del campionato e della coppa, si svolger\u00e0 al termine del campionato e non all&#8217;inizio di quello successivo. Scelta molto discutibile, visto che lo spostamento era stato deciso [&hellip;]<\/p>\n","protected":false},"author":10,"featured_media":0,"comment_status":"open","ping_status":"closed","sticky":false,"template":"","format":"standard","meta":{"ngg_post_thumbnail":0,"footnotes":""},"categories":[3],"tags":[],"class_list":["post-8072","post","type-post","status-publish","format-standard","hentry","category-carnico"],"yoast_head":"<!-- This site is optimized with the Yoast SEO plugin v27.3 - https:\/\/yoast.com\/product\/yoast-seo-wordpress\/ -->\n<title>SUPERCOPPA AD OTTOBRE, UNA SCELTA SBAGLIATA - Campionato Carnico 2016<\/title>\n<meta name=\"robots\" content=\"index, follow, max-snippet:-1, max-image-preview:large, max-video-preview:-1\" \/>\n<link rel=\"canonical\" href=\"https:\/\/2016.carnico.it\/blog\/2012\/09\/27\/supercoppa-ad-ottobre-una-scelta-sbagliata\/\" \/>\n<meta property=\"og:locale\" content=\"it_IT\" \/>\n<meta property=\"og:type\" content=\"article\" \/>\n<meta property=\"og:title\" content=\"SUPERCOPPA AD OTTOBRE, UNA SCELTA SBAGLIATA - Campionato Carnico 2016\" \/>\n<meta property=\"og:description\" content=\"Ripropongo sul sito quanto ho scritto oggi sul Gazzettino. Ovviamente sono graditissime le vostre opinioni in merito. (bt) Dopo alcune stagioni, la Supercoppa Carnia, sfida tra la vincente del campionato e della coppa, si svolger\u00e0 al termine del campionato e non all&#8217;inizio di quello successivo. Scelta molto discutibile, visto che lo spostamento era stato deciso [&hellip;]\" \/>\n<meta property=\"og:url\" content=\"https:\/\/2016.carnico.it\/blog\/2012\/09\/27\/supercoppa-ad-ottobre-una-scelta-sbagliata\/\" \/>\n<meta property=\"og:site_name\" content=\"Campionato Carnico 2016\" \/>\n<meta property=\"article:publisher\" content=\"https:\/\/www.facebook.com\/campionatocarnico\/\" \/>\n<meta property=\"article:published_time\" content=\"2012-09-27T08:22:01+00:00\" \/>\n<meta name=\"author\" content=\"Redazione\" \/>\n<meta name=\"twitter:card\" content=\"summary_large_image\" \/>\n<meta name=\"twitter:label1\" content=\"Scritto da\" \/>\n\t<meta name=\"twitter:data1\" content=\"Redazione\" \/>\n\t<meta name=\"twitter:label2\" content=\"Tempo di lettura stimato\" \/>\n\t<meta name=\"twitter:data2\" content=\"1 minuto\" \/>\n<script type=\"application\/ld+json\" class=\"yoast-schema-graph\">{\"@context\":\"https:\\\/\\\/schema.org\",\"@graph\":[{\"@type\":\"Article\",\"@id\":\"https:\\\/\\\/2016.carnico.it\\\/blog\\\/2012\\\/09\\\/27\\\/supercoppa-ad-ottobre-una-scelta-sbagliata\\\/#article\",\"isPartOf\":{\"@id\":\"https:\\\/\\\/2016.carnico.it\\\/blog\\\/2012\\\/09\\\/27\\\/supercoppa-ad-ottobre-una-scelta-sbagliata\\\/\"},\"author\":{\"name\":\"Redazione\",\"@id\":\"https:\\\/\\\/2016.carnico.it\\\/blog\\\/#\\\/schema\\\/person\\\/a68c764693d96df3238f123ea014e78c\"},\"headline\":\"SUPERCOPPA AD OTTOBRE, UNA SCELTA SBAGLIATA\",\"datePublished\":\"2012-09-27T08:22:01+00:00\",\"mainEntityOfPage\":{\"@id\":\"https:\\\/\\\/2016.carnico.it\\\/blog\\\/2012\\\/09\\\/27\\\/supercoppa-ad-ottobre-una-scelta-sbagliata\\\/\"},\"wordCount\":206,\"commentCount\":21,\"articleSection\":[\"Carnico\"],\"inLanguage\":\"it-IT\",\"potentialAction\":[{\"@type\":\"CommentAction\",\"name\":\"Comment\",\"target\":[\"https:\\\/\\\/2016.carnico.it\\\/blog\\\/2012\\\/09\\\/27\\\/supercoppa-ad-ottobre-una-scelta-sbagliata\\\/#respond\"]}]},{\"@type\":\"WebPage\",\"@id\":\"https:\\\/\\\/2016.carnico.it\\\/blog\\\/2012\\\/09\\\/27\\\/supercoppa-ad-ottobre-una-scelta-sbagliata\\\/\",\"url\":\"https:\\\/\\\/2016.carnico.it\\\/blog\\\/2012\\\/09\\\/27\\\/supercoppa-ad-ottobre-una-scelta-sbagliata\\\/\",\"name\":\"SUPERCOPPA AD OTTOBRE, UNA SCELTA SBAGLIATA - Campionato Carnico 2016\",\"isPartOf\":{\"@id\":\"https:\\\/\\\/2016.carnico.it\\\/blog\\\/#website\"},\"datePublished\":\"2012-09-27T08:22:01+00:00\",\"author\":{\"@id\":\"https:\\\/\\\/2016.carnico.it\\\/blog\\\/#\\\/schema\\\/person\\\/a68c764693d96df3238f123ea014e78c\"},\"breadcrumb\":{\"@id\":\"https:\\\/\\\/2016.carnico.it\\\/blog\\\/2012\\\/09\\\/27\\\/supercoppa-ad-ottobre-una-scelta-sbagliata\\\/#breadcrumb\"},\"inLanguage\":\"it-IT\",\"potentialAction\":[{\"@type\":\"ReadAction\",\"target\":[\"https:\\\/\\\/2016.carnico.it\\\/blog\\\/2012\\\/09\\\/27\\\/supercoppa-ad-ottobre-una-scelta-sbagliata\\\/\"]}]},{\"@type\":\"BreadcrumbList\",\"@id\":\"https:\\\/\\\/2016.carnico.it\\\/blog\\\/2012\\\/09\\\/27\\\/supercoppa-ad-ottobre-una-scelta-sbagliata\\\/#breadcrumb\",\"itemListElement\":[{\"@type\":\"ListItem\",\"position\":1,\"name\":\"Home\",\"item\":\"https:\\\/\\\/2016.carnico.it\\\/blog\\\/\"},{\"@type\":\"ListItem\",\"position\":2,\"name\":\"SUPERCOPPA AD OTTOBRE, UNA SCELTA SBAGLIATA\"}]},{\"@type\":\"WebSite\",\"@id\":\"https:\\\/\\\/2016.carnico.it\\\/blog\\\/#website\",\"url\":\"https:\\\/\\\/2016.carnico.it\\\/blog\\\/\",\"name\":\"Campionato Carnico 2016\",\"description\":\"Notizie e aggiornamenti in tempo reale sul campionato Carnico\",\"potentialAction\":[{\"@type\":\"SearchAction\",\"target\":{\"@type\":\"EntryPoint\",\"urlTemplate\":\"https:\\\/\\\/2016.carnico.it\\\/blog\\\/?s={search_term_string}\"},\"query-input\":{\"@type\":\"PropertyValueSpecification\",\"valueRequired\":true,\"valueName\":\"search_term_string\"}}],\"inLanguage\":\"it-IT\"},{\"@type\":\"Person\",\"@id\":\"https:\\\/\\\/2016.carnico.it\\\/blog\\\/#\\\/schema\\\/person\\\/a68c764693d96df3238f123ea014e78c\",\"name\":\"Redazione\",\"image\":{\"@type\":\"ImageObject\",\"inLanguage\":\"it-IT\",\"@id\":\"https:\\\/\\\/secure.gravatar.com\\\/avatar\\\/6c05bd4dddbea475e283f76b4aa2d778ecb35c06fd92df5f6e0cac552163e2ac?s=96&d=mm&r=g\",\"url\":\"https:\\\/\\\/secure.gravatar.com\\\/avatar\\\/6c05bd4dddbea475e283f76b4aa2d778ecb35c06fd92df5f6e0cac552163e2ac?s=96&d=mm&r=g\",\"contentUrl\":\"https:\\\/\\\/secure.gravatar.com\\\/avatar\\\/6c05bd4dddbea475e283f76b4aa2d778ecb35c06fd92df5f6e0cac552163e2ac?s=96&d=mm&r=g\",\"caption\":\"Redazione\"},\"url\":\"https:\\\/\\\/2016.carnico.it\\\/blog\\\/author\\\/clyco-admin\\\/\"}]}<\/script>\n<!-- \/ Yoast SEO plugin. -->","yoast_head_json":{"title":"SUPERCOPPA AD OTTOBRE, UNA SCELTA SBAGLIATA - Campionato Carnico 2016","robots":{"index":"index","follow":"follow","max-snippet":"max-snippet:-1","max-image-preview":"max-image-preview:large","max-video-preview":"max-video-preview:-1"},"canonical":"https:\/\/2016.carnico.it\/blog\/2012\/09\/27\/supercoppa-ad-ottobre-una-scelta-sbagliata\/","og_locale":"it_IT","og_type":"article","og_title":"SUPERCOPPA AD OTTOBRE, UNA SCELTA SBAGLIATA - Campionato Carnico 2016","og_description":"Ripropongo sul sito quanto ho scritto oggi sul Gazzettino. Ovviamente sono graditissime le vostre opinioni in merito. (bt) Dopo alcune stagioni, la Supercoppa Carnia, sfida tra la vincente del campionato e della coppa, si svolger\u00e0 al termine del campionato e non all&#8217;inizio di quello successivo. Scelta molto discutibile, visto che lo spostamento era stato deciso [&hellip;]","og_url":"https:\/\/2016.carnico.it\/blog\/2012\/09\/27\/supercoppa-ad-ottobre-una-scelta-sbagliata\/","og_site_name":"Campionato Carnico 2016","article_publisher":"https:\/\/www.facebook.com\/campionatocarnico\/","article_published_time":"2012-09-27T08:22:01+00:00","author":"Redazione","twitter_card":"summary_large_image","twitter_misc":{"Scritto da":"Redazione","Tempo di lettura stimato":"1 minuto"},"schema":{"@context":"https:\/\/schema.org","@graph":[{"@type":"Article","@id":"https:\/\/2016.carnico.it\/blog\/2012\/09\/27\/supercoppa-ad-ottobre-una-scelta-sbagliata\/#article","isPartOf":{"@id":"https:\/\/2016.carnico.it\/blog\/2012\/09\/27\/supercoppa-ad-ottobre-una-scelta-sbagliata\/"},"author":{"name":"Redazione","@id":"https:\/\/2016.carnico.it\/blog\/#\/schema\/person\/a68c764693d96df3238f123ea014e78c"},"headline":"SUPERCOPPA AD OTTOBRE, UNA SCELTA SBAGLIATA","datePublished":"2012-09-27T08:22:01+00:00","mainEntityOfPage":{"@id":"https:\/\/2016.carnico.it\/blog\/2012\/09\/27\/supercoppa-ad-ottobre-una-scelta-sbagliata\/"},"wordCount":206,"commentCount":21,"articleSection":["Carnico"],"inLanguage":"it-IT","potentialAction":[{"@type":"CommentAction","name":"Comment","target":["https:\/\/2016.carnico.it\/blog\/2012\/09\/27\/supercoppa-ad-ottobre-una-scelta-sbagliata\/#respond"]}]},{"@type":"WebPage","@id":"https:\/\/2016.carnico.it\/blog\/2012\/09\/27\/supercoppa-ad-ottobre-una-scelta-sbagliata\/","url":"https:\/\/2016.carnico.it\/blog\/2012\/09\/27\/supercoppa-ad-ottobre-una-scelta-sbagliata\/","name":"SUPERCOPPA AD OTTOBRE, UNA SCELTA SBAGLIATA - Campionato Carnico 2016","isPartOf":{"@id":"https:\/\/2016.carnico.it\/blog\/#website"},"datePublished":"2012-09-27T08:22:01+00:00","author":{"@id":"https:\/\/2016.carnico.it\/blog\/#\/schema\/person\/a68c764693d96df3238f123ea014e78c"},"breadcrumb":{"@id":"https:\/\/2016.carnico.it\/blog\/2012\/09\/27\/supercoppa-ad-ottobre-una-scelta-sbagliata\/#breadcrumb"},"inLanguage":"it-IT","potentialAction":[{"@type":"ReadAction","target":["https:\/\/2016.carnico.it\/blog\/2012\/09\/27\/supercoppa-ad-ottobre-una-scelta-sbagliata\/"]}]},{"@type":"BreadcrumbList","@id":"https:\/\/2016.carnico.it\/blog\/2012\/09\/27\/supercoppa-ad-ottobre-una-scelta-sbagliata\/#breadcrumb","itemListElement":[{"@type":"ListItem","position":1,"name":"Home","item":"https:\/\/2016.carnico.it\/blog\/"},{"@type":"ListItem","position":2,"name":"SUPERCOPPA AD OTTOBRE, UNA SCELTA SBAGLIATA"}]},{"@type":"WebSite","@id":"https:\/\/2016.carnico.it\/blog\/#website","url":"https:\/\/2016.carnico.it\/blog\/","name":"Campionato Carnico 2016","description":"Notizie e aggiornamenti in tempo reale sul campionato Carnico","potentialAction":[{"@type":"SearchAction","target":{"@type":"EntryPoint","urlTemplate":"https:\/\/2016.carnico.it\/blog\/?s={search_term_string}"},"query-input":{"@type":"PropertyValueSpecification","valueRequired":true,"valueName":"search_term_string"}}],"inLanguage":"it-IT"},{"@type":"Person","@id":"https:\/\/2016.carnico.it\/blog\/#\/schema\/person\/a68c764693d96df3238f123ea014e78c","name":"Redazione","image":{"@type":"ImageObject","inLanguage":"it-IT","@id":"https:\/\/secure.gravatar.com\/avatar\/6c05bd4dddbea475e283f76b4aa2d778ecb35c06fd92df5f6e0cac552163e2ac?s=96&d=mm&r=g","url":"https:\/\/secure.gravatar.com\/avatar\/6c05bd4dddbea475e283f76b4aa2d778ecb35c06fd92df5f6e0cac552163e2ac?s=96&d=mm&r=g","contentUrl":"https:\/\/secure.gravatar.com\/avatar\/6c05bd4dddbea475e283f76b4aa2d778ecb35c06fd92df5f6e0cac552163e2ac?s=96&d=mm&r=g","caption":"Redazione"},"url":"https:\/\/2016.carnico.it\/blog\/author\/clyco-admin\/"}]}},"_links":{"self":[{"href":"https:\/\/2016.carnico.it\/blog\/wp-json\/wp\/v2\/posts\/8072","targetHints":{"allow":["GET"]}}],"collection":[{"href":"https:\/\/2016.carnico.it\/blog\/wp-json\/wp\/v2\/posts"}],"about":[{"href":"https:\/\/2016.carnico.it\/blog\/wp-json\/wp\/v2\/types\/post"}],"author":[{"embeddable":true,"href":"https:\/\/2016.carnico.it\/blog\/wp-json\/wp\/v2\/users\/10"}],"replies":[{"embeddable":true,"href":"https:\/\/2016.carnico.it\/blog\/wp-json\/wp\/v2\/comments?post=8072"}],"version-history":[{"count":2,"href":"https:\/\/2016.carnico.it\/blog\/wp-json\/wp\/v2\/posts\/8072\/revisions"}],"predecessor-version":[{"id":8074,"href":"https:\/\/2016.carnico.it\/blog\/wp-json\/wp\/v2\/posts\/8072\/revisions\/8074"}],"wp:attachment":[{"href":"https:\/\/2016.carnico.it\/blog\/wp-json\/wp\/v2\/media?parent=8072"}],"wp:term":[{"taxonomy":"category","embeddable":true,"href":"https:\/\/2016.carnico.it\/blog\/wp-json\/wp\/v2\/categories?post=8072"},{"taxonomy":"post_tag","embeddable":true,"href":"https:\/\/2016.carnico.it\/blog\/wp-json\/wp\/v2\/tags?post=8072"}],"curies":[{"name":"wp","href":"https:\/\/api.w.org\/{rel}","templated":true}]}}