{"id":7717,"date":"2012-08-05T11:26:44","date_gmt":"2012-08-05T09:26:44","guid":{"rendered":"http:\/\/www.carnico.it\/blog\/?p=7717"},"modified":"2012-08-05T22:06:19","modified_gmt":"2012-08-05T20:06:19","slug":"ciao-giacomo","status":"publish","type":"post","link":"https:\/\/2016.carnico.it\/blog\/2012\/08\/05\/ciao-giacomo\/","title":{"rendered":"CIAO GIACOMO &#8230;"},"content":{"rendered":"<p><a href=\"\/\/www.carnico.it\/blog\/2012\/08\/05\/ciao-giacomo\/g-l\/\" rel=\"attachment wp-att-7718\"><img loading=\"lazy\" decoding=\"async\" class=\"alignleft size-thumbnail wp-image-7718\" title=\"G.L.\" src=\"\/\/www.carnico.it\/blog\/wp-content\/uploads\/2012\/08\/G.L.-150x150.jpg\" alt=\"\" width=\"150\" height=\"150\" \/><\/a>Un incidente stradale, nella tarda serata di sabato, ha spezzato la vita di Giacomo Lowenthal, diciottenne centrocampista della formazione juniores dell\u2019Arta. La disgrazia \u00e8 avvenuta sulla strada di Alzeri, a poco pi\u00f9 di cento metri dall\u2019innesto sulla statale 52 bis. Giacomo era un\u2019autentica promessa del freestyle, disciplina della quale, nel marzo scorso, aveva disputato i Mondiali juniores. Ragazzo esuberante e pieno di vita era molto conosciuto in Carnia non solo per la sua attivit\u00e0 sportiva, ma anche perch\u00e9 i genitori gestiscono l\u2019albergo \u201cPark Oasi\u201d nella localit\u00e0 termale. <!--more-->Notizie come questa, lasciano un profondo senso di amarezza, dolore e sgomento. Una vita che si spezza non fa rumore, ma crea tutto intorno un grande silenzio. Quello che serve per ricordare Giacomo e domandarsi mille volte \u201cperch\u00e9\u201d, senza avere risposte: ora corri e salta, lass\u00f9, pi\u00f9 in alto di tutti. Noi, quaggi\u00f9, non ci dimenticheremo di te e cercheremo di stare vicino a pap\u00e0 Mauro e mamma Gabriella. Ciao campione, permettici di salutarti cos\u00ec. Riposa in pace.<\/p>\n","protected":false},"excerpt":{"rendered":"<p>Un incidente stradale, nella tarda serata di sabato, ha spezzato la vita di Giacomo Lowenthal, diciottenne centrocampista della formazione juniores dell\u2019Arta. La disgrazia \u00e8 avvenuta sulla strada di Alzeri, a poco pi\u00f9 di cento metri dall\u2019innesto sulla statale 52 bis. Giacomo era un\u2019autentica promessa del freestyle, disciplina della quale, nel marzo scorso, aveva disputato i [&hellip;]<\/p>\n","protected":false},"author":10,"featured_media":0,"comment_status":"open","ping_status":"closed","sticky":false,"template":"","format":"standard","meta":{"ngg_post_thumbnail":0,"footnotes":""},"categories":[3],"tags":[],"class_list":["post-7717","post","type-post","status-publish","format-standard","hentry","category-carnico"],"yoast_head":"<!-- This site is optimized with the Yoast SEO plugin v27.3 - https:\/\/yoast.com\/product\/yoast-seo-wordpress\/ -->\n<title>CIAO GIACOMO ... - Campionato Carnico 2016<\/title>\n<meta name=\"robots\" content=\"index, follow, max-snippet:-1, max-image-preview:large, max-video-preview:-1\" \/>\n<link rel=\"canonical\" href=\"https:\/\/2016.carnico.it\/blog\/2012\/08\/05\/ciao-giacomo\/\" \/>\n<meta property=\"og:locale\" content=\"it_IT\" \/>\n<meta property=\"og:type\" content=\"article\" \/>\n<meta property=\"og:title\" content=\"CIAO GIACOMO ... - Campionato Carnico 2016\" \/>\n<meta property=\"og:description\" content=\"Un incidente stradale, nella tarda serata di sabato, ha spezzato la vita di Giacomo Lowenthal, diciottenne centrocampista della formazione juniores dell\u2019Arta. La disgrazia \u00e8 avvenuta sulla strada di Alzeri, a poco pi\u00f9 di cento metri dall\u2019innesto sulla statale 52 bis. Giacomo era un\u2019autentica promessa del freestyle, disciplina della quale, nel marzo scorso, aveva disputato i [&hellip;]\" \/>\n<meta property=\"og:url\" content=\"https:\/\/2016.carnico.it\/blog\/2012\/08\/05\/ciao-giacomo\/\" \/>\n<meta property=\"og:site_name\" content=\"Campionato Carnico 2016\" \/>\n<meta property=\"article:publisher\" content=\"https:\/\/www.facebook.com\/campionatocarnico\/\" \/>\n<meta property=\"article:published_time\" content=\"2012-08-05T09:26:44+00:00\" \/>\n<meta property=\"article:modified_time\" content=\"2012-08-05T20:06:19+00:00\" \/>\n<meta property=\"og:image\" content=\"\/\/www.carnico.it\/blog\/wp-content\/uploads\/2012\/08\/G.L.-150x150.jpg\" \/>\n<meta name=\"author\" content=\"Redazione\" \/>\n<meta name=\"twitter:card\" content=\"summary_large_image\" \/>\n<meta name=\"twitter:label1\" content=\"Scritto da\" \/>\n\t<meta name=\"twitter:data1\" content=\"Redazione\" \/>\n\t<meta name=\"twitter:label2\" content=\"Tempo di lettura stimato\" \/>\n\t<meta name=\"twitter:data2\" content=\"1 minuto\" \/>\n<script type=\"application\/ld+json\" class=\"yoast-schema-graph\">{\"@context\":\"https:\\\/\\\/schema.org\",\"@graph\":[{\"@type\":\"Article\",\"@id\":\"https:\\\/\\\/2016.carnico.it\\\/blog\\\/2012\\\/08\\\/05\\\/ciao-giacomo\\\/#article\",\"isPartOf\":{\"@id\":\"https:\\\/\\\/2016.carnico.it\\\/blog\\\/2012\\\/08\\\/05\\\/ciao-giacomo\\\/\"},\"author\":{\"name\":\"Redazione\",\"@id\":\"https:\\\/\\\/2016.carnico.it\\\/blog\\\/#\\\/schema\\\/person\\\/a68c764693d96df3238f123ea014e78c\"},\"headline\":\"CIAO GIACOMO &#8230;\",\"datePublished\":\"2012-08-05T09:26:44+00:00\",\"dateModified\":\"2012-08-05T20:06:19+00:00\",\"mainEntityOfPage\":{\"@id\":\"https:\\\/\\\/2016.carnico.it\\\/blog\\\/2012\\\/08\\\/05\\\/ciao-giacomo\\\/\"},\"wordCount\":169,\"commentCount\":21,\"articleSection\":[\"Carnico\"],\"inLanguage\":\"it-IT\",\"potentialAction\":[{\"@type\":\"CommentAction\",\"name\":\"Comment\",\"target\":[\"https:\\\/\\\/2016.carnico.it\\\/blog\\\/2012\\\/08\\\/05\\\/ciao-giacomo\\\/#respond\"]}]},{\"@type\":\"WebPage\",\"@id\":\"https:\\\/\\\/2016.carnico.it\\\/blog\\\/2012\\\/08\\\/05\\\/ciao-giacomo\\\/\",\"url\":\"https:\\\/\\\/2016.carnico.it\\\/blog\\\/2012\\\/08\\\/05\\\/ciao-giacomo\\\/\",\"name\":\"CIAO GIACOMO ... - Campionato Carnico 2016\",\"isPartOf\":{\"@id\":\"https:\\\/\\\/2016.carnico.it\\\/blog\\\/#website\"},\"datePublished\":\"2012-08-05T09:26:44+00:00\",\"dateModified\":\"2012-08-05T20:06:19+00:00\",\"author\":{\"@id\":\"https:\\\/\\\/2016.carnico.it\\\/blog\\\/#\\\/schema\\\/person\\\/a68c764693d96df3238f123ea014e78c\"},\"breadcrumb\":{\"@id\":\"https:\\\/\\\/2016.carnico.it\\\/blog\\\/2012\\\/08\\\/05\\\/ciao-giacomo\\\/#breadcrumb\"},\"inLanguage\":\"it-IT\",\"potentialAction\":[{\"@type\":\"ReadAction\",\"target\":[\"https:\\\/\\\/2016.carnico.it\\\/blog\\\/2012\\\/08\\\/05\\\/ciao-giacomo\\\/\"]}]},{\"@type\":\"BreadcrumbList\",\"@id\":\"https:\\\/\\\/2016.carnico.it\\\/blog\\\/2012\\\/08\\\/05\\\/ciao-giacomo\\\/#breadcrumb\",\"itemListElement\":[{\"@type\":\"ListItem\",\"position\":1,\"name\":\"Home\",\"item\":\"https:\\\/\\\/2016.carnico.it\\\/blog\\\/\"},{\"@type\":\"ListItem\",\"position\":2,\"name\":\"CIAO GIACOMO &#8230;\"}]},{\"@type\":\"WebSite\",\"@id\":\"https:\\\/\\\/2016.carnico.it\\\/blog\\\/#website\",\"url\":\"https:\\\/\\\/2016.carnico.it\\\/blog\\\/\",\"name\":\"Campionato Carnico 2016\",\"description\":\"Notizie e aggiornamenti in tempo reale sul campionato Carnico\",\"potentialAction\":[{\"@type\":\"SearchAction\",\"target\":{\"@type\":\"EntryPoint\",\"urlTemplate\":\"https:\\\/\\\/2016.carnico.it\\\/blog\\\/?s={search_term_string}\"},\"query-input\":{\"@type\":\"PropertyValueSpecification\",\"valueRequired\":true,\"valueName\":\"search_term_string\"}}],\"inLanguage\":\"it-IT\"},{\"@type\":\"Person\",\"@id\":\"https:\\\/\\\/2016.carnico.it\\\/blog\\\/#\\\/schema\\\/person\\\/a68c764693d96df3238f123ea014e78c\",\"name\":\"Redazione\",\"image\":{\"@type\":\"ImageObject\",\"inLanguage\":\"it-IT\",\"@id\":\"https:\\\/\\\/secure.gravatar.com\\\/avatar\\\/6c05bd4dddbea475e283f76b4aa2d778ecb35c06fd92df5f6e0cac552163e2ac?s=96&d=mm&r=g\",\"url\":\"https:\\\/\\\/secure.gravatar.com\\\/avatar\\\/6c05bd4dddbea475e283f76b4aa2d778ecb35c06fd92df5f6e0cac552163e2ac?s=96&d=mm&r=g\",\"contentUrl\":\"https:\\\/\\\/secure.gravatar.com\\\/avatar\\\/6c05bd4dddbea475e283f76b4aa2d778ecb35c06fd92df5f6e0cac552163e2ac?s=96&d=mm&r=g\",\"caption\":\"Redazione\"},\"url\":\"https:\\\/\\\/2016.carnico.it\\\/blog\\\/author\\\/clyco-admin\\\/\"}]}<\/script>\n<!-- \/ Yoast SEO plugin. -->","yoast_head_json":{"title":"CIAO GIACOMO ... - Campionato Carnico 2016","robots":{"index":"index","follow":"follow","max-snippet":"max-snippet:-1","max-image-preview":"max-image-preview:large","max-video-preview":"max-video-preview:-1"},"canonical":"https:\/\/2016.carnico.it\/blog\/2012\/08\/05\/ciao-giacomo\/","og_locale":"it_IT","og_type":"article","og_title":"CIAO GIACOMO ... - Campionato Carnico 2016","og_description":"Un incidente stradale, nella tarda serata di sabato, ha spezzato la vita di Giacomo Lowenthal, diciottenne centrocampista della formazione juniores dell\u2019Arta. La disgrazia \u00e8 avvenuta sulla strada di Alzeri, a poco pi\u00f9 di cento metri dall\u2019innesto sulla statale 52 bis. Giacomo era un\u2019autentica promessa del freestyle, disciplina della quale, nel marzo scorso, aveva disputato i [&hellip;]","og_url":"https:\/\/2016.carnico.it\/blog\/2012\/08\/05\/ciao-giacomo\/","og_site_name":"Campionato Carnico 2016","article_publisher":"https:\/\/www.facebook.com\/campionatocarnico\/","article_published_time":"2012-08-05T09:26:44+00:00","article_modified_time":"2012-08-05T20:06:19+00:00","og_image":[{"url":"\/\/www.carnico.it\/blog\/wp-content\/uploads\/2012\/08\/G.L.-150x150.jpg","type":"","width":"","height":""}],"author":"Redazione","twitter_card":"summary_large_image","twitter_misc":{"Scritto da":"Redazione","Tempo di lettura stimato":"1 minuto"},"schema":{"@context":"https:\/\/schema.org","@graph":[{"@type":"Article","@id":"https:\/\/2016.carnico.it\/blog\/2012\/08\/05\/ciao-giacomo\/#article","isPartOf":{"@id":"https:\/\/2016.carnico.it\/blog\/2012\/08\/05\/ciao-giacomo\/"},"author":{"name":"Redazione","@id":"https:\/\/2016.carnico.it\/blog\/#\/schema\/person\/a68c764693d96df3238f123ea014e78c"},"headline":"CIAO GIACOMO &#8230;","datePublished":"2012-08-05T09:26:44+00:00","dateModified":"2012-08-05T20:06:19+00:00","mainEntityOfPage":{"@id":"https:\/\/2016.carnico.it\/blog\/2012\/08\/05\/ciao-giacomo\/"},"wordCount":169,"commentCount":21,"articleSection":["Carnico"],"inLanguage":"it-IT","potentialAction":[{"@type":"CommentAction","name":"Comment","target":["https:\/\/2016.carnico.it\/blog\/2012\/08\/05\/ciao-giacomo\/#respond"]}]},{"@type":"WebPage","@id":"https:\/\/2016.carnico.it\/blog\/2012\/08\/05\/ciao-giacomo\/","url":"https:\/\/2016.carnico.it\/blog\/2012\/08\/05\/ciao-giacomo\/","name":"CIAO GIACOMO ... - Campionato Carnico 2016","isPartOf":{"@id":"https:\/\/2016.carnico.it\/blog\/#website"},"datePublished":"2012-08-05T09:26:44+00:00","dateModified":"2012-08-05T20:06:19+00:00","author":{"@id":"https:\/\/2016.carnico.it\/blog\/#\/schema\/person\/a68c764693d96df3238f123ea014e78c"},"breadcrumb":{"@id":"https:\/\/2016.carnico.it\/blog\/2012\/08\/05\/ciao-giacomo\/#breadcrumb"},"inLanguage":"it-IT","potentialAction":[{"@type":"ReadAction","target":["https:\/\/2016.carnico.it\/blog\/2012\/08\/05\/ciao-giacomo\/"]}]},{"@type":"BreadcrumbList","@id":"https:\/\/2016.carnico.it\/blog\/2012\/08\/05\/ciao-giacomo\/#breadcrumb","itemListElement":[{"@type":"ListItem","position":1,"name":"Home","item":"https:\/\/2016.carnico.it\/blog\/"},{"@type":"ListItem","position":2,"name":"CIAO GIACOMO &#8230;"}]},{"@type":"WebSite","@id":"https:\/\/2016.carnico.it\/blog\/#website","url":"https:\/\/2016.carnico.it\/blog\/","name":"Campionato Carnico 2016","description":"Notizie e aggiornamenti in tempo reale sul campionato Carnico","potentialAction":[{"@type":"SearchAction","target":{"@type":"EntryPoint","urlTemplate":"https:\/\/2016.carnico.it\/blog\/?s={search_term_string}"},"query-input":{"@type":"PropertyValueSpecification","valueRequired":true,"valueName":"search_term_string"}}],"inLanguage":"it-IT"},{"@type":"Person","@id":"https:\/\/2016.carnico.it\/blog\/#\/schema\/person\/a68c764693d96df3238f123ea014e78c","name":"Redazione","image":{"@type":"ImageObject","inLanguage":"it-IT","@id":"https:\/\/secure.gravatar.com\/avatar\/6c05bd4dddbea475e283f76b4aa2d778ecb35c06fd92df5f6e0cac552163e2ac?s=96&d=mm&r=g","url":"https:\/\/secure.gravatar.com\/avatar\/6c05bd4dddbea475e283f76b4aa2d778ecb35c06fd92df5f6e0cac552163e2ac?s=96&d=mm&r=g","contentUrl":"https:\/\/secure.gravatar.com\/avatar\/6c05bd4dddbea475e283f76b4aa2d778ecb35c06fd92df5f6e0cac552163e2ac?s=96&d=mm&r=g","caption":"Redazione"},"url":"https:\/\/2016.carnico.it\/blog\/author\/clyco-admin\/"}]}},"_links":{"self":[{"href":"https:\/\/2016.carnico.it\/blog\/wp-json\/wp\/v2\/posts\/7717","targetHints":{"allow":["GET"]}}],"collection":[{"href":"https:\/\/2016.carnico.it\/blog\/wp-json\/wp\/v2\/posts"}],"about":[{"href":"https:\/\/2016.carnico.it\/blog\/wp-json\/wp\/v2\/types\/post"}],"author":[{"embeddable":true,"href":"https:\/\/2016.carnico.it\/blog\/wp-json\/wp\/v2\/users\/10"}],"replies":[{"embeddable":true,"href":"https:\/\/2016.carnico.it\/blog\/wp-json\/wp\/v2\/comments?post=7717"}],"version-history":[{"count":5,"href":"https:\/\/2016.carnico.it\/blog\/wp-json\/wp\/v2\/posts\/7717\/revisions"}],"predecessor-version":[{"id":7728,"href":"https:\/\/2016.carnico.it\/blog\/wp-json\/wp\/v2\/posts\/7717\/revisions\/7728"}],"wp:attachment":[{"href":"https:\/\/2016.carnico.it\/blog\/wp-json\/wp\/v2\/media?parent=7717"}],"wp:term":[{"taxonomy":"category","embeddable":true,"href":"https:\/\/2016.carnico.it\/blog\/wp-json\/wp\/v2\/categories?post=7717"},{"taxonomy":"post_tag","embeddable":true,"href":"https:\/\/2016.carnico.it\/blog\/wp-json\/wp\/v2\/tags?post=7717"}],"curies":[{"name":"wp","href":"https:\/\/api.w.org\/{rel}","templated":true}]}}