{"id":7695,"date":"2012-08-01T20:14:58","date_gmt":"2012-08-01T18:14:58","guid":{"rendered":"http:\/\/www.carnico.it\/blog\/?p=7695"},"modified":"2012-08-01T20:14:58","modified_gmt":"2012-08-01T18:14:58","slug":"la-telefonata-matteo-zammarchi-paluzza","status":"publish","type":"post","link":"https:\/\/2016.carnico.it\/blog\/2012\/08\/01\/la-telefonata-matteo-zammarchi-paluzza\/","title":{"rendered":"LA TELEFONATA: MATTEO ZAMMARCHI (PALUZZA)"},"content":{"rendered":"<p><strong><a href=\"\/\/www.carnico.it\/blog\/wp-content\/uploads\/2012\/08\/5851.jpg\"><img loading=\"lazy\" decoding=\"async\" class=\"alignright size-full wp-image-7698\" title=\"585\" src=\"\/\/www.carnico.it\/blog\/wp-content\/uploads\/2012\/08\/5851.jpg\" alt=\"\" width=\"100\" height=\"116\" \/><\/a>Pronto, Matteo Zammarchi? Gi\u00e0 sei uno dei migliori &#8220;giovani&#8221; dell&#8217;intero Carnico, ora ti metti anche a segnare gol decisivi?<\/strong><br \/>\n\u00abAmmetto che i complimenti fanno piacere, ma sono molti i ragazzi forti in questo campionato. Io ho la fortuna di avere ottimi compagni di squadra, che mi aiutano a crescere, insegnandomi molto. Domenica con il San Pietro \u00e8 andata bene, i tre punti erano importanti\u00bb.<br \/>\n<strong><!--more-->Ti aspettavi una stagione cos\u00ec sul piano personale? <\/strong><br \/>\n\u00abCi speravo. Anche l&#8217;anno scorso ero titolare, ma con un minutaggio inferiore, perch\u00e9 ci alternavamo io e Denis Moser; ora, invece, spesso giochiamo contemporaneamente. Sono soddisfatto anche dei 4 gol segnati, uno in pi\u00f9 rispetto all&#8217;intero torneo 2011\u00bb.<br \/>\n<strong>In prima squadra avevi comunque esordito l&#8217;anno prima. <\/strong><br \/>\n\u00abNon ero ancora diciassettenne e con il Fusca segnai alla prima partita. Un bel ricordo\u00bb<br \/>\n<strong>Descriviti come giocatore. <\/strong><br \/>\n\u00abPunto volentieri l&#8217;uomo, sfruttando tecnica e velocit\u00e0. Peccato che il fisico non aiuti. Gioco su entrambe le fasce, soprattutto la sinistra, perch\u00e9 cos\u00ec posso accentrarmi e andare al tiro. Il ruolo che preferisco \u00e8 comunque quello di trequartista, alle spalle delle punte\u00bb.<br \/>\n<strong>Pi\u00f9 di qualcuno \u00e8 convinto che potresti tentare l&#8217;avventura anche in categorie superiori, ovvero nei tornei regionali. Tu che dici?<\/strong><br \/>\n\u00abMi piacerebbe provarci un giorno, per confrontarmi con livelli pi\u00f9 alti. Per\u00f2 non sono sicuro di essere all&#8217;altezza\u00bb.<br \/>\n<strong>Quest&#8217;anno giochi assieme al fratello maggiore Luca, con il quale prosegui la tradizione iniziata da pap\u00e0 Pierangelo. In famiglia avete il nerazzurro del Paluzza tatuato sulla pelle&#8230;<\/strong><br \/>\n\u00abL&#8217;anno scorso in Coppa giocammo io e pap\u00e0 da una parte, Luca dall&#8217;altra con il Real. Una giornata indimenticabile grazie anche all&#8217;articolo del &#8220;Gazzettino&#8221;\u00bb.<br \/>\n<strong>Il ritorno di Luca \u00e8 stato importante per la squadra, vero? <\/strong><br \/>\n\u00abE&#8217; un giocatore fondamentale. Ed era ora che tornasse a darci una mano\u00bb.<br \/>\n<strong>Ce la fa il Paluzza ad andare in Prima? <\/strong><br \/>\n\u00abLa Moggese ritengo verr\u00e0 promossa senza problemi. Velox, Arta, Paluzza e Folgore lotteranno per gli altri due posti. Sar\u00e0 dura, ma ormai siamo in ballo, quindi&#8230;\u00bb.<br \/>\n<strong>Un giudizio su mister Francesco Moser? <\/strong><br \/>\n\u00abGrande allenatore, perch\u00e8 di calcio ne capisce molto, e persona eccezionale, sempre disposta ad aiutarti\u00bb<br \/>\n<strong>Un&#8217;ultima cosa: se ti dicessero di rinunciare per un mese al calcio oppure a Facebook, che scelta faresti?<\/strong><br \/>\n\u00abIl pallone non si tocca, perci\u00f2 direi arrivederci a FB. Ma sarebbero 30 giorni molto duri!\u00bb.<\/p>\n<p>(<em><strong>dal Gazzettino<\/strong><\/em>)<\/p>\n","protected":false},"excerpt":{"rendered":"<p>Pronto, Matteo Zammarchi? Gi\u00e0 sei uno dei migliori &#8220;giovani&#8221; dell&#8217;intero Carnico, ora ti metti anche a segnare gol decisivi? \u00abAmmetto che i complimenti fanno piacere, ma sono molti i ragazzi forti in questo campionato. Io ho la fortuna di avere ottimi compagni di squadra, che mi aiutano a crescere, insegnandomi molto. Domenica con il San [&hellip;]<\/p>\n","protected":false},"author":10,"featured_media":0,"comment_status":"open","ping_status":"closed","sticky":false,"template":"","format":"standard","meta":{"ngg_post_thumbnail":0,"footnotes":""},"categories":[3,1],"tags":[],"class_list":["post-7695","post","type-post","status-publish","format-standard","hentry","category-carnico","category-commento-campionato"],"yoast_head":"<!-- This site is optimized with the Yoast SEO plugin v27.3 - https:\/\/yoast.com\/product\/yoast-seo-wordpress\/ -->\n<title>LA TELEFONATA: MATTEO ZAMMARCHI (PALUZZA) - Campionato Carnico 2016<\/title>\n<meta name=\"robots\" content=\"index, follow, max-snippet:-1, max-image-preview:large, max-video-preview:-1\" \/>\n<link rel=\"canonical\" href=\"https:\/\/2016.carnico.it\/blog\/2012\/08\/01\/la-telefonata-matteo-zammarchi-paluzza\/\" \/>\n<meta property=\"og:locale\" content=\"it_IT\" \/>\n<meta property=\"og:type\" content=\"article\" \/>\n<meta property=\"og:title\" content=\"LA TELEFONATA: MATTEO ZAMMARCHI (PALUZZA) - Campionato Carnico 2016\" \/>\n<meta property=\"og:description\" content=\"Pronto, Matteo Zammarchi? Gi\u00e0 sei uno dei migliori &#8220;giovani&#8221; dell&#8217;intero Carnico, ora ti metti anche a segnare gol decisivi? \u00abAmmetto che i complimenti fanno piacere, ma sono molti i ragazzi forti in questo campionato. Io ho la fortuna di avere ottimi compagni di squadra, che mi aiutano a crescere, insegnandomi molto. Domenica con il San [&hellip;]\" \/>\n<meta property=\"og:url\" content=\"https:\/\/2016.carnico.it\/blog\/2012\/08\/01\/la-telefonata-matteo-zammarchi-paluzza\/\" \/>\n<meta property=\"og:site_name\" content=\"Campionato Carnico 2016\" \/>\n<meta property=\"article:publisher\" content=\"https:\/\/www.facebook.com\/campionatocarnico\/\" \/>\n<meta property=\"article:published_time\" content=\"2012-08-01T18:14:58+00:00\" \/>\n<meta property=\"og:image\" content=\"\/\/www.carnico.it\/blog\/wp-content\/uploads\/2012\/08\/5851.jpg\" \/>\n<meta name=\"author\" content=\"Redazione\" \/>\n<meta name=\"twitter:card\" content=\"summary_large_image\" \/>\n<meta name=\"twitter:label1\" content=\"Scritto da\" \/>\n\t<meta name=\"twitter:data1\" content=\"Redazione\" \/>\n\t<meta name=\"twitter:label2\" content=\"Tempo di lettura stimato\" \/>\n\t<meta name=\"twitter:data2\" content=\"2 minuti\" \/>\n<script type=\"application\/ld+json\" class=\"yoast-schema-graph\">{\"@context\":\"https:\\\/\\\/schema.org\",\"@graph\":[{\"@type\":\"Article\",\"@id\":\"https:\\\/\\\/2016.carnico.it\\\/blog\\\/2012\\\/08\\\/01\\\/la-telefonata-matteo-zammarchi-paluzza\\\/#article\",\"isPartOf\":{\"@id\":\"https:\\\/\\\/2016.carnico.it\\\/blog\\\/2012\\\/08\\\/01\\\/la-telefonata-matteo-zammarchi-paluzza\\\/\"},\"author\":{\"name\":\"Redazione\",\"@id\":\"https:\\\/\\\/2016.carnico.it\\\/blog\\\/#\\\/schema\\\/person\\\/a68c764693d96df3238f123ea014e78c\"},\"headline\":\"LA TELEFONATA: MATTEO ZAMMARCHI (PALUZZA)\",\"datePublished\":\"2012-08-01T18:14:58+00:00\",\"mainEntityOfPage\":{\"@id\":\"https:\\\/\\\/2016.carnico.it\\\/blog\\\/2012\\\/08\\\/01\\\/la-telefonata-matteo-zammarchi-paluzza\\\/\"},\"wordCount\":393,\"commentCount\":5,\"articleSection\":[\"Carnico\",\"Commento al campionato\"],\"inLanguage\":\"it-IT\",\"potentialAction\":[{\"@type\":\"CommentAction\",\"name\":\"Comment\",\"target\":[\"https:\\\/\\\/2016.carnico.it\\\/blog\\\/2012\\\/08\\\/01\\\/la-telefonata-matteo-zammarchi-paluzza\\\/#respond\"]}]},{\"@type\":\"WebPage\",\"@id\":\"https:\\\/\\\/2016.carnico.it\\\/blog\\\/2012\\\/08\\\/01\\\/la-telefonata-matteo-zammarchi-paluzza\\\/\",\"url\":\"https:\\\/\\\/2016.carnico.it\\\/blog\\\/2012\\\/08\\\/01\\\/la-telefonata-matteo-zammarchi-paluzza\\\/\",\"name\":\"LA TELEFONATA: MATTEO ZAMMARCHI (PALUZZA) - Campionato Carnico 2016\",\"isPartOf\":{\"@id\":\"https:\\\/\\\/2016.carnico.it\\\/blog\\\/#website\"},\"datePublished\":\"2012-08-01T18:14:58+00:00\",\"author\":{\"@id\":\"https:\\\/\\\/2016.carnico.it\\\/blog\\\/#\\\/schema\\\/person\\\/a68c764693d96df3238f123ea014e78c\"},\"breadcrumb\":{\"@id\":\"https:\\\/\\\/2016.carnico.it\\\/blog\\\/2012\\\/08\\\/01\\\/la-telefonata-matteo-zammarchi-paluzza\\\/#breadcrumb\"},\"inLanguage\":\"it-IT\",\"potentialAction\":[{\"@type\":\"ReadAction\",\"target\":[\"https:\\\/\\\/2016.carnico.it\\\/blog\\\/2012\\\/08\\\/01\\\/la-telefonata-matteo-zammarchi-paluzza\\\/\"]}]},{\"@type\":\"BreadcrumbList\",\"@id\":\"https:\\\/\\\/2016.carnico.it\\\/blog\\\/2012\\\/08\\\/01\\\/la-telefonata-matteo-zammarchi-paluzza\\\/#breadcrumb\",\"itemListElement\":[{\"@type\":\"ListItem\",\"position\":1,\"name\":\"Home\",\"item\":\"https:\\\/\\\/2016.carnico.it\\\/blog\\\/\"},{\"@type\":\"ListItem\",\"position\":2,\"name\":\"LA TELEFONATA: MATTEO ZAMMARCHI (PALUZZA)\"}]},{\"@type\":\"WebSite\",\"@id\":\"https:\\\/\\\/2016.carnico.it\\\/blog\\\/#website\",\"url\":\"https:\\\/\\\/2016.carnico.it\\\/blog\\\/\",\"name\":\"Campionato Carnico 2016\",\"description\":\"Notizie e aggiornamenti in tempo reale sul campionato Carnico\",\"potentialAction\":[{\"@type\":\"SearchAction\",\"target\":{\"@type\":\"EntryPoint\",\"urlTemplate\":\"https:\\\/\\\/2016.carnico.it\\\/blog\\\/?s={search_term_string}\"},\"query-input\":{\"@type\":\"PropertyValueSpecification\",\"valueRequired\":true,\"valueName\":\"search_term_string\"}}],\"inLanguage\":\"it-IT\"},{\"@type\":\"Person\",\"@id\":\"https:\\\/\\\/2016.carnico.it\\\/blog\\\/#\\\/schema\\\/person\\\/a68c764693d96df3238f123ea014e78c\",\"name\":\"Redazione\",\"image\":{\"@type\":\"ImageObject\",\"inLanguage\":\"it-IT\",\"@id\":\"https:\\\/\\\/secure.gravatar.com\\\/avatar\\\/6c05bd4dddbea475e283f76b4aa2d778ecb35c06fd92df5f6e0cac552163e2ac?s=96&d=mm&r=g\",\"url\":\"https:\\\/\\\/secure.gravatar.com\\\/avatar\\\/6c05bd4dddbea475e283f76b4aa2d778ecb35c06fd92df5f6e0cac552163e2ac?s=96&d=mm&r=g\",\"contentUrl\":\"https:\\\/\\\/secure.gravatar.com\\\/avatar\\\/6c05bd4dddbea475e283f76b4aa2d778ecb35c06fd92df5f6e0cac552163e2ac?s=96&d=mm&r=g\",\"caption\":\"Redazione\"},\"url\":\"https:\\\/\\\/2016.carnico.it\\\/blog\\\/author\\\/clyco-admin\\\/\"}]}<\/script>\n<!-- \/ Yoast SEO plugin. -->","yoast_head_json":{"title":"LA TELEFONATA: MATTEO ZAMMARCHI (PALUZZA) - Campionato Carnico 2016","robots":{"index":"index","follow":"follow","max-snippet":"max-snippet:-1","max-image-preview":"max-image-preview:large","max-video-preview":"max-video-preview:-1"},"canonical":"https:\/\/2016.carnico.it\/blog\/2012\/08\/01\/la-telefonata-matteo-zammarchi-paluzza\/","og_locale":"it_IT","og_type":"article","og_title":"LA TELEFONATA: MATTEO ZAMMARCHI (PALUZZA) - Campionato Carnico 2016","og_description":"Pronto, Matteo Zammarchi? Gi\u00e0 sei uno dei migliori &#8220;giovani&#8221; dell&#8217;intero Carnico, ora ti metti anche a segnare gol decisivi? \u00abAmmetto che i complimenti fanno piacere, ma sono molti i ragazzi forti in questo campionato. Io ho la fortuna di avere ottimi compagni di squadra, che mi aiutano a crescere, insegnandomi molto. Domenica con il San [&hellip;]","og_url":"https:\/\/2016.carnico.it\/blog\/2012\/08\/01\/la-telefonata-matteo-zammarchi-paluzza\/","og_site_name":"Campionato Carnico 2016","article_publisher":"https:\/\/www.facebook.com\/campionatocarnico\/","article_published_time":"2012-08-01T18:14:58+00:00","og_image":[{"url":"\/\/www.carnico.it\/blog\/wp-content\/uploads\/2012\/08\/5851.jpg","type":"","width":"","height":""}],"author":"Redazione","twitter_card":"summary_large_image","twitter_misc":{"Scritto da":"Redazione","Tempo di lettura stimato":"2 minuti"},"schema":{"@context":"https:\/\/schema.org","@graph":[{"@type":"Article","@id":"https:\/\/2016.carnico.it\/blog\/2012\/08\/01\/la-telefonata-matteo-zammarchi-paluzza\/#article","isPartOf":{"@id":"https:\/\/2016.carnico.it\/blog\/2012\/08\/01\/la-telefonata-matteo-zammarchi-paluzza\/"},"author":{"name":"Redazione","@id":"https:\/\/2016.carnico.it\/blog\/#\/schema\/person\/a68c764693d96df3238f123ea014e78c"},"headline":"LA TELEFONATA: MATTEO ZAMMARCHI (PALUZZA)","datePublished":"2012-08-01T18:14:58+00:00","mainEntityOfPage":{"@id":"https:\/\/2016.carnico.it\/blog\/2012\/08\/01\/la-telefonata-matteo-zammarchi-paluzza\/"},"wordCount":393,"commentCount":5,"articleSection":["Carnico","Commento al campionato"],"inLanguage":"it-IT","potentialAction":[{"@type":"CommentAction","name":"Comment","target":["https:\/\/2016.carnico.it\/blog\/2012\/08\/01\/la-telefonata-matteo-zammarchi-paluzza\/#respond"]}]},{"@type":"WebPage","@id":"https:\/\/2016.carnico.it\/blog\/2012\/08\/01\/la-telefonata-matteo-zammarchi-paluzza\/","url":"https:\/\/2016.carnico.it\/blog\/2012\/08\/01\/la-telefonata-matteo-zammarchi-paluzza\/","name":"LA TELEFONATA: MATTEO ZAMMARCHI (PALUZZA) - Campionato Carnico 2016","isPartOf":{"@id":"https:\/\/2016.carnico.it\/blog\/#website"},"datePublished":"2012-08-01T18:14:58+00:00","author":{"@id":"https:\/\/2016.carnico.it\/blog\/#\/schema\/person\/a68c764693d96df3238f123ea014e78c"},"breadcrumb":{"@id":"https:\/\/2016.carnico.it\/blog\/2012\/08\/01\/la-telefonata-matteo-zammarchi-paluzza\/#breadcrumb"},"inLanguage":"it-IT","potentialAction":[{"@type":"ReadAction","target":["https:\/\/2016.carnico.it\/blog\/2012\/08\/01\/la-telefonata-matteo-zammarchi-paluzza\/"]}]},{"@type":"BreadcrumbList","@id":"https:\/\/2016.carnico.it\/blog\/2012\/08\/01\/la-telefonata-matteo-zammarchi-paluzza\/#breadcrumb","itemListElement":[{"@type":"ListItem","position":1,"name":"Home","item":"https:\/\/2016.carnico.it\/blog\/"},{"@type":"ListItem","position":2,"name":"LA TELEFONATA: MATTEO ZAMMARCHI (PALUZZA)"}]},{"@type":"WebSite","@id":"https:\/\/2016.carnico.it\/blog\/#website","url":"https:\/\/2016.carnico.it\/blog\/","name":"Campionato Carnico 2016","description":"Notizie e aggiornamenti in tempo reale sul campionato Carnico","potentialAction":[{"@type":"SearchAction","target":{"@type":"EntryPoint","urlTemplate":"https:\/\/2016.carnico.it\/blog\/?s={search_term_string}"},"query-input":{"@type":"PropertyValueSpecification","valueRequired":true,"valueName":"search_term_string"}}],"inLanguage":"it-IT"},{"@type":"Person","@id":"https:\/\/2016.carnico.it\/blog\/#\/schema\/person\/a68c764693d96df3238f123ea014e78c","name":"Redazione","image":{"@type":"ImageObject","inLanguage":"it-IT","@id":"https:\/\/secure.gravatar.com\/avatar\/6c05bd4dddbea475e283f76b4aa2d778ecb35c06fd92df5f6e0cac552163e2ac?s=96&d=mm&r=g","url":"https:\/\/secure.gravatar.com\/avatar\/6c05bd4dddbea475e283f76b4aa2d778ecb35c06fd92df5f6e0cac552163e2ac?s=96&d=mm&r=g","contentUrl":"https:\/\/secure.gravatar.com\/avatar\/6c05bd4dddbea475e283f76b4aa2d778ecb35c06fd92df5f6e0cac552163e2ac?s=96&d=mm&r=g","caption":"Redazione"},"url":"https:\/\/2016.carnico.it\/blog\/author\/clyco-admin\/"}]}},"_links":{"self":[{"href":"https:\/\/2016.carnico.it\/blog\/wp-json\/wp\/v2\/posts\/7695","targetHints":{"allow":["GET"]}}],"collection":[{"href":"https:\/\/2016.carnico.it\/blog\/wp-json\/wp\/v2\/posts"}],"about":[{"href":"https:\/\/2016.carnico.it\/blog\/wp-json\/wp\/v2\/types\/post"}],"author":[{"embeddable":true,"href":"https:\/\/2016.carnico.it\/blog\/wp-json\/wp\/v2\/users\/10"}],"replies":[{"embeddable":true,"href":"https:\/\/2016.carnico.it\/blog\/wp-json\/wp\/v2\/comments?post=7695"}],"version-history":[{"count":3,"href":"https:\/\/2016.carnico.it\/blog\/wp-json\/wp\/v2\/posts\/7695\/revisions"}],"predecessor-version":[{"id":7700,"href":"https:\/\/2016.carnico.it\/blog\/wp-json\/wp\/v2\/posts\/7695\/revisions\/7700"}],"wp:attachment":[{"href":"https:\/\/2016.carnico.it\/blog\/wp-json\/wp\/v2\/media?parent=7695"}],"wp:term":[{"taxonomy":"category","embeddable":true,"href":"https:\/\/2016.carnico.it\/blog\/wp-json\/wp\/v2\/categories?post=7695"},{"taxonomy":"post_tag","embeddable":true,"href":"https:\/\/2016.carnico.it\/blog\/wp-json\/wp\/v2\/tags?post=7695"}],"curies":[{"name":"wp","href":"https:\/\/api.w.org\/{rel}","templated":true}]}}