{"id":7616,"date":"2012-07-21T12:38:34","date_gmt":"2012-07-21T10:38:34","guid":{"rendered":"http:\/\/www.carnico.it\/blog\/?p=7616"},"modified":"2012-07-21T12:38:34","modified_gmt":"2012-07-21T10:38:34","slug":"complimenti-a-butturini","status":"publish","type":"post","link":"https:\/\/2016.carnico.it\/blog\/2012\/07\/21\/complimenti-a-butturini\/","title":{"rendered":"COMPLIMENTI A BUTTURINI"},"content":{"rendered":"<p><a href=\"\/\/www.carnico.it\/blog\/2012\/07\/21\/complimenti-a-butturini\/andrea-butturini\/\" rel=\"attachment wp-att-7617\"><img loading=\"lazy\" decoding=\"async\" class=\"alignleft size-thumbnail wp-image-7617\" title=\"Andrea Butturini\" src=\"\/\/www.carnico.it\/blog\/wp-content\/uploads\/2012\/07\/Andrea-Butturini-150x150.jpg\" alt=\"\" width=\"150\" height=\"150\" \/><\/a><\/p>\n<p><em><strong>Simone Fornasiere, collaboratore de &#8220;Il Gazzettino&#8221; ed inviato di &#8220;A tutto Carnico&#8221;, ci ha inviato questa notizia che pubblichiamo molto volentieri.<\/strong> <\/em><\/p>\n<p>Con l\u2019inizio della nuova stagione calcistica alle porte, subito una bella notizia per un arbitro friulano, da qualche anno trapiantato, per motivi di lavoro, in Lombardia. Infatti l\u2019ex arbitro, ora osservatore, Andrea Butturini di Tarvisio (che molti ricordano quale fischietto sui campi della Carnia), ora appartenente alla sezione di Monza, \u00e8 stato scelto come componente nazionale della struttura tecnica, nell\u2019area studio inerente regolamento, guida pratica e materiale didattico dell\u2019Associazione Italiana Arbitri. A lui, che ci ha confidato che quando libero ascolta sempre \u201cA tutto carnico\u201d in streaming e di essere attento lettore del sito, ovviamente il pi\u00f9 grosso in bocca al lupo , sperando chiss\u00e0 , che un giorno, qualche novit\u00e0 da lui proposta possa prendere il via proprio dal nostro campionato\u2026. Complimenti ed in bocca al lupo Andrea!<\/p>\n","protected":false},"excerpt":{"rendered":"<p>Simone Fornasiere, collaboratore de &#8220;Il Gazzettino&#8221; ed inviato di &#8220;A tutto Carnico&#8221;, ci ha inviato questa notizia che pubblichiamo molto volentieri. Con l\u2019inizio della nuova stagione calcistica alle porte, subito una bella notizia per un arbitro friulano, da qualche anno trapiantato, per motivi di lavoro, in Lombardia. Infatti l\u2019ex arbitro, ora osservatore, Andrea Butturini di [&hellip;]<\/p>\n","protected":false},"author":10,"featured_media":0,"comment_status":"open","ping_status":"closed","sticky":false,"template":"","format":"standard","meta":{"ngg_post_thumbnail":0,"footnotes":""},"categories":[3],"tags":[],"class_list":["post-7616","post","type-post","status-publish","format-standard","hentry","category-carnico"],"yoast_head":"<!-- This site is optimized with the Yoast SEO plugin v27.3 - https:\/\/yoast.com\/product\/yoast-seo-wordpress\/ -->\n<title>COMPLIMENTI A BUTTURINI - Campionato Carnico 2016<\/title>\n<meta name=\"robots\" content=\"index, follow, max-snippet:-1, max-image-preview:large, max-video-preview:-1\" \/>\n<link rel=\"canonical\" href=\"https:\/\/2016.carnico.it\/blog\/2012\/07\/21\/complimenti-a-butturini\/\" \/>\n<meta property=\"og:locale\" content=\"it_IT\" \/>\n<meta property=\"og:type\" content=\"article\" \/>\n<meta property=\"og:title\" content=\"COMPLIMENTI A BUTTURINI - Campionato Carnico 2016\" \/>\n<meta property=\"og:description\" content=\"Simone Fornasiere, collaboratore de &#8220;Il Gazzettino&#8221; ed inviato di &#8220;A tutto Carnico&#8221;, ci ha inviato questa notizia che pubblichiamo molto volentieri. Con l\u2019inizio della nuova stagione calcistica alle porte, subito una bella notizia per un arbitro friulano, da qualche anno trapiantato, per motivi di lavoro, in Lombardia. Infatti l\u2019ex arbitro, ora osservatore, Andrea Butturini di [&hellip;]\" \/>\n<meta property=\"og:url\" content=\"https:\/\/2016.carnico.it\/blog\/2012\/07\/21\/complimenti-a-butturini\/\" \/>\n<meta property=\"og:site_name\" content=\"Campionato Carnico 2016\" \/>\n<meta property=\"article:publisher\" content=\"https:\/\/www.facebook.com\/campionatocarnico\/\" \/>\n<meta property=\"article:published_time\" content=\"2012-07-21T10:38:34+00:00\" \/>\n<meta property=\"og:image\" content=\"\/\/www.carnico.it\/blog\/wp-content\/uploads\/2012\/07\/Andrea-Butturini-150x150.jpg\" \/>\n<meta name=\"author\" content=\"Redazione\" \/>\n<meta name=\"twitter:card\" content=\"summary_large_image\" \/>\n<meta name=\"twitter:label1\" content=\"Scritto da\" \/>\n\t<meta name=\"twitter:data1\" content=\"Redazione\" \/>\n\t<meta name=\"twitter:label2\" content=\"Tempo di lettura stimato\" \/>\n\t<meta name=\"twitter:data2\" content=\"1 minuto\" \/>\n<script type=\"application\/ld+json\" class=\"yoast-schema-graph\">{\"@context\":\"https:\\\/\\\/schema.org\",\"@graph\":[{\"@type\":\"Article\",\"@id\":\"https:\\\/\\\/2016.carnico.it\\\/blog\\\/2012\\\/07\\\/21\\\/complimenti-a-butturini\\\/#article\",\"isPartOf\":{\"@id\":\"https:\\\/\\\/2016.carnico.it\\\/blog\\\/2012\\\/07\\\/21\\\/complimenti-a-butturini\\\/\"},\"author\":{\"name\":\"Redazione\",\"@id\":\"https:\\\/\\\/2016.carnico.it\\\/blog\\\/#\\\/schema\\\/person\\\/a68c764693d96df3238f123ea014e78c\"},\"headline\":\"COMPLIMENTI A BUTTURINI\",\"datePublished\":\"2012-07-21T10:38:34+00:00\",\"mainEntityOfPage\":{\"@id\":\"https:\\\/\\\/2016.carnico.it\\\/blog\\\/2012\\\/07\\\/21\\\/complimenti-a-butturini\\\/\"},\"wordCount\":154,\"commentCount\":4,\"articleSection\":[\"Carnico\"],\"inLanguage\":\"it-IT\",\"potentialAction\":[{\"@type\":\"CommentAction\",\"name\":\"Comment\",\"target\":[\"https:\\\/\\\/2016.carnico.it\\\/blog\\\/2012\\\/07\\\/21\\\/complimenti-a-butturini\\\/#respond\"]}]},{\"@type\":\"WebPage\",\"@id\":\"https:\\\/\\\/2016.carnico.it\\\/blog\\\/2012\\\/07\\\/21\\\/complimenti-a-butturini\\\/\",\"url\":\"https:\\\/\\\/2016.carnico.it\\\/blog\\\/2012\\\/07\\\/21\\\/complimenti-a-butturini\\\/\",\"name\":\"COMPLIMENTI A BUTTURINI - Campionato Carnico 2016\",\"isPartOf\":{\"@id\":\"https:\\\/\\\/2016.carnico.it\\\/blog\\\/#website\"},\"datePublished\":\"2012-07-21T10:38:34+00:00\",\"author\":{\"@id\":\"https:\\\/\\\/2016.carnico.it\\\/blog\\\/#\\\/schema\\\/person\\\/a68c764693d96df3238f123ea014e78c\"},\"breadcrumb\":{\"@id\":\"https:\\\/\\\/2016.carnico.it\\\/blog\\\/2012\\\/07\\\/21\\\/complimenti-a-butturini\\\/#breadcrumb\"},\"inLanguage\":\"it-IT\",\"potentialAction\":[{\"@type\":\"ReadAction\",\"target\":[\"https:\\\/\\\/2016.carnico.it\\\/blog\\\/2012\\\/07\\\/21\\\/complimenti-a-butturini\\\/\"]}]},{\"@type\":\"BreadcrumbList\",\"@id\":\"https:\\\/\\\/2016.carnico.it\\\/blog\\\/2012\\\/07\\\/21\\\/complimenti-a-butturini\\\/#breadcrumb\",\"itemListElement\":[{\"@type\":\"ListItem\",\"position\":1,\"name\":\"Home\",\"item\":\"https:\\\/\\\/2016.carnico.it\\\/blog\\\/\"},{\"@type\":\"ListItem\",\"position\":2,\"name\":\"COMPLIMENTI A BUTTURINI\"}]},{\"@type\":\"WebSite\",\"@id\":\"https:\\\/\\\/2016.carnico.it\\\/blog\\\/#website\",\"url\":\"https:\\\/\\\/2016.carnico.it\\\/blog\\\/\",\"name\":\"Campionato Carnico 2016\",\"description\":\"Notizie e aggiornamenti in tempo reale sul campionato Carnico\",\"potentialAction\":[{\"@type\":\"SearchAction\",\"target\":{\"@type\":\"EntryPoint\",\"urlTemplate\":\"https:\\\/\\\/2016.carnico.it\\\/blog\\\/?s={search_term_string}\"},\"query-input\":{\"@type\":\"PropertyValueSpecification\",\"valueRequired\":true,\"valueName\":\"search_term_string\"}}],\"inLanguage\":\"it-IT\"},{\"@type\":\"Person\",\"@id\":\"https:\\\/\\\/2016.carnico.it\\\/blog\\\/#\\\/schema\\\/person\\\/a68c764693d96df3238f123ea014e78c\",\"name\":\"Redazione\",\"image\":{\"@type\":\"ImageObject\",\"inLanguage\":\"it-IT\",\"@id\":\"https:\\\/\\\/secure.gravatar.com\\\/avatar\\\/6c05bd4dddbea475e283f76b4aa2d778ecb35c06fd92df5f6e0cac552163e2ac?s=96&d=mm&r=g\",\"url\":\"https:\\\/\\\/secure.gravatar.com\\\/avatar\\\/6c05bd4dddbea475e283f76b4aa2d778ecb35c06fd92df5f6e0cac552163e2ac?s=96&d=mm&r=g\",\"contentUrl\":\"https:\\\/\\\/secure.gravatar.com\\\/avatar\\\/6c05bd4dddbea475e283f76b4aa2d778ecb35c06fd92df5f6e0cac552163e2ac?s=96&d=mm&r=g\",\"caption\":\"Redazione\"},\"url\":\"https:\\\/\\\/2016.carnico.it\\\/blog\\\/author\\\/clyco-admin\\\/\"}]}<\/script>\n<!-- \/ Yoast SEO plugin. -->","yoast_head_json":{"title":"COMPLIMENTI A BUTTURINI - Campionato Carnico 2016","robots":{"index":"index","follow":"follow","max-snippet":"max-snippet:-1","max-image-preview":"max-image-preview:large","max-video-preview":"max-video-preview:-1"},"canonical":"https:\/\/2016.carnico.it\/blog\/2012\/07\/21\/complimenti-a-butturini\/","og_locale":"it_IT","og_type":"article","og_title":"COMPLIMENTI A BUTTURINI - Campionato Carnico 2016","og_description":"Simone Fornasiere, collaboratore de &#8220;Il Gazzettino&#8221; ed inviato di &#8220;A tutto Carnico&#8221;, ci ha inviato questa notizia che pubblichiamo molto volentieri. Con l\u2019inizio della nuova stagione calcistica alle porte, subito una bella notizia per un arbitro friulano, da qualche anno trapiantato, per motivi di lavoro, in Lombardia. Infatti l\u2019ex arbitro, ora osservatore, Andrea Butturini di [&hellip;]","og_url":"https:\/\/2016.carnico.it\/blog\/2012\/07\/21\/complimenti-a-butturini\/","og_site_name":"Campionato Carnico 2016","article_publisher":"https:\/\/www.facebook.com\/campionatocarnico\/","article_published_time":"2012-07-21T10:38:34+00:00","og_image":[{"url":"\/\/www.carnico.it\/blog\/wp-content\/uploads\/2012\/07\/Andrea-Butturini-150x150.jpg","type":"","width":"","height":""}],"author":"Redazione","twitter_card":"summary_large_image","twitter_misc":{"Scritto da":"Redazione","Tempo di lettura stimato":"1 minuto"},"schema":{"@context":"https:\/\/schema.org","@graph":[{"@type":"Article","@id":"https:\/\/2016.carnico.it\/blog\/2012\/07\/21\/complimenti-a-butturini\/#article","isPartOf":{"@id":"https:\/\/2016.carnico.it\/blog\/2012\/07\/21\/complimenti-a-butturini\/"},"author":{"name":"Redazione","@id":"https:\/\/2016.carnico.it\/blog\/#\/schema\/person\/a68c764693d96df3238f123ea014e78c"},"headline":"COMPLIMENTI A BUTTURINI","datePublished":"2012-07-21T10:38:34+00:00","mainEntityOfPage":{"@id":"https:\/\/2016.carnico.it\/blog\/2012\/07\/21\/complimenti-a-butturini\/"},"wordCount":154,"commentCount":4,"articleSection":["Carnico"],"inLanguage":"it-IT","potentialAction":[{"@type":"CommentAction","name":"Comment","target":["https:\/\/2016.carnico.it\/blog\/2012\/07\/21\/complimenti-a-butturini\/#respond"]}]},{"@type":"WebPage","@id":"https:\/\/2016.carnico.it\/blog\/2012\/07\/21\/complimenti-a-butturini\/","url":"https:\/\/2016.carnico.it\/blog\/2012\/07\/21\/complimenti-a-butturini\/","name":"COMPLIMENTI A BUTTURINI - Campionato Carnico 2016","isPartOf":{"@id":"https:\/\/2016.carnico.it\/blog\/#website"},"datePublished":"2012-07-21T10:38:34+00:00","author":{"@id":"https:\/\/2016.carnico.it\/blog\/#\/schema\/person\/a68c764693d96df3238f123ea014e78c"},"breadcrumb":{"@id":"https:\/\/2016.carnico.it\/blog\/2012\/07\/21\/complimenti-a-butturini\/#breadcrumb"},"inLanguage":"it-IT","potentialAction":[{"@type":"ReadAction","target":["https:\/\/2016.carnico.it\/blog\/2012\/07\/21\/complimenti-a-butturini\/"]}]},{"@type":"BreadcrumbList","@id":"https:\/\/2016.carnico.it\/blog\/2012\/07\/21\/complimenti-a-butturini\/#breadcrumb","itemListElement":[{"@type":"ListItem","position":1,"name":"Home","item":"https:\/\/2016.carnico.it\/blog\/"},{"@type":"ListItem","position":2,"name":"COMPLIMENTI A BUTTURINI"}]},{"@type":"WebSite","@id":"https:\/\/2016.carnico.it\/blog\/#website","url":"https:\/\/2016.carnico.it\/blog\/","name":"Campionato Carnico 2016","description":"Notizie e aggiornamenti in tempo reale sul campionato Carnico","potentialAction":[{"@type":"SearchAction","target":{"@type":"EntryPoint","urlTemplate":"https:\/\/2016.carnico.it\/blog\/?s={search_term_string}"},"query-input":{"@type":"PropertyValueSpecification","valueRequired":true,"valueName":"search_term_string"}}],"inLanguage":"it-IT"},{"@type":"Person","@id":"https:\/\/2016.carnico.it\/blog\/#\/schema\/person\/a68c764693d96df3238f123ea014e78c","name":"Redazione","image":{"@type":"ImageObject","inLanguage":"it-IT","@id":"https:\/\/secure.gravatar.com\/avatar\/6c05bd4dddbea475e283f76b4aa2d778ecb35c06fd92df5f6e0cac552163e2ac?s=96&d=mm&r=g","url":"https:\/\/secure.gravatar.com\/avatar\/6c05bd4dddbea475e283f76b4aa2d778ecb35c06fd92df5f6e0cac552163e2ac?s=96&d=mm&r=g","contentUrl":"https:\/\/secure.gravatar.com\/avatar\/6c05bd4dddbea475e283f76b4aa2d778ecb35c06fd92df5f6e0cac552163e2ac?s=96&d=mm&r=g","caption":"Redazione"},"url":"https:\/\/2016.carnico.it\/blog\/author\/clyco-admin\/"}]}},"_links":{"self":[{"href":"https:\/\/2016.carnico.it\/blog\/wp-json\/wp\/v2\/posts\/7616","targetHints":{"allow":["GET"]}}],"collection":[{"href":"https:\/\/2016.carnico.it\/blog\/wp-json\/wp\/v2\/posts"}],"about":[{"href":"https:\/\/2016.carnico.it\/blog\/wp-json\/wp\/v2\/types\/post"}],"author":[{"embeddable":true,"href":"https:\/\/2016.carnico.it\/blog\/wp-json\/wp\/v2\/users\/10"}],"replies":[{"embeddable":true,"href":"https:\/\/2016.carnico.it\/blog\/wp-json\/wp\/v2\/comments?post=7616"}],"version-history":[{"count":2,"href":"https:\/\/2016.carnico.it\/blog\/wp-json\/wp\/v2\/posts\/7616\/revisions"}],"predecessor-version":[{"id":7619,"href":"https:\/\/2016.carnico.it\/blog\/wp-json\/wp\/v2\/posts\/7616\/revisions\/7619"}],"wp:attachment":[{"href":"https:\/\/2016.carnico.it\/blog\/wp-json\/wp\/v2\/media?parent=7616"}],"wp:term":[{"taxonomy":"category","embeddable":true,"href":"https:\/\/2016.carnico.it\/blog\/wp-json\/wp\/v2\/categories?post=7616"},{"taxonomy":"post_tag","embeddable":true,"href":"https:\/\/2016.carnico.it\/blog\/wp-json\/wp\/v2\/tags?post=7616"}],"curies":[{"name":"wp","href":"https:\/\/api.w.org\/{rel}","templated":true}]}}