{"id":7609,"date":"2012-07-21T15:07:33","date_gmt":"2012-07-21T13:07:33","guid":{"rendered":"http:\/\/www.carnico.it\/blog\/?p=7609"},"modified":"2012-07-21T12:11:37","modified_gmt":"2012-07-21T10:11:37","slug":"giovani-promesse-fabio-calbi-tarvisio","status":"publish","type":"post","link":"https:\/\/2016.carnico.it\/blog\/2012\/07\/21\/giovani-promesse-fabio-calbi-tarvisio\/","title":{"rendered":"GIOVANI PROMESSE: FABIO CALBI (TARVISIO)"},"content":{"rendered":"<p><a href=\"\/\/www.carnico.it\/blog\/wp-content\/uploads\/2012\/07\/TARVISIO-2012-Fabio-Calbi.jpg\"><img loading=\"lazy\" decoding=\"async\" class=\"alignleft size-full wp-image-7610\" title=\"TARVISIO 2012- Fabio Calbi\" src=\"\/\/www.carnico.it\/blog\/wp-content\/uploads\/2012\/07\/TARVISIO-2012-Fabio-Calbi.jpg\" alt=\"\" width=\"110\" height=\"119\" \/><\/a>Grinta da vendere, forza fisica straripante e anche una discreta tecnica individuale: sono queste le caratteristche principali di Fabio Calbi, centrocampista centrale e colonna fondamentale della squadra juniores della Nuova Tarvisio. Il suo idolo calcistico \u00e8 Cristiano Ronaldo, ma per il ruolo e le qualit\u00e0 dice di ispirarsi a Claudio Marchisio e proprio come il principino bianco-nero \u00e8 cresciuto nelle formazioni giovanili della squadra del suo paese; inoltre da questa stagione gioca anche titolare con continuit\u00e0 in prima squadra e magari anche da quelle parti inizieranno a chiamarlo &#8220;capitan futuro&#8221;.<br \/>\n<!--more-->Fabio frequenta il liceo scientifico con buoni risultati sempre a Tarvisio ed afferma di non avere alcuna idea sul suo avvenire (anche perch\u00e8 ha ancora un anno di tempo prima di terminare degli studi), ma se sul futuro lontano non si sbilancia il ragazzo ha invece le idee chiarissime sugli obiettivi calcistici a breve termine: &#8220;Voglio vincere a tutti i costi la Coppa Carnia Juniores&#8221; dice con voce sicura e senza badare troppo alla scaramanzia.<\/p>\n<p>di <strong>Daniele TOMAT<\/strong><br \/>\n(<em><strong>dal Gazzzettino<\/strong><\/em>)<\/p>\n<p>&nbsp;<\/p>\n","protected":false},"excerpt":{"rendered":"<p>Grinta da vendere, forza fisica straripante e anche una discreta tecnica individuale: sono queste le caratteristche principali di Fabio Calbi, centrocampista centrale e colonna fondamentale della squadra juniores della Nuova Tarvisio. Il suo idolo calcistico \u00e8 Cristiano Ronaldo, ma per il ruolo e le qualit\u00e0 dice di ispirarsi a Claudio Marchisio e proprio come il [&hellip;]<\/p>\n","protected":false},"author":10,"featured_media":0,"comment_status":"open","ping_status":"closed","sticky":false,"template":"","format":"standard","meta":{"ngg_post_thumbnail":0,"footnotes":""},"categories":[3],"tags":[],"class_list":["post-7609","post","type-post","status-publish","format-standard","hentry","category-carnico"],"yoast_head":"<!-- This site is optimized with the Yoast SEO plugin v27.3 - https:\/\/yoast.com\/product\/yoast-seo-wordpress\/ -->\n<title>GIOVANI PROMESSE: FABIO CALBI (TARVISIO) - Campionato Carnico 2016<\/title>\n<meta name=\"robots\" content=\"index, follow, max-snippet:-1, max-image-preview:large, max-video-preview:-1\" \/>\n<link rel=\"canonical\" href=\"https:\/\/2016.carnico.it\/blog\/2012\/07\/21\/giovani-promesse-fabio-calbi-tarvisio\/\" \/>\n<meta property=\"og:locale\" content=\"it_IT\" \/>\n<meta property=\"og:type\" content=\"article\" \/>\n<meta property=\"og:title\" content=\"GIOVANI PROMESSE: FABIO CALBI (TARVISIO) - Campionato Carnico 2016\" \/>\n<meta property=\"og:description\" content=\"Grinta da vendere, forza fisica straripante e anche una discreta tecnica individuale: sono queste le caratteristche principali di Fabio Calbi, centrocampista centrale e colonna fondamentale della squadra juniores della Nuova Tarvisio. Il suo idolo calcistico \u00e8 Cristiano Ronaldo, ma per il ruolo e le qualit\u00e0 dice di ispirarsi a Claudio Marchisio e proprio come il [&hellip;]\" \/>\n<meta property=\"og:url\" content=\"https:\/\/2016.carnico.it\/blog\/2012\/07\/21\/giovani-promesse-fabio-calbi-tarvisio\/\" \/>\n<meta property=\"og:site_name\" content=\"Campionato Carnico 2016\" \/>\n<meta property=\"article:publisher\" content=\"https:\/\/www.facebook.com\/campionatocarnico\/\" \/>\n<meta property=\"article:published_time\" content=\"2012-07-21T13:07:33+00:00\" \/>\n<meta property=\"og:image\" content=\"\/\/www.carnico.it\/blog\/wp-content\/uploads\/2012\/07\/TARVISIO-2012-Fabio-Calbi.jpg\" \/>\n<meta name=\"author\" content=\"Redazione\" \/>\n<meta name=\"twitter:card\" content=\"summary_large_image\" \/>\n<meta name=\"twitter:label1\" content=\"Scritto da\" \/>\n\t<meta name=\"twitter:data1\" content=\"Redazione\" \/>\n\t<meta name=\"twitter:label2\" content=\"Tempo di lettura stimato\" \/>\n\t<meta name=\"twitter:data2\" content=\"1 minuto\" \/>\n<script type=\"application\/ld+json\" class=\"yoast-schema-graph\">{\"@context\":\"https:\\\/\\\/schema.org\",\"@graph\":[{\"@type\":\"Article\",\"@id\":\"https:\\\/\\\/2016.carnico.it\\\/blog\\\/2012\\\/07\\\/21\\\/giovani-promesse-fabio-calbi-tarvisio\\\/#article\",\"isPartOf\":{\"@id\":\"https:\\\/\\\/2016.carnico.it\\\/blog\\\/2012\\\/07\\\/21\\\/giovani-promesse-fabio-calbi-tarvisio\\\/\"},\"author\":{\"name\":\"Redazione\",\"@id\":\"https:\\\/\\\/2016.carnico.it\\\/blog\\\/#\\\/schema\\\/person\\\/a68c764693d96df3238f123ea014e78c\"},\"headline\":\"GIOVANI PROMESSE: FABIO CALBI (TARVISIO)\",\"datePublished\":\"2012-07-21T13:07:33+00:00\",\"mainEntityOfPage\":{\"@id\":\"https:\\\/\\\/2016.carnico.it\\\/blog\\\/2012\\\/07\\\/21\\\/giovani-promesse-fabio-calbi-tarvisio\\\/\"},\"wordCount\":174,\"commentCount\":2,\"articleSection\":[\"Carnico\"],\"inLanguage\":\"it-IT\",\"potentialAction\":[{\"@type\":\"CommentAction\",\"name\":\"Comment\",\"target\":[\"https:\\\/\\\/2016.carnico.it\\\/blog\\\/2012\\\/07\\\/21\\\/giovani-promesse-fabio-calbi-tarvisio\\\/#respond\"]}]},{\"@type\":\"WebPage\",\"@id\":\"https:\\\/\\\/2016.carnico.it\\\/blog\\\/2012\\\/07\\\/21\\\/giovani-promesse-fabio-calbi-tarvisio\\\/\",\"url\":\"https:\\\/\\\/2016.carnico.it\\\/blog\\\/2012\\\/07\\\/21\\\/giovani-promesse-fabio-calbi-tarvisio\\\/\",\"name\":\"GIOVANI PROMESSE: FABIO CALBI (TARVISIO) - Campionato Carnico 2016\",\"isPartOf\":{\"@id\":\"https:\\\/\\\/2016.carnico.it\\\/blog\\\/#website\"},\"datePublished\":\"2012-07-21T13:07:33+00:00\",\"author\":{\"@id\":\"https:\\\/\\\/2016.carnico.it\\\/blog\\\/#\\\/schema\\\/person\\\/a68c764693d96df3238f123ea014e78c\"},\"breadcrumb\":{\"@id\":\"https:\\\/\\\/2016.carnico.it\\\/blog\\\/2012\\\/07\\\/21\\\/giovani-promesse-fabio-calbi-tarvisio\\\/#breadcrumb\"},\"inLanguage\":\"it-IT\",\"potentialAction\":[{\"@type\":\"ReadAction\",\"target\":[\"https:\\\/\\\/2016.carnico.it\\\/blog\\\/2012\\\/07\\\/21\\\/giovani-promesse-fabio-calbi-tarvisio\\\/\"]}]},{\"@type\":\"BreadcrumbList\",\"@id\":\"https:\\\/\\\/2016.carnico.it\\\/blog\\\/2012\\\/07\\\/21\\\/giovani-promesse-fabio-calbi-tarvisio\\\/#breadcrumb\",\"itemListElement\":[{\"@type\":\"ListItem\",\"position\":1,\"name\":\"Home\",\"item\":\"https:\\\/\\\/2016.carnico.it\\\/blog\\\/\"},{\"@type\":\"ListItem\",\"position\":2,\"name\":\"GIOVANI PROMESSE: FABIO CALBI (TARVISIO)\"}]},{\"@type\":\"WebSite\",\"@id\":\"https:\\\/\\\/2016.carnico.it\\\/blog\\\/#website\",\"url\":\"https:\\\/\\\/2016.carnico.it\\\/blog\\\/\",\"name\":\"Campionato Carnico 2016\",\"description\":\"Notizie e aggiornamenti in tempo reale sul campionato Carnico\",\"potentialAction\":[{\"@type\":\"SearchAction\",\"target\":{\"@type\":\"EntryPoint\",\"urlTemplate\":\"https:\\\/\\\/2016.carnico.it\\\/blog\\\/?s={search_term_string}\"},\"query-input\":{\"@type\":\"PropertyValueSpecification\",\"valueRequired\":true,\"valueName\":\"search_term_string\"}}],\"inLanguage\":\"it-IT\"},{\"@type\":\"Person\",\"@id\":\"https:\\\/\\\/2016.carnico.it\\\/blog\\\/#\\\/schema\\\/person\\\/a68c764693d96df3238f123ea014e78c\",\"name\":\"Redazione\",\"image\":{\"@type\":\"ImageObject\",\"inLanguage\":\"it-IT\",\"@id\":\"https:\\\/\\\/secure.gravatar.com\\\/avatar\\\/6c05bd4dddbea475e283f76b4aa2d778ecb35c06fd92df5f6e0cac552163e2ac?s=96&d=mm&r=g\",\"url\":\"https:\\\/\\\/secure.gravatar.com\\\/avatar\\\/6c05bd4dddbea475e283f76b4aa2d778ecb35c06fd92df5f6e0cac552163e2ac?s=96&d=mm&r=g\",\"contentUrl\":\"https:\\\/\\\/secure.gravatar.com\\\/avatar\\\/6c05bd4dddbea475e283f76b4aa2d778ecb35c06fd92df5f6e0cac552163e2ac?s=96&d=mm&r=g\",\"caption\":\"Redazione\"},\"url\":\"https:\\\/\\\/2016.carnico.it\\\/blog\\\/author\\\/clyco-admin\\\/\"}]}<\/script>\n<!-- \/ Yoast SEO plugin. -->","yoast_head_json":{"title":"GIOVANI PROMESSE: FABIO CALBI (TARVISIO) - Campionato Carnico 2016","robots":{"index":"index","follow":"follow","max-snippet":"max-snippet:-1","max-image-preview":"max-image-preview:large","max-video-preview":"max-video-preview:-1"},"canonical":"https:\/\/2016.carnico.it\/blog\/2012\/07\/21\/giovani-promesse-fabio-calbi-tarvisio\/","og_locale":"it_IT","og_type":"article","og_title":"GIOVANI PROMESSE: FABIO CALBI (TARVISIO) - Campionato Carnico 2016","og_description":"Grinta da vendere, forza fisica straripante e anche una discreta tecnica individuale: sono queste le caratteristche principali di Fabio Calbi, centrocampista centrale e colonna fondamentale della squadra juniores della Nuova Tarvisio. Il suo idolo calcistico \u00e8 Cristiano Ronaldo, ma per il ruolo e le qualit\u00e0 dice di ispirarsi a Claudio Marchisio e proprio come il [&hellip;]","og_url":"https:\/\/2016.carnico.it\/blog\/2012\/07\/21\/giovani-promesse-fabio-calbi-tarvisio\/","og_site_name":"Campionato Carnico 2016","article_publisher":"https:\/\/www.facebook.com\/campionatocarnico\/","article_published_time":"2012-07-21T13:07:33+00:00","og_image":[{"url":"\/\/www.carnico.it\/blog\/wp-content\/uploads\/2012\/07\/TARVISIO-2012-Fabio-Calbi.jpg","type":"","width":"","height":""}],"author":"Redazione","twitter_card":"summary_large_image","twitter_misc":{"Scritto da":"Redazione","Tempo di lettura stimato":"1 minuto"},"schema":{"@context":"https:\/\/schema.org","@graph":[{"@type":"Article","@id":"https:\/\/2016.carnico.it\/blog\/2012\/07\/21\/giovani-promesse-fabio-calbi-tarvisio\/#article","isPartOf":{"@id":"https:\/\/2016.carnico.it\/blog\/2012\/07\/21\/giovani-promesse-fabio-calbi-tarvisio\/"},"author":{"name":"Redazione","@id":"https:\/\/2016.carnico.it\/blog\/#\/schema\/person\/a68c764693d96df3238f123ea014e78c"},"headline":"GIOVANI PROMESSE: FABIO CALBI (TARVISIO)","datePublished":"2012-07-21T13:07:33+00:00","mainEntityOfPage":{"@id":"https:\/\/2016.carnico.it\/blog\/2012\/07\/21\/giovani-promesse-fabio-calbi-tarvisio\/"},"wordCount":174,"commentCount":2,"articleSection":["Carnico"],"inLanguage":"it-IT","potentialAction":[{"@type":"CommentAction","name":"Comment","target":["https:\/\/2016.carnico.it\/blog\/2012\/07\/21\/giovani-promesse-fabio-calbi-tarvisio\/#respond"]}]},{"@type":"WebPage","@id":"https:\/\/2016.carnico.it\/blog\/2012\/07\/21\/giovani-promesse-fabio-calbi-tarvisio\/","url":"https:\/\/2016.carnico.it\/blog\/2012\/07\/21\/giovani-promesse-fabio-calbi-tarvisio\/","name":"GIOVANI PROMESSE: FABIO CALBI (TARVISIO) - Campionato Carnico 2016","isPartOf":{"@id":"https:\/\/2016.carnico.it\/blog\/#website"},"datePublished":"2012-07-21T13:07:33+00:00","author":{"@id":"https:\/\/2016.carnico.it\/blog\/#\/schema\/person\/a68c764693d96df3238f123ea014e78c"},"breadcrumb":{"@id":"https:\/\/2016.carnico.it\/blog\/2012\/07\/21\/giovani-promesse-fabio-calbi-tarvisio\/#breadcrumb"},"inLanguage":"it-IT","potentialAction":[{"@type":"ReadAction","target":["https:\/\/2016.carnico.it\/blog\/2012\/07\/21\/giovani-promesse-fabio-calbi-tarvisio\/"]}]},{"@type":"BreadcrumbList","@id":"https:\/\/2016.carnico.it\/blog\/2012\/07\/21\/giovani-promesse-fabio-calbi-tarvisio\/#breadcrumb","itemListElement":[{"@type":"ListItem","position":1,"name":"Home","item":"https:\/\/2016.carnico.it\/blog\/"},{"@type":"ListItem","position":2,"name":"GIOVANI PROMESSE: FABIO CALBI (TARVISIO)"}]},{"@type":"WebSite","@id":"https:\/\/2016.carnico.it\/blog\/#website","url":"https:\/\/2016.carnico.it\/blog\/","name":"Campionato Carnico 2016","description":"Notizie e aggiornamenti in tempo reale sul campionato Carnico","potentialAction":[{"@type":"SearchAction","target":{"@type":"EntryPoint","urlTemplate":"https:\/\/2016.carnico.it\/blog\/?s={search_term_string}"},"query-input":{"@type":"PropertyValueSpecification","valueRequired":true,"valueName":"search_term_string"}}],"inLanguage":"it-IT"},{"@type":"Person","@id":"https:\/\/2016.carnico.it\/blog\/#\/schema\/person\/a68c764693d96df3238f123ea014e78c","name":"Redazione","image":{"@type":"ImageObject","inLanguage":"it-IT","@id":"https:\/\/secure.gravatar.com\/avatar\/6c05bd4dddbea475e283f76b4aa2d778ecb35c06fd92df5f6e0cac552163e2ac?s=96&d=mm&r=g","url":"https:\/\/secure.gravatar.com\/avatar\/6c05bd4dddbea475e283f76b4aa2d778ecb35c06fd92df5f6e0cac552163e2ac?s=96&d=mm&r=g","contentUrl":"https:\/\/secure.gravatar.com\/avatar\/6c05bd4dddbea475e283f76b4aa2d778ecb35c06fd92df5f6e0cac552163e2ac?s=96&d=mm&r=g","caption":"Redazione"},"url":"https:\/\/2016.carnico.it\/blog\/author\/clyco-admin\/"}]}},"_links":{"self":[{"href":"https:\/\/2016.carnico.it\/blog\/wp-json\/wp\/v2\/posts\/7609","targetHints":{"allow":["GET"]}}],"collection":[{"href":"https:\/\/2016.carnico.it\/blog\/wp-json\/wp\/v2\/posts"}],"about":[{"href":"https:\/\/2016.carnico.it\/blog\/wp-json\/wp\/v2\/types\/post"}],"author":[{"embeddable":true,"href":"https:\/\/2016.carnico.it\/blog\/wp-json\/wp\/v2\/users\/10"}],"replies":[{"embeddable":true,"href":"https:\/\/2016.carnico.it\/blog\/wp-json\/wp\/v2\/comments?post=7609"}],"version-history":[{"count":5,"href":"https:\/\/2016.carnico.it\/blog\/wp-json\/wp\/v2\/posts\/7609\/revisions"}],"predecessor-version":[{"id":7615,"href":"https:\/\/2016.carnico.it\/blog\/wp-json\/wp\/v2\/posts\/7609\/revisions\/7615"}],"wp:attachment":[{"href":"https:\/\/2016.carnico.it\/blog\/wp-json\/wp\/v2\/media?parent=7609"}],"wp:term":[{"taxonomy":"category","embeddable":true,"href":"https:\/\/2016.carnico.it\/blog\/wp-json\/wp\/v2\/categories?post=7609"},{"taxonomy":"post_tag","embeddable":true,"href":"https:\/\/2016.carnico.it\/blog\/wp-json\/wp\/v2\/tags?post=7609"}],"curies":[{"name":"wp","href":"https:\/\/api.w.org\/{rel}","templated":true}]}}