{"id":7565,"date":"2012-07-17T16:00:39","date_gmt":"2012-07-17T14:00:39","guid":{"rendered":"http:\/\/www.carnico.it\/blog\/?p=7565"},"modified":"2012-07-17T16:33:26","modified_gmt":"2012-07-17T14:33:26","slug":"il-personaggio-thomas-cocchetto-arta-terme","status":"publish","type":"post","link":"https:\/\/2016.carnico.it\/blog\/2012\/07\/17\/il-personaggio-thomas-cocchetto-arta-terme\/","title":{"rendered":"IL PERSONAGGIO: THOMAS COCCHETTO (ARTA TERME)"},"content":{"rendered":"<p><a href=\"\/\/www.carnico.it\/blog\/wp-content\/uploads\/2012\/07\/ARTA-TERME-2012-Thomas-Cocchetto2.jpg\"><img loading=\"lazy\" decoding=\"async\" class=\"alignleft size-thumbnail wp-image-7566\" title=\"ARTA TERME 2012- Thomas Cocchetto2\" src=\"\/\/www.carnico.it\/blog\/wp-content\/uploads\/2012\/07\/ARTA-TERME-2012-Thomas-Cocchetto2-150x150.jpg\" alt=\"\" width=\"150\" height=\"150\" \/><\/a>Thomas Cocchetto, trent\u2019anni a settembre, \u00e8 uno dei nomi nuovi del Carnico. L\u2019attaccante rossoblu chiude il girone d\u2019andata a quota sei gol, cifra ragguardevole per un giocatore che disputa il suo primo campionato Carnico. L\u2019ultima doppietta (quella che ha spalancato le porte al larghissimo successo di San Pietro) \u00e8 arrivata grazie ad un rigore e ad un colpo di testa. A portarlo ad Arta \u00e8 stato \u2026 l\u2019amore. Un torneo di calcio nella bassa friulana, qualche tempo fa, gli fece conoscere Elisa, una ragazza di Arta, sorella di Stefano Di Monte, ex giocatore termale attualmente tesserato col Timaucleulis.<br \/>\n<!--more-->E\u2019 stato il pallone (grande passione di Thomas) insomma a rotolare verso un destino comune per la ragazza carnica ed il giovane di Ponzano Veneto, provincia di Treviso. Dalla loro unione \u00e8 nata una bambina, Alice, e molto pi\u00f9 prosaicamente l\u2019approdo alla maglia rossoblu. Cocchetto colpisce immediatamente per la facilit\u00e0 di calcio (a Treviso giocava in Promozione) e per la naturalezza con la quale \u00e8 in grado di usare entrambi i piedi, qualit\u00e0, questa, che gli permette di sfornare anche assist di pregevole fattura e di essere sempre molto pericoloso nei calci da fermo: rigori e punizioni, nell\u2019Arta, sono compito suo e bisogna dire che le capacit\u00e0 balistiche sono di assoluta qualit\u00e0. Thomas \u00e8 uno che prende il calcio tremendamente sul serio, denotando in certi frangenti, un atteggiamento quasi da professionista. Ad Arta \u00e8 stato accettato benissimo dal gruppo, riuscendo ad imporsi soprattutto come grande motivatore nei confronti dei pi\u00f9 giovani, ai quali non fa mai mancare consigli e suggerimenti. Ragazzo molto apprensivo, vive le partite con molta partecipazione ed a volte la tensione gli gioca brutti scherzi (vedi l\u2019attacco di tachicardia di qualche settimana fa).<\/p>\n<p>(<strong><em>dal Gazzettino<\/em><\/strong>)<\/p>\n","protected":false},"excerpt":{"rendered":"<p>Thomas Cocchetto, trent\u2019anni a settembre, \u00e8 uno dei nomi nuovi del Carnico. L\u2019attaccante rossoblu chiude il girone d\u2019andata a quota sei gol, cifra ragguardevole per un giocatore che disputa il suo primo campionato Carnico. L\u2019ultima doppietta (quella che ha spalancato le porte al larghissimo successo di San Pietro) \u00e8 arrivata grazie ad un rigore e [&hellip;]<\/p>\n","protected":false},"author":10,"featured_media":0,"comment_status":"open","ping_status":"closed","sticky":false,"template":"","format":"standard","meta":{"ngg_post_thumbnail":0,"footnotes":""},"categories":[3,1],"tags":[],"class_list":["post-7565","post","type-post","status-publish","format-standard","hentry","category-carnico","category-commento-campionato"],"yoast_head":"<!-- This site is optimized with the Yoast SEO plugin v27.3 - https:\/\/yoast.com\/product\/yoast-seo-wordpress\/ -->\n<title>IL PERSONAGGIO: THOMAS COCCHETTO (ARTA TERME) - Campionato Carnico 2016<\/title>\n<meta name=\"robots\" content=\"index, follow, max-snippet:-1, max-image-preview:large, max-video-preview:-1\" \/>\n<link rel=\"canonical\" href=\"https:\/\/2016.carnico.it\/blog\/2012\/07\/17\/il-personaggio-thomas-cocchetto-arta-terme\/\" \/>\n<meta property=\"og:locale\" content=\"it_IT\" \/>\n<meta property=\"og:type\" content=\"article\" \/>\n<meta property=\"og:title\" content=\"IL PERSONAGGIO: THOMAS COCCHETTO (ARTA TERME) - Campionato Carnico 2016\" \/>\n<meta property=\"og:description\" content=\"Thomas Cocchetto, trent\u2019anni a settembre, \u00e8 uno dei nomi nuovi del Carnico. L\u2019attaccante rossoblu chiude il girone d\u2019andata a quota sei gol, cifra ragguardevole per un giocatore che disputa il suo primo campionato Carnico. L\u2019ultima doppietta (quella che ha spalancato le porte al larghissimo successo di San Pietro) \u00e8 arrivata grazie ad un rigore e [&hellip;]\" \/>\n<meta property=\"og:url\" content=\"https:\/\/2016.carnico.it\/blog\/2012\/07\/17\/il-personaggio-thomas-cocchetto-arta-terme\/\" \/>\n<meta property=\"og:site_name\" content=\"Campionato Carnico 2016\" \/>\n<meta property=\"article:publisher\" content=\"https:\/\/www.facebook.com\/campionatocarnico\/\" \/>\n<meta property=\"article:published_time\" content=\"2012-07-17T14:00:39+00:00\" \/>\n<meta property=\"article:modified_time\" content=\"2012-07-17T14:33:26+00:00\" \/>\n<meta property=\"og:image\" content=\"\/\/www.carnico.it\/blog\/wp-content\/uploads\/2012\/07\/ARTA-TERME-2012-Thomas-Cocchetto2-150x150.jpg\" \/>\n<meta name=\"author\" content=\"Redazione\" \/>\n<meta name=\"twitter:card\" content=\"summary_large_image\" \/>\n<meta name=\"twitter:label1\" content=\"Scritto da\" \/>\n\t<meta name=\"twitter:data1\" content=\"Redazione\" \/>\n\t<meta name=\"twitter:label2\" content=\"Tempo di lettura stimato\" \/>\n\t<meta name=\"twitter:data2\" content=\"1 minuto\" \/>\n<script type=\"application\/ld+json\" class=\"yoast-schema-graph\">{\"@context\":\"https:\\\/\\\/schema.org\",\"@graph\":[{\"@type\":\"Article\",\"@id\":\"https:\\\/\\\/2016.carnico.it\\\/blog\\\/2012\\\/07\\\/17\\\/il-personaggio-thomas-cocchetto-arta-terme\\\/#article\",\"isPartOf\":{\"@id\":\"https:\\\/\\\/2016.carnico.it\\\/blog\\\/2012\\\/07\\\/17\\\/il-personaggio-thomas-cocchetto-arta-terme\\\/\"},\"author\":{\"name\":\"Redazione\",\"@id\":\"https:\\\/\\\/2016.carnico.it\\\/blog\\\/#\\\/schema\\\/person\\\/a68c764693d96df3238f123ea014e78c\"},\"headline\":\"IL PERSONAGGIO: THOMAS COCCHETTO (ARTA TERME)\",\"datePublished\":\"2012-07-17T14:00:39+00:00\",\"dateModified\":\"2012-07-17T14:33:26+00:00\",\"mainEntityOfPage\":{\"@id\":\"https:\\\/\\\/2016.carnico.it\\\/blog\\\/2012\\\/07\\\/17\\\/il-personaggio-thomas-cocchetto-arta-terme\\\/\"},\"wordCount\":292,\"commentCount\":0,\"articleSection\":[\"Carnico\",\"Commento al campionato\"],\"inLanguage\":\"it-IT\",\"potentialAction\":[{\"@type\":\"CommentAction\",\"name\":\"Comment\",\"target\":[\"https:\\\/\\\/2016.carnico.it\\\/blog\\\/2012\\\/07\\\/17\\\/il-personaggio-thomas-cocchetto-arta-terme\\\/#respond\"]}]},{\"@type\":\"WebPage\",\"@id\":\"https:\\\/\\\/2016.carnico.it\\\/blog\\\/2012\\\/07\\\/17\\\/il-personaggio-thomas-cocchetto-arta-terme\\\/\",\"url\":\"https:\\\/\\\/2016.carnico.it\\\/blog\\\/2012\\\/07\\\/17\\\/il-personaggio-thomas-cocchetto-arta-terme\\\/\",\"name\":\"IL PERSONAGGIO: THOMAS COCCHETTO (ARTA TERME) - Campionato Carnico 2016\",\"isPartOf\":{\"@id\":\"https:\\\/\\\/2016.carnico.it\\\/blog\\\/#website\"},\"datePublished\":\"2012-07-17T14:00:39+00:00\",\"dateModified\":\"2012-07-17T14:33:26+00:00\",\"author\":{\"@id\":\"https:\\\/\\\/2016.carnico.it\\\/blog\\\/#\\\/schema\\\/person\\\/a68c764693d96df3238f123ea014e78c\"},\"breadcrumb\":{\"@id\":\"https:\\\/\\\/2016.carnico.it\\\/blog\\\/2012\\\/07\\\/17\\\/il-personaggio-thomas-cocchetto-arta-terme\\\/#breadcrumb\"},\"inLanguage\":\"it-IT\",\"potentialAction\":[{\"@type\":\"ReadAction\",\"target\":[\"https:\\\/\\\/2016.carnico.it\\\/blog\\\/2012\\\/07\\\/17\\\/il-personaggio-thomas-cocchetto-arta-terme\\\/\"]}]},{\"@type\":\"BreadcrumbList\",\"@id\":\"https:\\\/\\\/2016.carnico.it\\\/blog\\\/2012\\\/07\\\/17\\\/il-personaggio-thomas-cocchetto-arta-terme\\\/#breadcrumb\",\"itemListElement\":[{\"@type\":\"ListItem\",\"position\":1,\"name\":\"Home\",\"item\":\"https:\\\/\\\/2016.carnico.it\\\/blog\\\/\"},{\"@type\":\"ListItem\",\"position\":2,\"name\":\"IL PERSONAGGIO: THOMAS COCCHETTO (ARTA TERME)\"}]},{\"@type\":\"WebSite\",\"@id\":\"https:\\\/\\\/2016.carnico.it\\\/blog\\\/#website\",\"url\":\"https:\\\/\\\/2016.carnico.it\\\/blog\\\/\",\"name\":\"Campionato Carnico 2016\",\"description\":\"Notizie e aggiornamenti in tempo reale sul campionato Carnico\",\"potentialAction\":[{\"@type\":\"SearchAction\",\"target\":{\"@type\":\"EntryPoint\",\"urlTemplate\":\"https:\\\/\\\/2016.carnico.it\\\/blog\\\/?s={search_term_string}\"},\"query-input\":{\"@type\":\"PropertyValueSpecification\",\"valueRequired\":true,\"valueName\":\"search_term_string\"}}],\"inLanguage\":\"it-IT\"},{\"@type\":\"Person\",\"@id\":\"https:\\\/\\\/2016.carnico.it\\\/blog\\\/#\\\/schema\\\/person\\\/a68c764693d96df3238f123ea014e78c\",\"name\":\"Redazione\",\"image\":{\"@type\":\"ImageObject\",\"inLanguage\":\"it-IT\",\"@id\":\"https:\\\/\\\/secure.gravatar.com\\\/avatar\\\/6c05bd4dddbea475e283f76b4aa2d778ecb35c06fd92df5f6e0cac552163e2ac?s=96&d=mm&r=g\",\"url\":\"https:\\\/\\\/secure.gravatar.com\\\/avatar\\\/6c05bd4dddbea475e283f76b4aa2d778ecb35c06fd92df5f6e0cac552163e2ac?s=96&d=mm&r=g\",\"contentUrl\":\"https:\\\/\\\/secure.gravatar.com\\\/avatar\\\/6c05bd4dddbea475e283f76b4aa2d778ecb35c06fd92df5f6e0cac552163e2ac?s=96&d=mm&r=g\",\"caption\":\"Redazione\"},\"url\":\"https:\\\/\\\/2016.carnico.it\\\/blog\\\/author\\\/clyco-admin\\\/\"}]}<\/script>\n<!-- \/ Yoast SEO plugin. -->","yoast_head_json":{"title":"IL PERSONAGGIO: THOMAS COCCHETTO (ARTA TERME) - Campionato Carnico 2016","robots":{"index":"index","follow":"follow","max-snippet":"max-snippet:-1","max-image-preview":"max-image-preview:large","max-video-preview":"max-video-preview:-1"},"canonical":"https:\/\/2016.carnico.it\/blog\/2012\/07\/17\/il-personaggio-thomas-cocchetto-arta-terme\/","og_locale":"it_IT","og_type":"article","og_title":"IL PERSONAGGIO: THOMAS COCCHETTO (ARTA TERME) - Campionato Carnico 2016","og_description":"Thomas Cocchetto, trent\u2019anni a settembre, \u00e8 uno dei nomi nuovi del Carnico. L\u2019attaccante rossoblu chiude il girone d\u2019andata a quota sei gol, cifra ragguardevole per un giocatore che disputa il suo primo campionato Carnico. L\u2019ultima doppietta (quella che ha spalancato le porte al larghissimo successo di San Pietro) \u00e8 arrivata grazie ad un rigore e [&hellip;]","og_url":"https:\/\/2016.carnico.it\/blog\/2012\/07\/17\/il-personaggio-thomas-cocchetto-arta-terme\/","og_site_name":"Campionato Carnico 2016","article_publisher":"https:\/\/www.facebook.com\/campionatocarnico\/","article_published_time":"2012-07-17T14:00:39+00:00","article_modified_time":"2012-07-17T14:33:26+00:00","og_image":[{"url":"\/\/www.carnico.it\/blog\/wp-content\/uploads\/2012\/07\/ARTA-TERME-2012-Thomas-Cocchetto2-150x150.jpg","type":"","width":"","height":""}],"author":"Redazione","twitter_card":"summary_large_image","twitter_misc":{"Scritto da":"Redazione","Tempo di lettura stimato":"1 minuto"},"schema":{"@context":"https:\/\/schema.org","@graph":[{"@type":"Article","@id":"https:\/\/2016.carnico.it\/blog\/2012\/07\/17\/il-personaggio-thomas-cocchetto-arta-terme\/#article","isPartOf":{"@id":"https:\/\/2016.carnico.it\/blog\/2012\/07\/17\/il-personaggio-thomas-cocchetto-arta-terme\/"},"author":{"name":"Redazione","@id":"https:\/\/2016.carnico.it\/blog\/#\/schema\/person\/a68c764693d96df3238f123ea014e78c"},"headline":"IL PERSONAGGIO: THOMAS COCCHETTO (ARTA TERME)","datePublished":"2012-07-17T14:00:39+00:00","dateModified":"2012-07-17T14:33:26+00:00","mainEntityOfPage":{"@id":"https:\/\/2016.carnico.it\/blog\/2012\/07\/17\/il-personaggio-thomas-cocchetto-arta-terme\/"},"wordCount":292,"commentCount":0,"articleSection":["Carnico","Commento al campionato"],"inLanguage":"it-IT","potentialAction":[{"@type":"CommentAction","name":"Comment","target":["https:\/\/2016.carnico.it\/blog\/2012\/07\/17\/il-personaggio-thomas-cocchetto-arta-terme\/#respond"]}]},{"@type":"WebPage","@id":"https:\/\/2016.carnico.it\/blog\/2012\/07\/17\/il-personaggio-thomas-cocchetto-arta-terme\/","url":"https:\/\/2016.carnico.it\/blog\/2012\/07\/17\/il-personaggio-thomas-cocchetto-arta-terme\/","name":"IL PERSONAGGIO: THOMAS COCCHETTO (ARTA TERME) - Campionato Carnico 2016","isPartOf":{"@id":"https:\/\/2016.carnico.it\/blog\/#website"},"datePublished":"2012-07-17T14:00:39+00:00","dateModified":"2012-07-17T14:33:26+00:00","author":{"@id":"https:\/\/2016.carnico.it\/blog\/#\/schema\/person\/a68c764693d96df3238f123ea014e78c"},"breadcrumb":{"@id":"https:\/\/2016.carnico.it\/blog\/2012\/07\/17\/il-personaggio-thomas-cocchetto-arta-terme\/#breadcrumb"},"inLanguage":"it-IT","potentialAction":[{"@type":"ReadAction","target":["https:\/\/2016.carnico.it\/blog\/2012\/07\/17\/il-personaggio-thomas-cocchetto-arta-terme\/"]}]},{"@type":"BreadcrumbList","@id":"https:\/\/2016.carnico.it\/blog\/2012\/07\/17\/il-personaggio-thomas-cocchetto-arta-terme\/#breadcrumb","itemListElement":[{"@type":"ListItem","position":1,"name":"Home","item":"https:\/\/2016.carnico.it\/blog\/"},{"@type":"ListItem","position":2,"name":"IL PERSONAGGIO: THOMAS COCCHETTO (ARTA TERME)"}]},{"@type":"WebSite","@id":"https:\/\/2016.carnico.it\/blog\/#website","url":"https:\/\/2016.carnico.it\/blog\/","name":"Campionato Carnico 2016","description":"Notizie e aggiornamenti in tempo reale sul campionato Carnico","potentialAction":[{"@type":"SearchAction","target":{"@type":"EntryPoint","urlTemplate":"https:\/\/2016.carnico.it\/blog\/?s={search_term_string}"},"query-input":{"@type":"PropertyValueSpecification","valueRequired":true,"valueName":"search_term_string"}}],"inLanguage":"it-IT"},{"@type":"Person","@id":"https:\/\/2016.carnico.it\/blog\/#\/schema\/person\/a68c764693d96df3238f123ea014e78c","name":"Redazione","image":{"@type":"ImageObject","inLanguage":"it-IT","@id":"https:\/\/secure.gravatar.com\/avatar\/6c05bd4dddbea475e283f76b4aa2d778ecb35c06fd92df5f6e0cac552163e2ac?s=96&d=mm&r=g","url":"https:\/\/secure.gravatar.com\/avatar\/6c05bd4dddbea475e283f76b4aa2d778ecb35c06fd92df5f6e0cac552163e2ac?s=96&d=mm&r=g","contentUrl":"https:\/\/secure.gravatar.com\/avatar\/6c05bd4dddbea475e283f76b4aa2d778ecb35c06fd92df5f6e0cac552163e2ac?s=96&d=mm&r=g","caption":"Redazione"},"url":"https:\/\/2016.carnico.it\/blog\/author\/clyco-admin\/"}]}},"_links":{"self":[{"href":"https:\/\/2016.carnico.it\/blog\/wp-json\/wp\/v2\/posts\/7565","targetHints":{"allow":["GET"]}}],"collection":[{"href":"https:\/\/2016.carnico.it\/blog\/wp-json\/wp\/v2\/posts"}],"about":[{"href":"https:\/\/2016.carnico.it\/blog\/wp-json\/wp\/v2\/types\/post"}],"author":[{"embeddable":true,"href":"https:\/\/2016.carnico.it\/blog\/wp-json\/wp\/v2\/users\/10"}],"replies":[{"embeddable":true,"href":"https:\/\/2016.carnico.it\/blog\/wp-json\/wp\/v2\/comments?post=7565"}],"version-history":[{"count":3,"href":"https:\/\/2016.carnico.it\/blog\/wp-json\/wp\/v2\/posts\/7565\/revisions"}],"predecessor-version":[{"id":7580,"href":"https:\/\/2016.carnico.it\/blog\/wp-json\/wp\/v2\/posts\/7565\/revisions\/7580"}],"wp:attachment":[{"href":"https:\/\/2016.carnico.it\/blog\/wp-json\/wp\/v2\/media?parent=7565"}],"wp:term":[{"taxonomy":"category","embeddable":true,"href":"https:\/\/2016.carnico.it\/blog\/wp-json\/wp\/v2\/categories?post=7565"},{"taxonomy":"post_tag","embeddable":true,"href":"https:\/\/2016.carnico.it\/blog\/wp-json\/wp\/v2\/tags?post=7565"}],"curies":[{"name":"wp","href":"https:\/\/api.w.org\/{rel}","templated":true}]}}