{"id":7435,"date":"2012-07-03T16:01:20","date_gmt":"2012-07-03T14:01:20","guid":{"rendered":"http:\/\/www.carnico.it\/blog\/?p=7435"},"modified":"2012-07-03T09:57:48","modified_gmt":"2012-07-03T07:57:48","slug":"il-personaggio-daniele-tomat-ravascletto","status":"publish","type":"post","link":"https:\/\/2016.carnico.it\/blog\/2012\/07\/03\/il-personaggio-daniele-tomat-ravascletto\/","title":{"rendered":"IL PERSONAGGIO: DANIELE TOMAT (RAVASCLETTO)"},"content":{"rendered":"<p><a href=\"\/\/www.carnico.it\/blog\/wp-content\/uploads\/2012\/07\/RAVASCLETTO-2012-Daniele-Tomat.jpg\"><img loading=\"lazy\" decoding=\"async\" class=\"alignleft size-full wp-image-7436\" title=\"RAVASCLETTO 2012- Daniele Tomat\" src=\"\/\/www.carnico.it\/blog\/wp-content\/uploads\/2012\/07\/RAVASCLETTO-2012-Daniele-Tomat.jpg\" alt=\"\" width=\"100\" height=\"127\" \/><\/a>E\u2019 lui l\u2019uomo simbolo del Ravascletto che, diciamo pure a sorpresa, sta scalando la classifica della Terza Categoria.<br \/>\nLui \u00e8 Daniele Tomat, 22 anni a novembre ed almeno un paio di carriere, invece, appena all\u2019inizio.<br \/>\nPerch\u00e9 due carriere? Semplice, Daniele ha due grandi passioni, il calcio ed il giornalismo, due \u201cattivit\u00e0\u201d che cerca di coltivare con lo stesso entusiasmo e, perch\u00e9 no, lo stesso successo.<br \/>\n<!--more-->Nel calcio, pur essendo ancora giovane, ha gi\u00e0 un buon curriculum: nelle fila del Real, infatti, ha vinto molti campionati di categoria nel settore giovanile e sar\u00e0 ricordato soprattutto per essere stato uno dei marcatori dei biancorossi nello spareggio-scidetto contro il Campagnola nel 2009. L\u2019anno dopo, per\u00f2, i problemi di studio diventarono pi\u00f9 pressanti e conciliare gli impegni accademici con quelli agonistici divent\u00f2 pi\u00f9 difficile. Una serie di scambi tra Real e Ravascletto gli offr\u00ec la possibilit\u00e0 di salire in Val Calda, dove le pretese erano sicuramente inferiori rispetto ad una societ\u00e0 che lotta per il titolo. L\u2019ambiente bianco verde lo affascin\u00f2 subito e siccome fare calcoli non \u00e8 proprio il suo mestiere, si \u00e8 buttato con grande generosit\u00e0 anche nell\u2019avventura di un campionato inferiore. Dopo la retrocessione del 2011, anzi, quest\u2019anno \u00e8 ancora pi\u00f9 determinato e vorrebbe riportare il \u201cRava\u201d in Seconda, con la prospettiva di diventare il leader di una squadra profondamente ringiovanita. Mediano di grande temperamento, Tomat \u00e8 dotato di un calcio potente e preciso, come testimonia l\u2019alta percentuale di rigori realizzati (cinque). Nel frattempo non dimentica il giornalismo e cura per Il Gazzettino la Coppa Carnia Juniores e il Campionato Giovanissimi: libri, tastiera e \u2026 centrocampo, quanti impegni, Daniele!<\/p>\n<p>(<em><strong>dal Gazzettino)<\/strong><\/em><\/p>\n","protected":false},"excerpt":{"rendered":"<p>E\u2019 lui l\u2019uomo simbolo del Ravascletto che, diciamo pure a sorpresa, sta scalando la classifica della Terza Categoria. Lui \u00e8 Daniele Tomat, 22 anni a novembre ed almeno un paio di carriere, invece, appena all\u2019inizio. Perch\u00e9 due carriere? Semplice, Daniele ha due grandi passioni, il calcio ed il giornalismo, due \u201cattivit\u00e0\u201d che cerca di coltivare [&hellip;]<\/p>\n","protected":false},"author":10,"featured_media":0,"comment_status":"open","ping_status":"closed","sticky":false,"template":"","format":"standard","meta":{"ngg_post_thumbnail":0,"footnotes":""},"categories":[3,1],"tags":[],"class_list":["post-7435","post","type-post","status-publish","format-standard","hentry","category-carnico","category-commento-campionato"],"yoast_head":"<!-- This site is optimized with the Yoast SEO plugin v27.3 - https:\/\/yoast.com\/product\/yoast-seo-wordpress\/ -->\n<title>IL PERSONAGGIO: DANIELE TOMAT (RAVASCLETTO) - Campionato Carnico 2016<\/title>\n<meta name=\"robots\" content=\"index, follow, max-snippet:-1, max-image-preview:large, max-video-preview:-1\" \/>\n<link rel=\"canonical\" href=\"https:\/\/2016.carnico.it\/blog\/2012\/07\/03\/il-personaggio-daniele-tomat-ravascletto\/\" \/>\n<meta property=\"og:locale\" content=\"it_IT\" \/>\n<meta property=\"og:type\" content=\"article\" \/>\n<meta property=\"og:title\" content=\"IL PERSONAGGIO: DANIELE TOMAT (RAVASCLETTO) - Campionato Carnico 2016\" \/>\n<meta property=\"og:description\" content=\"E\u2019 lui l\u2019uomo simbolo del Ravascletto che, diciamo pure a sorpresa, sta scalando la classifica della Terza Categoria. Lui \u00e8 Daniele Tomat, 22 anni a novembre ed almeno un paio di carriere, invece, appena all\u2019inizio. Perch\u00e9 due carriere? Semplice, Daniele ha due grandi passioni, il calcio ed il giornalismo, due \u201cattivit\u00e0\u201d che cerca di coltivare [&hellip;]\" \/>\n<meta property=\"og:url\" content=\"https:\/\/2016.carnico.it\/blog\/2012\/07\/03\/il-personaggio-daniele-tomat-ravascletto\/\" \/>\n<meta property=\"og:site_name\" content=\"Campionato Carnico 2016\" \/>\n<meta property=\"article:publisher\" content=\"https:\/\/www.facebook.com\/campionatocarnico\/\" \/>\n<meta property=\"article:published_time\" content=\"2012-07-03T14:01:20+00:00\" \/>\n<meta property=\"og:image\" content=\"\/\/www.carnico.it\/blog\/wp-content\/uploads\/2012\/07\/RAVASCLETTO-2012-Daniele-Tomat.jpg\" \/>\n<meta name=\"author\" content=\"Redazione\" \/>\n<meta name=\"twitter:card\" content=\"summary_large_image\" \/>\n<meta name=\"twitter:label1\" content=\"Scritto da\" \/>\n\t<meta name=\"twitter:data1\" content=\"Redazione\" \/>\n\t<meta name=\"twitter:label2\" content=\"Tempo di lettura stimato\" \/>\n\t<meta name=\"twitter:data2\" content=\"1 minuto\" \/>\n<script type=\"application\/ld+json\" class=\"yoast-schema-graph\">{\"@context\":\"https:\\\/\\\/schema.org\",\"@graph\":[{\"@type\":\"Article\",\"@id\":\"https:\\\/\\\/2016.carnico.it\\\/blog\\\/2012\\\/07\\\/03\\\/il-personaggio-daniele-tomat-ravascletto\\\/#article\",\"isPartOf\":{\"@id\":\"https:\\\/\\\/2016.carnico.it\\\/blog\\\/2012\\\/07\\\/03\\\/il-personaggio-daniele-tomat-ravascletto\\\/\"},\"author\":{\"name\":\"Redazione\",\"@id\":\"https:\\\/\\\/2016.carnico.it\\\/blog\\\/#\\\/schema\\\/person\\\/a68c764693d96df3238f123ea014e78c\"},\"headline\":\"IL PERSONAGGIO: DANIELE TOMAT (RAVASCLETTO)\",\"datePublished\":\"2012-07-03T14:01:20+00:00\",\"mainEntityOfPage\":{\"@id\":\"https:\\\/\\\/2016.carnico.it\\\/blog\\\/2012\\\/07\\\/03\\\/il-personaggio-daniele-tomat-ravascletto\\\/\"},\"wordCount\":273,\"commentCount\":3,\"articleSection\":[\"Carnico\",\"Commento al campionato\"],\"inLanguage\":\"it-IT\",\"potentialAction\":[{\"@type\":\"CommentAction\",\"name\":\"Comment\",\"target\":[\"https:\\\/\\\/2016.carnico.it\\\/blog\\\/2012\\\/07\\\/03\\\/il-personaggio-daniele-tomat-ravascletto\\\/#respond\"]}]},{\"@type\":\"WebPage\",\"@id\":\"https:\\\/\\\/2016.carnico.it\\\/blog\\\/2012\\\/07\\\/03\\\/il-personaggio-daniele-tomat-ravascletto\\\/\",\"url\":\"https:\\\/\\\/2016.carnico.it\\\/blog\\\/2012\\\/07\\\/03\\\/il-personaggio-daniele-tomat-ravascletto\\\/\",\"name\":\"IL PERSONAGGIO: DANIELE TOMAT (RAVASCLETTO) - Campionato Carnico 2016\",\"isPartOf\":{\"@id\":\"https:\\\/\\\/2016.carnico.it\\\/blog\\\/#website\"},\"datePublished\":\"2012-07-03T14:01:20+00:00\",\"author\":{\"@id\":\"https:\\\/\\\/2016.carnico.it\\\/blog\\\/#\\\/schema\\\/person\\\/a68c764693d96df3238f123ea014e78c\"},\"breadcrumb\":{\"@id\":\"https:\\\/\\\/2016.carnico.it\\\/blog\\\/2012\\\/07\\\/03\\\/il-personaggio-daniele-tomat-ravascletto\\\/#breadcrumb\"},\"inLanguage\":\"it-IT\",\"potentialAction\":[{\"@type\":\"ReadAction\",\"target\":[\"https:\\\/\\\/2016.carnico.it\\\/blog\\\/2012\\\/07\\\/03\\\/il-personaggio-daniele-tomat-ravascletto\\\/\"]}]},{\"@type\":\"BreadcrumbList\",\"@id\":\"https:\\\/\\\/2016.carnico.it\\\/blog\\\/2012\\\/07\\\/03\\\/il-personaggio-daniele-tomat-ravascletto\\\/#breadcrumb\",\"itemListElement\":[{\"@type\":\"ListItem\",\"position\":1,\"name\":\"Home\",\"item\":\"https:\\\/\\\/2016.carnico.it\\\/blog\\\/\"},{\"@type\":\"ListItem\",\"position\":2,\"name\":\"IL PERSONAGGIO: DANIELE TOMAT (RAVASCLETTO)\"}]},{\"@type\":\"WebSite\",\"@id\":\"https:\\\/\\\/2016.carnico.it\\\/blog\\\/#website\",\"url\":\"https:\\\/\\\/2016.carnico.it\\\/blog\\\/\",\"name\":\"Campionato Carnico 2016\",\"description\":\"Notizie e aggiornamenti in tempo reale sul campionato Carnico\",\"potentialAction\":[{\"@type\":\"SearchAction\",\"target\":{\"@type\":\"EntryPoint\",\"urlTemplate\":\"https:\\\/\\\/2016.carnico.it\\\/blog\\\/?s={search_term_string}\"},\"query-input\":{\"@type\":\"PropertyValueSpecification\",\"valueRequired\":true,\"valueName\":\"search_term_string\"}}],\"inLanguage\":\"it-IT\"},{\"@type\":\"Person\",\"@id\":\"https:\\\/\\\/2016.carnico.it\\\/blog\\\/#\\\/schema\\\/person\\\/a68c764693d96df3238f123ea014e78c\",\"name\":\"Redazione\",\"image\":{\"@type\":\"ImageObject\",\"inLanguage\":\"it-IT\",\"@id\":\"https:\\\/\\\/secure.gravatar.com\\\/avatar\\\/6c05bd4dddbea475e283f76b4aa2d778ecb35c06fd92df5f6e0cac552163e2ac?s=96&d=mm&r=g\",\"url\":\"https:\\\/\\\/secure.gravatar.com\\\/avatar\\\/6c05bd4dddbea475e283f76b4aa2d778ecb35c06fd92df5f6e0cac552163e2ac?s=96&d=mm&r=g\",\"contentUrl\":\"https:\\\/\\\/secure.gravatar.com\\\/avatar\\\/6c05bd4dddbea475e283f76b4aa2d778ecb35c06fd92df5f6e0cac552163e2ac?s=96&d=mm&r=g\",\"caption\":\"Redazione\"},\"url\":\"https:\\\/\\\/2016.carnico.it\\\/blog\\\/author\\\/clyco-admin\\\/\"}]}<\/script>\n<!-- \/ Yoast SEO plugin. -->","yoast_head_json":{"title":"IL PERSONAGGIO: DANIELE TOMAT (RAVASCLETTO) - Campionato Carnico 2016","robots":{"index":"index","follow":"follow","max-snippet":"max-snippet:-1","max-image-preview":"max-image-preview:large","max-video-preview":"max-video-preview:-1"},"canonical":"https:\/\/2016.carnico.it\/blog\/2012\/07\/03\/il-personaggio-daniele-tomat-ravascletto\/","og_locale":"it_IT","og_type":"article","og_title":"IL PERSONAGGIO: DANIELE TOMAT (RAVASCLETTO) - Campionato Carnico 2016","og_description":"E\u2019 lui l\u2019uomo simbolo del Ravascletto che, diciamo pure a sorpresa, sta scalando la classifica della Terza Categoria. Lui \u00e8 Daniele Tomat, 22 anni a novembre ed almeno un paio di carriere, invece, appena all\u2019inizio. Perch\u00e9 due carriere? Semplice, Daniele ha due grandi passioni, il calcio ed il giornalismo, due \u201cattivit\u00e0\u201d che cerca di coltivare [&hellip;]","og_url":"https:\/\/2016.carnico.it\/blog\/2012\/07\/03\/il-personaggio-daniele-tomat-ravascletto\/","og_site_name":"Campionato Carnico 2016","article_publisher":"https:\/\/www.facebook.com\/campionatocarnico\/","article_published_time":"2012-07-03T14:01:20+00:00","og_image":[{"url":"\/\/www.carnico.it\/blog\/wp-content\/uploads\/2012\/07\/RAVASCLETTO-2012-Daniele-Tomat.jpg","type":"","width":"","height":""}],"author":"Redazione","twitter_card":"summary_large_image","twitter_misc":{"Scritto da":"Redazione","Tempo di lettura stimato":"1 minuto"},"schema":{"@context":"https:\/\/schema.org","@graph":[{"@type":"Article","@id":"https:\/\/2016.carnico.it\/blog\/2012\/07\/03\/il-personaggio-daniele-tomat-ravascletto\/#article","isPartOf":{"@id":"https:\/\/2016.carnico.it\/blog\/2012\/07\/03\/il-personaggio-daniele-tomat-ravascletto\/"},"author":{"name":"Redazione","@id":"https:\/\/2016.carnico.it\/blog\/#\/schema\/person\/a68c764693d96df3238f123ea014e78c"},"headline":"IL PERSONAGGIO: DANIELE TOMAT (RAVASCLETTO)","datePublished":"2012-07-03T14:01:20+00:00","mainEntityOfPage":{"@id":"https:\/\/2016.carnico.it\/blog\/2012\/07\/03\/il-personaggio-daniele-tomat-ravascletto\/"},"wordCount":273,"commentCount":3,"articleSection":["Carnico","Commento al campionato"],"inLanguage":"it-IT","potentialAction":[{"@type":"CommentAction","name":"Comment","target":["https:\/\/2016.carnico.it\/blog\/2012\/07\/03\/il-personaggio-daniele-tomat-ravascletto\/#respond"]}]},{"@type":"WebPage","@id":"https:\/\/2016.carnico.it\/blog\/2012\/07\/03\/il-personaggio-daniele-tomat-ravascletto\/","url":"https:\/\/2016.carnico.it\/blog\/2012\/07\/03\/il-personaggio-daniele-tomat-ravascletto\/","name":"IL PERSONAGGIO: DANIELE TOMAT (RAVASCLETTO) - Campionato Carnico 2016","isPartOf":{"@id":"https:\/\/2016.carnico.it\/blog\/#website"},"datePublished":"2012-07-03T14:01:20+00:00","author":{"@id":"https:\/\/2016.carnico.it\/blog\/#\/schema\/person\/a68c764693d96df3238f123ea014e78c"},"breadcrumb":{"@id":"https:\/\/2016.carnico.it\/blog\/2012\/07\/03\/il-personaggio-daniele-tomat-ravascletto\/#breadcrumb"},"inLanguage":"it-IT","potentialAction":[{"@type":"ReadAction","target":["https:\/\/2016.carnico.it\/blog\/2012\/07\/03\/il-personaggio-daniele-tomat-ravascletto\/"]}]},{"@type":"BreadcrumbList","@id":"https:\/\/2016.carnico.it\/blog\/2012\/07\/03\/il-personaggio-daniele-tomat-ravascletto\/#breadcrumb","itemListElement":[{"@type":"ListItem","position":1,"name":"Home","item":"https:\/\/2016.carnico.it\/blog\/"},{"@type":"ListItem","position":2,"name":"IL PERSONAGGIO: DANIELE TOMAT (RAVASCLETTO)"}]},{"@type":"WebSite","@id":"https:\/\/2016.carnico.it\/blog\/#website","url":"https:\/\/2016.carnico.it\/blog\/","name":"Campionato Carnico 2016","description":"Notizie e aggiornamenti in tempo reale sul campionato Carnico","potentialAction":[{"@type":"SearchAction","target":{"@type":"EntryPoint","urlTemplate":"https:\/\/2016.carnico.it\/blog\/?s={search_term_string}"},"query-input":{"@type":"PropertyValueSpecification","valueRequired":true,"valueName":"search_term_string"}}],"inLanguage":"it-IT"},{"@type":"Person","@id":"https:\/\/2016.carnico.it\/blog\/#\/schema\/person\/a68c764693d96df3238f123ea014e78c","name":"Redazione","image":{"@type":"ImageObject","inLanguage":"it-IT","@id":"https:\/\/secure.gravatar.com\/avatar\/6c05bd4dddbea475e283f76b4aa2d778ecb35c06fd92df5f6e0cac552163e2ac?s=96&d=mm&r=g","url":"https:\/\/secure.gravatar.com\/avatar\/6c05bd4dddbea475e283f76b4aa2d778ecb35c06fd92df5f6e0cac552163e2ac?s=96&d=mm&r=g","contentUrl":"https:\/\/secure.gravatar.com\/avatar\/6c05bd4dddbea475e283f76b4aa2d778ecb35c06fd92df5f6e0cac552163e2ac?s=96&d=mm&r=g","caption":"Redazione"},"url":"https:\/\/2016.carnico.it\/blog\/author\/clyco-admin\/"}]}},"_links":{"self":[{"href":"https:\/\/2016.carnico.it\/blog\/wp-json\/wp\/v2\/posts\/7435","targetHints":{"allow":["GET"]}}],"collection":[{"href":"https:\/\/2016.carnico.it\/blog\/wp-json\/wp\/v2\/posts"}],"about":[{"href":"https:\/\/2016.carnico.it\/blog\/wp-json\/wp\/v2\/types\/post"}],"author":[{"embeddable":true,"href":"https:\/\/2016.carnico.it\/blog\/wp-json\/wp\/v2\/users\/10"}],"replies":[{"embeddable":true,"href":"https:\/\/2016.carnico.it\/blog\/wp-json\/wp\/v2\/comments?post=7435"}],"version-history":[{"count":4,"href":"https:\/\/2016.carnico.it\/blog\/wp-json\/wp\/v2\/posts\/7435\/revisions"}],"predecessor-version":[{"id":7440,"href":"https:\/\/2016.carnico.it\/blog\/wp-json\/wp\/v2\/posts\/7435\/revisions\/7440"}],"wp:attachment":[{"href":"https:\/\/2016.carnico.it\/blog\/wp-json\/wp\/v2\/media?parent=7435"}],"wp:term":[{"taxonomy":"category","embeddable":true,"href":"https:\/\/2016.carnico.it\/blog\/wp-json\/wp\/v2\/categories?post=7435"},{"taxonomy":"post_tag","embeddable":true,"href":"https:\/\/2016.carnico.it\/blog\/wp-json\/wp\/v2\/tags?post=7435"}],"curies":[{"name":"wp","href":"https:\/\/api.w.org\/{rel}","templated":true}]}}