{"id":7431,"date":"2012-07-03T16:00:00","date_gmt":"2012-07-03T14:00:00","guid":{"rendered":"http:\/\/www.carnico.it\/blog\/?p=7431"},"modified":"2012-07-03T16:07:04","modified_gmt":"2012-07-03T14:07:04","slug":"la-telefonata-daniele-iob-moggese","status":"publish","type":"post","link":"https:\/\/2016.carnico.it\/blog\/2012\/07\/03\/la-telefonata-daniele-iob-moggese\/","title":{"rendered":"LA TELEFONATA: DANIELE IOB (MOGGESE)"},"content":{"rendered":"<p><strong><a href=\"\/\/www.carnico.it\/blog\/wp-content\/uploads\/2012\/07\/MOGGESE-2011-Daniele-Iob.jpg\"><img loading=\"lazy\" decoding=\"async\" class=\"alignright size-full wp-image-7432\" title=\"MOGGESE 2011- Daniele Iob\" src=\"\/\/www.carnico.it\/blog\/wp-content\/uploads\/2012\/07\/MOGGESE-2011-Daniele-Iob.jpg\" alt=\"\" width=\"100\" height=\"125\" \/><\/a>Pronto, Daniele Iob? Con la tripletta realizzata con la tua Moggese all&#8217;Arta sei salito a quota 16 nella classifica marcatori, con una proiezione finale di 38. Troppo facile la Seconda Categoria per un bomber come te?<br \/>\n<\/strong>\u00abBeh no, 38 \u00e8 troppo, dai&#8230; Spero di migliorare il mio record personale di 29, realizzato nel 2001 con la Stella Azzurra, questo s\u00ec. E comunque la Seconda \u00e8 tutt&#8217;altro che facile, perch\u00e9 le squadre si chiudono e lasciano pochi spazi. Io ho il vantaggio di essere assistito da Marcon e David Not, che mi stanno fornendo assist al bacio a go-go\u00bb.<br \/>\n<strong><!--more-->L&#8217;anno scorso 21 reti in Prima, la maggior parte delle quali segnate nel ritorno, mentre in questo campionato sei partito sparato.<br \/>\n<\/strong>\u00abCredo sia dovuto al fatto che in inverno ho giocato con gli Amatori del Lovaria, assieme fra l&#8217;altro a De Giudici, Agostinis e Matiz del Real. Inoltre milito nella squadra di calcio a 5 a Moggio. In passato invece mi fermavo completamente, ingrassavo e poi ci mettevo molto tempo a ritrovare il peso forma\u00bb.<br \/>\n<strong>A proposito di Real, \u00e8 vero che i biancorossi ti hanno cercato?<br \/>\n<\/strong>\u00abNon solo loro. I 21 gol realizzati l&#8217;anno scorso hanno fatto gola a molte squadre di Prima. Ma io sto bene a Moggio, anche perch\u00e9 stiamo crescendo tanti giovani talenti. E poi, come ci disse l&#8217;anno passato un grande allenatore come Claudio Brollo, &#8220;un uomo per definirsi tale deve passare un giorno in galera. E la vostra galera \u00e8 la retrocessione&#8221;\u00bb.<br \/>\n<strong>E tu come l&#8217;hai presa la discesa in Seconda?<br \/>\n<\/strong>\u00abMalissimo. Anche perch\u00e9 \u00e8 stata immeritata\u00bb.<br \/>\n<strong>Eravate fra i favoriti per la promozione alla vigilia del torneo. Si pu\u00f2 immaginare che le ultime cinque vittorie consecutive abbiano rafforzato anche la vostra convinzione.<br \/>\n<\/strong>\u00abCerto. Del resto quando tra i volti nuovi ti ritrovi il pi\u00f9 forte difensore del Carnico, Giorgis, e un centrocampista come Simone Romanin, non puoi che puntare in alto. E poi c&#8217;\u00e8 mister Dominici, abile a gestire il gruppo, leggere bene le partite e premiare i giovani ma solo quando se lo meritano\u00bb.<br \/>\n<strong>Domani sarete impegnati nei quarti di Coppa con il Real.<br \/>\n<\/strong>\u00abOvviamente loro sono favoriti, ma noi ce la giocheremo, ricordando anche il 5-4 dell&#8217;anno scorso e la vittoria ad Imponzo nel 2010\u00bb.<br \/>\n<strong>Prima o poi ti rivedremo in un campionato regionale?<\/strong><br \/>\n\u00abNel 2000 ho giocato a Venzone, raggiungendo la finale regionale Juniores e facendo anche qualche spezzone in Promozione. Mi hanno cercato anche ultimamente dall&#8217;invernale, ma io sto bene nel Carnico\u00bb.<\/p>\n<p>(<em><strong>dal Gazzettino<\/strong><\/em>)<\/p>\n","protected":false},"excerpt":{"rendered":"<p>Pronto, Daniele Iob? Con la tripletta realizzata con la tua Moggese all&#8217;Arta sei salito a quota 16 nella classifica marcatori, con una proiezione finale di 38. Troppo facile la Seconda Categoria per un bomber come te? \u00abBeh no, 38 \u00e8 troppo, dai&#8230; Spero di migliorare il mio record personale di 29, realizzato nel 2001 con [&hellip;]<\/p>\n","protected":false},"author":10,"featured_media":0,"comment_status":"open","ping_status":"closed","sticky":false,"template":"","format":"standard","meta":{"ngg_post_thumbnail":0,"footnotes":""},"categories":[3,1],"tags":[],"class_list":["post-7431","post","type-post","status-publish","format-standard","hentry","category-carnico","category-commento-campionato"],"yoast_head":"<!-- This site is optimized with the Yoast SEO plugin v27.3 - https:\/\/yoast.com\/product\/yoast-seo-wordpress\/ -->\n<title>LA TELEFONATA: DANIELE IOB (MOGGESE) - Campionato Carnico 2016<\/title>\n<meta name=\"robots\" content=\"index, follow, max-snippet:-1, max-image-preview:large, max-video-preview:-1\" \/>\n<link rel=\"canonical\" href=\"https:\/\/2016.carnico.it\/blog\/2012\/07\/03\/la-telefonata-daniele-iob-moggese\/\" \/>\n<meta property=\"og:locale\" content=\"it_IT\" \/>\n<meta property=\"og:type\" content=\"article\" \/>\n<meta property=\"og:title\" content=\"LA TELEFONATA: DANIELE IOB (MOGGESE) - Campionato Carnico 2016\" \/>\n<meta property=\"og:description\" content=\"Pronto, Daniele Iob? Con la tripletta realizzata con la tua Moggese all&#8217;Arta sei salito a quota 16 nella classifica marcatori, con una proiezione finale di 38. Troppo facile la Seconda Categoria per un bomber come te? \u00abBeh no, 38 \u00e8 troppo, dai&#8230; Spero di migliorare il mio record personale di 29, realizzato nel 2001 con [&hellip;]\" \/>\n<meta property=\"og:url\" content=\"https:\/\/2016.carnico.it\/blog\/2012\/07\/03\/la-telefonata-daniele-iob-moggese\/\" \/>\n<meta property=\"og:site_name\" content=\"Campionato Carnico 2016\" \/>\n<meta property=\"article:publisher\" content=\"https:\/\/www.facebook.com\/campionatocarnico\/\" \/>\n<meta property=\"article:published_time\" content=\"2012-07-03T14:00:00+00:00\" \/>\n<meta property=\"article:modified_time\" content=\"2012-07-03T14:07:04+00:00\" \/>\n<meta property=\"og:image\" content=\"\/\/www.carnico.it\/blog\/wp-content\/uploads\/2012\/07\/MOGGESE-2011-Daniele-Iob.jpg\" \/>\n<meta name=\"author\" content=\"Redazione\" \/>\n<meta name=\"twitter:card\" content=\"summary_large_image\" \/>\n<meta name=\"twitter:label1\" content=\"Scritto da\" \/>\n\t<meta name=\"twitter:data1\" content=\"Redazione\" \/>\n\t<meta name=\"twitter:label2\" content=\"Tempo di lettura stimato\" \/>\n\t<meta name=\"twitter:data2\" content=\"2 minuti\" \/>\n<script type=\"application\/ld+json\" class=\"yoast-schema-graph\">{\"@context\":\"https:\\\/\\\/schema.org\",\"@graph\":[{\"@type\":\"Article\",\"@id\":\"https:\\\/\\\/2016.carnico.it\\\/blog\\\/2012\\\/07\\\/03\\\/la-telefonata-daniele-iob-moggese\\\/#article\",\"isPartOf\":{\"@id\":\"https:\\\/\\\/2016.carnico.it\\\/blog\\\/2012\\\/07\\\/03\\\/la-telefonata-daniele-iob-moggese\\\/\"},\"author\":{\"name\":\"Redazione\",\"@id\":\"https:\\\/\\\/2016.carnico.it\\\/blog\\\/#\\\/schema\\\/person\\\/a68c764693d96df3238f123ea014e78c\"},\"headline\":\"LA TELEFONATA: DANIELE IOB (MOGGESE)\",\"datePublished\":\"2012-07-03T14:00:00+00:00\",\"dateModified\":\"2012-07-03T14:07:04+00:00\",\"mainEntityOfPage\":{\"@id\":\"https:\\\/\\\/2016.carnico.it\\\/blog\\\/2012\\\/07\\\/03\\\/la-telefonata-daniele-iob-moggese\\\/\"},\"wordCount\":412,\"commentCount\":10,\"articleSection\":[\"Carnico\",\"Commento al campionato\"],\"inLanguage\":\"it-IT\",\"potentialAction\":[{\"@type\":\"CommentAction\",\"name\":\"Comment\",\"target\":[\"https:\\\/\\\/2016.carnico.it\\\/blog\\\/2012\\\/07\\\/03\\\/la-telefonata-daniele-iob-moggese\\\/#respond\"]}]},{\"@type\":\"WebPage\",\"@id\":\"https:\\\/\\\/2016.carnico.it\\\/blog\\\/2012\\\/07\\\/03\\\/la-telefonata-daniele-iob-moggese\\\/\",\"url\":\"https:\\\/\\\/2016.carnico.it\\\/blog\\\/2012\\\/07\\\/03\\\/la-telefonata-daniele-iob-moggese\\\/\",\"name\":\"LA TELEFONATA: DANIELE IOB (MOGGESE) - Campionato Carnico 2016\",\"isPartOf\":{\"@id\":\"https:\\\/\\\/2016.carnico.it\\\/blog\\\/#website\"},\"datePublished\":\"2012-07-03T14:00:00+00:00\",\"dateModified\":\"2012-07-03T14:07:04+00:00\",\"author\":{\"@id\":\"https:\\\/\\\/2016.carnico.it\\\/blog\\\/#\\\/schema\\\/person\\\/a68c764693d96df3238f123ea014e78c\"},\"breadcrumb\":{\"@id\":\"https:\\\/\\\/2016.carnico.it\\\/blog\\\/2012\\\/07\\\/03\\\/la-telefonata-daniele-iob-moggese\\\/#breadcrumb\"},\"inLanguage\":\"it-IT\",\"potentialAction\":[{\"@type\":\"ReadAction\",\"target\":[\"https:\\\/\\\/2016.carnico.it\\\/blog\\\/2012\\\/07\\\/03\\\/la-telefonata-daniele-iob-moggese\\\/\"]}]},{\"@type\":\"BreadcrumbList\",\"@id\":\"https:\\\/\\\/2016.carnico.it\\\/blog\\\/2012\\\/07\\\/03\\\/la-telefonata-daniele-iob-moggese\\\/#breadcrumb\",\"itemListElement\":[{\"@type\":\"ListItem\",\"position\":1,\"name\":\"Home\",\"item\":\"https:\\\/\\\/2016.carnico.it\\\/blog\\\/\"},{\"@type\":\"ListItem\",\"position\":2,\"name\":\"LA TELEFONATA: DANIELE IOB (MOGGESE)\"}]},{\"@type\":\"WebSite\",\"@id\":\"https:\\\/\\\/2016.carnico.it\\\/blog\\\/#website\",\"url\":\"https:\\\/\\\/2016.carnico.it\\\/blog\\\/\",\"name\":\"Campionato Carnico 2016\",\"description\":\"Notizie e aggiornamenti in tempo reale sul campionato Carnico\",\"potentialAction\":[{\"@type\":\"SearchAction\",\"target\":{\"@type\":\"EntryPoint\",\"urlTemplate\":\"https:\\\/\\\/2016.carnico.it\\\/blog\\\/?s={search_term_string}\"},\"query-input\":{\"@type\":\"PropertyValueSpecification\",\"valueRequired\":true,\"valueName\":\"search_term_string\"}}],\"inLanguage\":\"it-IT\"},{\"@type\":\"Person\",\"@id\":\"https:\\\/\\\/2016.carnico.it\\\/blog\\\/#\\\/schema\\\/person\\\/a68c764693d96df3238f123ea014e78c\",\"name\":\"Redazione\",\"image\":{\"@type\":\"ImageObject\",\"inLanguage\":\"it-IT\",\"@id\":\"https:\\\/\\\/secure.gravatar.com\\\/avatar\\\/6c05bd4dddbea475e283f76b4aa2d778ecb35c06fd92df5f6e0cac552163e2ac?s=96&d=mm&r=g\",\"url\":\"https:\\\/\\\/secure.gravatar.com\\\/avatar\\\/6c05bd4dddbea475e283f76b4aa2d778ecb35c06fd92df5f6e0cac552163e2ac?s=96&d=mm&r=g\",\"contentUrl\":\"https:\\\/\\\/secure.gravatar.com\\\/avatar\\\/6c05bd4dddbea475e283f76b4aa2d778ecb35c06fd92df5f6e0cac552163e2ac?s=96&d=mm&r=g\",\"caption\":\"Redazione\"},\"url\":\"https:\\\/\\\/2016.carnico.it\\\/blog\\\/author\\\/clyco-admin\\\/\"}]}<\/script>\n<!-- \/ Yoast SEO plugin. -->","yoast_head_json":{"title":"LA TELEFONATA: DANIELE IOB (MOGGESE) - Campionato Carnico 2016","robots":{"index":"index","follow":"follow","max-snippet":"max-snippet:-1","max-image-preview":"max-image-preview:large","max-video-preview":"max-video-preview:-1"},"canonical":"https:\/\/2016.carnico.it\/blog\/2012\/07\/03\/la-telefonata-daniele-iob-moggese\/","og_locale":"it_IT","og_type":"article","og_title":"LA TELEFONATA: DANIELE IOB (MOGGESE) - Campionato Carnico 2016","og_description":"Pronto, Daniele Iob? Con la tripletta realizzata con la tua Moggese all&#8217;Arta sei salito a quota 16 nella classifica marcatori, con una proiezione finale di 38. Troppo facile la Seconda Categoria per un bomber come te? \u00abBeh no, 38 \u00e8 troppo, dai&#8230; Spero di migliorare il mio record personale di 29, realizzato nel 2001 con [&hellip;]","og_url":"https:\/\/2016.carnico.it\/blog\/2012\/07\/03\/la-telefonata-daniele-iob-moggese\/","og_site_name":"Campionato Carnico 2016","article_publisher":"https:\/\/www.facebook.com\/campionatocarnico\/","article_published_time":"2012-07-03T14:00:00+00:00","article_modified_time":"2012-07-03T14:07:04+00:00","og_image":[{"url":"\/\/www.carnico.it\/blog\/wp-content\/uploads\/2012\/07\/MOGGESE-2011-Daniele-Iob.jpg","type":"","width":"","height":""}],"author":"Redazione","twitter_card":"summary_large_image","twitter_misc":{"Scritto da":"Redazione","Tempo di lettura stimato":"2 minuti"},"schema":{"@context":"https:\/\/schema.org","@graph":[{"@type":"Article","@id":"https:\/\/2016.carnico.it\/blog\/2012\/07\/03\/la-telefonata-daniele-iob-moggese\/#article","isPartOf":{"@id":"https:\/\/2016.carnico.it\/blog\/2012\/07\/03\/la-telefonata-daniele-iob-moggese\/"},"author":{"name":"Redazione","@id":"https:\/\/2016.carnico.it\/blog\/#\/schema\/person\/a68c764693d96df3238f123ea014e78c"},"headline":"LA TELEFONATA: DANIELE IOB (MOGGESE)","datePublished":"2012-07-03T14:00:00+00:00","dateModified":"2012-07-03T14:07:04+00:00","mainEntityOfPage":{"@id":"https:\/\/2016.carnico.it\/blog\/2012\/07\/03\/la-telefonata-daniele-iob-moggese\/"},"wordCount":412,"commentCount":10,"articleSection":["Carnico","Commento al campionato"],"inLanguage":"it-IT","potentialAction":[{"@type":"CommentAction","name":"Comment","target":["https:\/\/2016.carnico.it\/blog\/2012\/07\/03\/la-telefonata-daniele-iob-moggese\/#respond"]}]},{"@type":"WebPage","@id":"https:\/\/2016.carnico.it\/blog\/2012\/07\/03\/la-telefonata-daniele-iob-moggese\/","url":"https:\/\/2016.carnico.it\/blog\/2012\/07\/03\/la-telefonata-daniele-iob-moggese\/","name":"LA TELEFONATA: DANIELE IOB (MOGGESE) - Campionato Carnico 2016","isPartOf":{"@id":"https:\/\/2016.carnico.it\/blog\/#website"},"datePublished":"2012-07-03T14:00:00+00:00","dateModified":"2012-07-03T14:07:04+00:00","author":{"@id":"https:\/\/2016.carnico.it\/blog\/#\/schema\/person\/a68c764693d96df3238f123ea014e78c"},"breadcrumb":{"@id":"https:\/\/2016.carnico.it\/blog\/2012\/07\/03\/la-telefonata-daniele-iob-moggese\/#breadcrumb"},"inLanguage":"it-IT","potentialAction":[{"@type":"ReadAction","target":["https:\/\/2016.carnico.it\/blog\/2012\/07\/03\/la-telefonata-daniele-iob-moggese\/"]}]},{"@type":"BreadcrumbList","@id":"https:\/\/2016.carnico.it\/blog\/2012\/07\/03\/la-telefonata-daniele-iob-moggese\/#breadcrumb","itemListElement":[{"@type":"ListItem","position":1,"name":"Home","item":"https:\/\/2016.carnico.it\/blog\/"},{"@type":"ListItem","position":2,"name":"LA TELEFONATA: DANIELE IOB (MOGGESE)"}]},{"@type":"WebSite","@id":"https:\/\/2016.carnico.it\/blog\/#website","url":"https:\/\/2016.carnico.it\/blog\/","name":"Campionato Carnico 2016","description":"Notizie e aggiornamenti in tempo reale sul campionato Carnico","potentialAction":[{"@type":"SearchAction","target":{"@type":"EntryPoint","urlTemplate":"https:\/\/2016.carnico.it\/blog\/?s={search_term_string}"},"query-input":{"@type":"PropertyValueSpecification","valueRequired":true,"valueName":"search_term_string"}}],"inLanguage":"it-IT"},{"@type":"Person","@id":"https:\/\/2016.carnico.it\/blog\/#\/schema\/person\/a68c764693d96df3238f123ea014e78c","name":"Redazione","image":{"@type":"ImageObject","inLanguage":"it-IT","@id":"https:\/\/secure.gravatar.com\/avatar\/6c05bd4dddbea475e283f76b4aa2d778ecb35c06fd92df5f6e0cac552163e2ac?s=96&d=mm&r=g","url":"https:\/\/secure.gravatar.com\/avatar\/6c05bd4dddbea475e283f76b4aa2d778ecb35c06fd92df5f6e0cac552163e2ac?s=96&d=mm&r=g","contentUrl":"https:\/\/secure.gravatar.com\/avatar\/6c05bd4dddbea475e283f76b4aa2d778ecb35c06fd92df5f6e0cac552163e2ac?s=96&d=mm&r=g","caption":"Redazione"},"url":"https:\/\/2016.carnico.it\/blog\/author\/clyco-admin\/"}]}},"_links":{"self":[{"href":"https:\/\/2016.carnico.it\/blog\/wp-json\/wp\/v2\/posts\/7431","targetHints":{"allow":["GET"]}}],"collection":[{"href":"https:\/\/2016.carnico.it\/blog\/wp-json\/wp\/v2\/posts"}],"about":[{"href":"https:\/\/2016.carnico.it\/blog\/wp-json\/wp\/v2\/types\/post"}],"author":[{"embeddable":true,"href":"https:\/\/2016.carnico.it\/blog\/wp-json\/wp\/v2\/users\/10"}],"replies":[{"embeddable":true,"href":"https:\/\/2016.carnico.it\/blog\/wp-json\/wp\/v2\/comments?post=7431"}],"version-history":[{"count":3,"href":"https:\/\/2016.carnico.it\/blog\/wp-json\/wp\/v2\/posts\/7431\/revisions"}],"predecessor-version":[{"id":7441,"href":"https:\/\/2016.carnico.it\/blog\/wp-json\/wp\/v2\/posts\/7431\/revisions\/7441"}],"wp:attachment":[{"href":"https:\/\/2016.carnico.it\/blog\/wp-json\/wp\/v2\/media?parent=7431"}],"wp:term":[{"taxonomy":"category","embeddable":true,"href":"https:\/\/2016.carnico.it\/blog\/wp-json\/wp\/v2\/categories?post=7431"},{"taxonomy":"post_tag","embeddable":true,"href":"https:\/\/2016.carnico.it\/blog\/wp-json\/wp\/v2\/tags?post=7431"}],"curies":[{"name":"wp","href":"https:\/\/api.w.org\/{rel}","templated":true}]}}