{"id":7193,"date":"2012-06-18T23:26:40","date_gmt":"2012-06-18T21:26:40","guid":{"rendered":"http:\/\/www.carnico.it\/blog\/?p=7193"},"modified":"2012-06-18T23:28:15","modified_gmt":"2012-06-18T21:28:15","slug":"mandi-augusto","status":"publish","type":"post","link":"https:\/\/2016.carnico.it\/blog\/2012\/06\/18\/mandi-augusto\/","title":{"rendered":"MANDI, AUGUSTO"},"content":{"rendered":"<div id=\"attachment_7194\" style=\"width: 160px\" class=\"wp-caption alignleft\"><a href=\"\/\/www.carnico.it\/blog\/2012\/06\/18\/mandi-augusto\/corradina\/\" rel=\"attachment wp-att-7194\"><img loading=\"lazy\" decoding=\"async\" aria-describedby=\"caption-attachment-7194\" class=\"size-thumbnail wp-image-7194\" title=\"CORRADINA\" src=\"\/\/www.carnico.it\/blog\/wp-content\/uploads\/2012\/06\/CORRADINA-150x150.jpg\" alt=\"\" width=\"150\" height=\"150\" \/><\/a><p id=\"caption-attachment-7194\" class=\"wp-caption-text\">Augusto Corradina<\/p><\/div>\n<p><em><strong>Patrizio De Marchi ci ha mandato queste poche righe per ricordare Augusto Corradina. Invece di inserirle nei commenti, abbiamo pensato di dedicargli un piccolo spazio tutto suo. Ringraziamo Patrizio per averci dato la possibilit\u00e0 di salutare un altro grande del Carnico che non c&#8217;\u00e8 pi\u00f9. Mandi, Augusto, riposa in pace.<\/strong><\/em><\/p>\n<p>Vorrei tramite questo sito poter ricordare una persona e un calciatore eccezionale. La scorsa settimana ci ha lasciato Augusto Corradina, ala destra dell\u2019 Edera di Enemonzo-Preone degli anni 60 e 70. Corradina era dotato di una velocit\u00e0 incredibile, di un dribbling irresistibile e conclusioni brucianti.<!--more--> Assieme ai suoi compagni di allora ha contribuito a fare di quel gruppo di amici (praticamente tutti dei due paesi sopra menzionati) una delle migliori compagine viste al Comunale \u201cDino Pivotti\u201d di ogni tempo. Una squadra capace di reagire ad ogni avversit\u00e0, recuperare qualsiasi risultato sfavorevole, in parole povere una signora squadra di calcio. <em>Rommel,<\/em> come lo chiamavamo allora, di questa squadra era uno dei migliori componenti calcisticamente e umanamente parlando. Ora, troppo presto, \u00e8 andato avanti a giocare una nuova partita che attende tutti noi, e siamo certi che sar\u00e0 sempre il terrore di tutti i difensori che lo incrocerranno &#8230; Che la terra ti sia lieve, <em>Rommel<\/em>.<\/p>\n","protected":false},"excerpt":{"rendered":"<p>Patrizio De Marchi ci ha mandato queste poche righe per ricordare Augusto Corradina. Invece di inserirle nei commenti, abbiamo pensato di dedicargli un piccolo spazio tutto suo. Ringraziamo Patrizio per averci dato la possibilit\u00e0 di salutare un altro grande del Carnico che non c&#8217;\u00e8 pi\u00f9. Mandi, Augusto, riposa in pace. Vorrei tramite questo sito poter [&hellip;]<\/p>\n","protected":false},"author":10,"featured_media":0,"comment_status":"open","ping_status":"closed","sticky":false,"template":"","format":"standard","meta":{"ngg_post_thumbnail":0,"footnotes":""},"categories":[5],"tags":[],"class_list":["post-7193","post","type-post","status-publish","format-standard","hentry","category-varie"],"yoast_head":"<!-- This site is optimized with the Yoast SEO plugin v27.3 - https:\/\/yoast.com\/product\/yoast-seo-wordpress\/ -->\n<title>MANDI, AUGUSTO - Campionato Carnico 2016<\/title>\n<meta name=\"robots\" content=\"index, follow, max-snippet:-1, max-image-preview:large, max-video-preview:-1\" \/>\n<link rel=\"canonical\" href=\"https:\/\/2016.carnico.it\/blog\/2012\/06\/18\/mandi-augusto\/\" \/>\n<meta property=\"og:locale\" content=\"it_IT\" \/>\n<meta property=\"og:type\" content=\"article\" \/>\n<meta property=\"og:title\" content=\"MANDI, AUGUSTO - Campionato Carnico 2016\" \/>\n<meta property=\"og:description\" content=\"Patrizio De Marchi ci ha mandato queste poche righe per ricordare Augusto Corradina. Invece di inserirle nei commenti, abbiamo pensato di dedicargli un piccolo spazio tutto suo. Ringraziamo Patrizio per averci dato la possibilit\u00e0 di salutare un altro grande del Carnico che non c&#8217;\u00e8 pi\u00f9. Mandi, Augusto, riposa in pace. Vorrei tramite questo sito poter [&hellip;]\" \/>\n<meta property=\"og:url\" content=\"https:\/\/2016.carnico.it\/blog\/2012\/06\/18\/mandi-augusto\/\" \/>\n<meta property=\"og:site_name\" content=\"Campionato Carnico 2016\" \/>\n<meta property=\"article:publisher\" content=\"https:\/\/www.facebook.com\/campionatocarnico\/\" \/>\n<meta property=\"article:published_time\" content=\"2012-06-18T21:26:40+00:00\" \/>\n<meta property=\"article:modified_time\" content=\"2012-06-18T21:28:15+00:00\" \/>\n<meta property=\"og:image\" content=\"\/\/www.carnico.it\/blog\/wp-content\/uploads\/2012\/06\/CORRADINA-150x150.jpg\" \/>\n<meta name=\"author\" content=\"Redazione\" \/>\n<meta name=\"twitter:card\" content=\"summary_large_image\" \/>\n<meta name=\"twitter:label1\" content=\"Scritto da\" \/>\n\t<meta name=\"twitter:data1\" content=\"Redazione\" \/>\n\t<meta name=\"twitter:label2\" content=\"Tempo di lettura stimato\" \/>\n\t<meta name=\"twitter:data2\" content=\"1 minuto\" \/>\n<script type=\"application\/ld+json\" class=\"yoast-schema-graph\">{\"@context\":\"https:\\\/\\\/schema.org\",\"@graph\":[{\"@type\":\"Article\",\"@id\":\"https:\\\/\\\/2016.carnico.it\\\/blog\\\/2012\\\/06\\\/18\\\/mandi-augusto\\\/#article\",\"isPartOf\":{\"@id\":\"https:\\\/\\\/2016.carnico.it\\\/blog\\\/2012\\\/06\\\/18\\\/mandi-augusto\\\/\"},\"author\":{\"name\":\"Redazione\",\"@id\":\"https:\\\/\\\/2016.carnico.it\\\/blog\\\/#\\\/schema\\\/person\\\/a68c764693d96df3238f123ea014e78c\"},\"headline\":\"MANDI, AUGUSTO\",\"datePublished\":\"2012-06-18T21:26:40+00:00\",\"dateModified\":\"2012-06-18T21:28:15+00:00\",\"mainEntityOfPage\":{\"@id\":\"https:\\\/\\\/2016.carnico.it\\\/blog\\\/2012\\\/06\\\/18\\\/mandi-augusto\\\/\"},\"wordCount\":212,\"commentCount\":1,\"articleSection\":[\"Varie\"],\"inLanguage\":\"it-IT\",\"potentialAction\":[{\"@type\":\"CommentAction\",\"name\":\"Comment\",\"target\":[\"https:\\\/\\\/2016.carnico.it\\\/blog\\\/2012\\\/06\\\/18\\\/mandi-augusto\\\/#respond\"]}]},{\"@type\":\"WebPage\",\"@id\":\"https:\\\/\\\/2016.carnico.it\\\/blog\\\/2012\\\/06\\\/18\\\/mandi-augusto\\\/\",\"url\":\"https:\\\/\\\/2016.carnico.it\\\/blog\\\/2012\\\/06\\\/18\\\/mandi-augusto\\\/\",\"name\":\"MANDI, AUGUSTO - Campionato Carnico 2016\",\"isPartOf\":{\"@id\":\"https:\\\/\\\/2016.carnico.it\\\/blog\\\/#website\"},\"datePublished\":\"2012-06-18T21:26:40+00:00\",\"dateModified\":\"2012-06-18T21:28:15+00:00\",\"author\":{\"@id\":\"https:\\\/\\\/2016.carnico.it\\\/blog\\\/#\\\/schema\\\/person\\\/a68c764693d96df3238f123ea014e78c\"},\"breadcrumb\":{\"@id\":\"https:\\\/\\\/2016.carnico.it\\\/blog\\\/2012\\\/06\\\/18\\\/mandi-augusto\\\/#breadcrumb\"},\"inLanguage\":\"it-IT\",\"potentialAction\":[{\"@type\":\"ReadAction\",\"target\":[\"https:\\\/\\\/2016.carnico.it\\\/blog\\\/2012\\\/06\\\/18\\\/mandi-augusto\\\/\"]}]},{\"@type\":\"BreadcrumbList\",\"@id\":\"https:\\\/\\\/2016.carnico.it\\\/blog\\\/2012\\\/06\\\/18\\\/mandi-augusto\\\/#breadcrumb\",\"itemListElement\":[{\"@type\":\"ListItem\",\"position\":1,\"name\":\"Home\",\"item\":\"https:\\\/\\\/2016.carnico.it\\\/blog\\\/\"},{\"@type\":\"ListItem\",\"position\":2,\"name\":\"MANDI, AUGUSTO\"}]},{\"@type\":\"WebSite\",\"@id\":\"https:\\\/\\\/2016.carnico.it\\\/blog\\\/#website\",\"url\":\"https:\\\/\\\/2016.carnico.it\\\/blog\\\/\",\"name\":\"Campionato Carnico 2016\",\"description\":\"Notizie e aggiornamenti in tempo reale sul campionato Carnico\",\"potentialAction\":[{\"@type\":\"SearchAction\",\"target\":{\"@type\":\"EntryPoint\",\"urlTemplate\":\"https:\\\/\\\/2016.carnico.it\\\/blog\\\/?s={search_term_string}\"},\"query-input\":{\"@type\":\"PropertyValueSpecification\",\"valueRequired\":true,\"valueName\":\"search_term_string\"}}],\"inLanguage\":\"it-IT\"},{\"@type\":\"Person\",\"@id\":\"https:\\\/\\\/2016.carnico.it\\\/blog\\\/#\\\/schema\\\/person\\\/a68c764693d96df3238f123ea014e78c\",\"name\":\"Redazione\",\"image\":{\"@type\":\"ImageObject\",\"inLanguage\":\"it-IT\",\"@id\":\"https:\\\/\\\/secure.gravatar.com\\\/avatar\\\/6c05bd4dddbea475e283f76b4aa2d778ecb35c06fd92df5f6e0cac552163e2ac?s=96&d=mm&r=g\",\"url\":\"https:\\\/\\\/secure.gravatar.com\\\/avatar\\\/6c05bd4dddbea475e283f76b4aa2d778ecb35c06fd92df5f6e0cac552163e2ac?s=96&d=mm&r=g\",\"contentUrl\":\"https:\\\/\\\/secure.gravatar.com\\\/avatar\\\/6c05bd4dddbea475e283f76b4aa2d778ecb35c06fd92df5f6e0cac552163e2ac?s=96&d=mm&r=g\",\"caption\":\"Redazione\"},\"url\":\"https:\\\/\\\/2016.carnico.it\\\/blog\\\/author\\\/clyco-admin\\\/\"}]}<\/script>\n<!-- \/ Yoast SEO plugin. -->","yoast_head_json":{"title":"MANDI, AUGUSTO - Campionato Carnico 2016","robots":{"index":"index","follow":"follow","max-snippet":"max-snippet:-1","max-image-preview":"max-image-preview:large","max-video-preview":"max-video-preview:-1"},"canonical":"https:\/\/2016.carnico.it\/blog\/2012\/06\/18\/mandi-augusto\/","og_locale":"it_IT","og_type":"article","og_title":"MANDI, AUGUSTO - Campionato Carnico 2016","og_description":"Patrizio De Marchi ci ha mandato queste poche righe per ricordare Augusto Corradina. Invece di inserirle nei commenti, abbiamo pensato di dedicargli un piccolo spazio tutto suo. Ringraziamo Patrizio per averci dato la possibilit\u00e0 di salutare un altro grande del Carnico che non c&#8217;\u00e8 pi\u00f9. Mandi, Augusto, riposa in pace. Vorrei tramite questo sito poter [&hellip;]","og_url":"https:\/\/2016.carnico.it\/blog\/2012\/06\/18\/mandi-augusto\/","og_site_name":"Campionato Carnico 2016","article_publisher":"https:\/\/www.facebook.com\/campionatocarnico\/","article_published_time":"2012-06-18T21:26:40+00:00","article_modified_time":"2012-06-18T21:28:15+00:00","og_image":[{"url":"\/\/www.carnico.it\/blog\/wp-content\/uploads\/2012\/06\/CORRADINA-150x150.jpg","type":"","width":"","height":""}],"author":"Redazione","twitter_card":"summary_large_image","twitter_misc":{"Scritto da":"Redazione","Tempo di lettura stimato":"1 minuto"},"schema":{"@context":"https:\/\/schema.org","@graph":[{"@type":"Article","@id":"https:\/\/2016.carnico.it\/blog\/2012\/06\/18\/mandi-augusto\/#article","isPartOf":{"@id":"https:\/\/2016.carnico.it\/blog\/2012\/06\/18\/mandi-augusto\/"},"author":{"name":"Redazione","@id":"https:\/\/2016.carnico.it\/blog\/#\/schema\/person\/a68c764693d96df3238f123ea014e78c"},"headline":"MANDI, AUGUSTO","datePublished":"2012-06-18T21:26:40+00:00","dateModified":"2012-06-18T21:28:15+00:00","mainEntityOfPage":{"@id":"https:\/\/2016.carnico.it\/blog\/2012\/06\/18\/mandi-augusto\/"},"wordCount":212,"commentCount":1,"articleSection":["Varie"],"inLanguage":"it-IT","potentialAction":[{"@type":"CommentAction","name":"Comment","target":["https:\/\/2016.carnico.it\/blog\/2012\/06\/18\/mandi-augusto\/#respond"]}]},{"@type":"WebPage","@id":"https:\/\/2016.carnico.it\/blog\/2012\/06\/18\/mandi-augusto\/","url":"https:\/\/2016.carnico.it\/blog\/2012\/06\/18\/mandi-augusto\/","name":"MANDI, AUGUSTO - Campionato Carnico 2016","isPartOf":{"@id":"https:\/\/2016.carnico.it\/blog\/#website"},"datePublished":"2012-06-18T21:26:40+00:00","dateModified":"2012-06-18T21:28:15+00:00","author":{"@id":"https:\/\/2016.carnico.it\/blog\/#\/schema\/person\/a68c764693d96df3238f123ea014e78c"},"breadcrumb":{"@id":"https:\/\/2016.carnico.it\/blog\/2012\/06\/18\/mandi-augusto\/#breadcrumb"},"inLanguage":"it-IT","potentialAction":[{"@type":"ReadAction","target":["https:\/\/2016.carnico.it\/blog\/2012\/06\/18\/mandi-augusto\/"]}]},{"@type":"BreadcrumbList","@id":"https:\/\/2016.carnico.it\/blog\/2012\/06\/18\/mandi-augusto\/#breadcrumb","itemListElement":[{"@type":"ListItem","position":1,"name":"Home","item":"https:\/\/2016.carnico.it\/blog\/"},{"@type":"ListItem","position":2,"name":"MANDI, AUGUSTO"}]},{"@type":"WebSite","@id":"https:\/\/2016.carnico.it\/blog\/#website","url":"https:\/\/2016.carnico.it\/blog\/","name":"Campionato Carnico 2016","description":"Notizie e aggiornamenti in tempo reale sul campionato Carnico","potentialAction":[{"@type":"SearchAction","target":{"@type":"EntryPoint","urlTemplate":"https:\/\/2016.carnico.it\/blog\/?s={search_term_string}"},"query-input":{"@type":"PropertyValueSpecification","valueRequired":true,"valueName":"search_term_string"}}],"inLanguage":"it-IT"},{"@type":"Person","@id":"https:\/\/2016.carnico.it\/blog\/#\/schema\/person\/a68c764693d96df3238f123ea014e78c","name":"Redazione","image":{"@type":"ImageObject","inLanguage":"it-IT","@id":"https:\/\/secure.gravatar.com\/avatar\/6c05bd4dddbea475e283f76b4aa2d778ecb35c06fd92df5f6e0cac552163e2ac?s=96&d=mm&r=g","url":"https:\/\/secure.gravatar.com\/avatar\/6c05bd4dddbea475e283f76b4aa2d778ecb35c06fd92df5f6e0cac552163e2ac?s=96&d=mm&r=g","contentUrl":"https:\/\/secure.gravatar.com\/avatar\/6c05bd4dddbea475e283f76b4aa2d778ecb35c06fd92df5f6e0cac552163e2ac?s=96&d=mm&r=g","caption":"Redazione"},"url":"https:\/\/2016.carnico.it\/blog\/author\/clyco-admin\/"}]}},"_links":{"self":[{"href":"https:\/\/2016.carnico.it\/blog\/wp-json\/wp\/v2\/posts\/7193","targetHints":{"allow":["GET"]}}],"collection":[{"href":"https:\/\/2016.carnico.it\/blog\/wp-json\/wp\/v2\/posts"}],"about":[{"href":"https:\/\/2016.carnico.it\/blog\/wp-json\/wp\/v2\/types\/post"}],"author":[{"embeddable":true,"href":"https:\/\/2016.carnico.it\/blog\/wp-json\/wp\/v2\/users\/10"}],"replies":[{"embeddable":true,"href":"https:\/\/2016.carnico.it\/blog\/wp-json\/wp\/v2\/comments?post=7193"}],"version-history":[{"count":5,"href":"https:\/\/2016.carnico.it\/blog\/wp-json\/wp\/v2\/posts\/7193\/revisions"}],"predecessor-version":[{"id":7201,"href":"https:\/\/2016.carnico.it\/blog\/wp-json\/wp\/v2\/posts\/7193\/revisions\/7201"}],"wp:attachment":[{"href":"https:\/\/2016.carnico.it\/blog\/wp-json\/wp\/v2\/media?parent=7193"}],"wp:term":[{"taxonomy":"category","embeddable":true,"href":"https:\/\/2016.carnico.it\/blog\/wp-json\/wp\/v2\/categories?post=7193"},{"taxonomy":"post_tag","embeddable":true,"href":"https:\/\/2016.carnico.it\/blog\/wp-json\/wp\/v2\/tags?post=7193"}],"curies":[{"name":"wp","href":"https:\/\/api.w.org\/{rel}","templated":true}]}}