{"id":7135,"date":"2012-06-12T17:28:08","date_gmt":"2012-06-12T15:28:08","guid":{"rendered":"http:\/\/www.carnico.it\/blog\/?p=7135"},"modified":"2012-06-11T16:04:42","modified_gmt":"2012-06-11T14:04:42","slug":"il-personaggio-carlo-saveri-malborghetto","status":"publish","type":"post","link":"https:\/\/2016.carnico.it\/blog\/2012\/06\/12\/il-personaggio-carlo-saveri-malborghetto\/","title":{"rendered":"IL PERSONAGGIO: CARLO SAVERI (MALBORGHETTO)"},"content":{"rendered":"<p><a href=\"\/\/www.carnico.it\/blog\/wp-content\/uploads\/2012\/06\/MALBORGHETTO-2011-Carlo-Saveri.jpg\"><img loading=\"lazy\" decoding=\"async\" class=\"alignright size-full wp-image-7136\" title=\"MALBORGHETTO 2011- Carlo Saveri\" src=\"\/\/www.carnico.it\/blog\/wp-content\/uploads\/2012\/06\/MALBORGHETTO-2011-Carlo-Saveri.jpg\" alt=\"\" width=\"100\" height=\"123\" \/><\/a>Carlo Saveri \u00e8 arrivato al Malborghetto la scorsa stagione, per quella specie di amichevole collaborazione che c\u2019\u00e8 tra il sodalizio biancazzurro e la Moggese. Nel Malborghetto che vola al comando della classifica di Terza, Carlo \u00e8 uno dei protagonisti: quest\u2019anno ha gi\u00e0 parato due rigori, uno alla Stella Azzurra ed uno, sabato scorso, nella vittoriosa partita contro la Val del Lago. Definirlo para rigori forse \u00e8 prematuro, ma \u00e8 un dato di fatto.<br \/>\n<!--more-->Lui dice che ci vuole una buona dose di fortuna, ma studiare la posizione del tiratore un attimo prima dell\u2019esecuzione \u00e8 qualcosa che comunque aiuta. Carlo \u00e8 il meno \u201cfamoso\u201d dei Saveri: suo fratello Matteo, infatti, nel 2003 si laure\u00f2 campione d\u2019Italia juniores col Tolmezzo ed ora giocano insieme nel Malborghetto che cerca di tornare almeno in Seconda. Quando lo scorso anno arriv\u00f2 a Malborghetto incontr\u00f2 qualche difficolt\u00e0: il fatto di giocare poco a Moggio lo aveva un pochino arrugginito ed anche deluso, forse perch\u00e9 non avevano creduto troppo in lui. Un impiego pi\u00f9 stabile ed il fatto di sentire pi\u00f9 fiducia intorno ne migliorarono le prestazioni. Da non sottovalutare, poi, il lavoro del preparatore dei portieri Giovanni Chiappara, che lo sta aiutando in quel processo di evoluzione nel ruolo che alla sua et\u00e0 (24 anni) \u00e8 ancora tutto da compiere. Da un punto di vista tecnico, la reattivit\u00e0 e il senso di piazzamento tra i pali sono le sue doti migliori, mentre sono da migliorare le uscite e la riposta sui tiri dalla distanza. Dal punto di vista umano, invece, Carlo ha tutto ci\u00f2 che serve: ragazzo tranquillo, disponibile e solare ha una capacit\u00e0 innata di fare gruppo. E forse \u00e8 proprio il gruppo uno dei segreti di questo \u201cMalbo\u201d che vola grazie anche alle sue parate.<\/p>\n<p>(<em><strong>dal Gazzettino<\/strong><\/em>)<\/p>\n","protected":false},"excerpt":{"rendered":"<p>Carlo Saveri \u00e8 arrivato al Malborghetto la scorsa stagione, per quella specie di amichevole collaborazione che c\u2019\u00e8 tra il sodalizio biancazzurro e la Moggese. Nel Malborghetto che vola al comando della classifica di Terza, Carlo \u00e8 uno dei protagonisti: quest\u2019anno ha gi\u00e0 parato due rigori, uno alla Stella Azzurra ed uno, sabato scorso, nella vittoriosa [&hellip;]<\/p>\n","protected":false},"author":10,"featured_media":0,"comment_status":"open","ping_status":"closed","sticky":false,"template":"","format":"standard","meta":{"ngg_post_thumbnail":0,"footnotes":""},"categories":[3,1],"tags":[],"class_list":["post-7135","post","type-post","status-publish","format-standard","hentry","category-carnico","category-commento-campionato"],"yoast_head":"<!-- This site is optimized with the Yoast SEO plugin v27.3 - https:\/\/yoast.com\/product\/yoast-seo-wordpress\/ -->\n<title>IL PERSONAGGIO: CARLO SAVERI (MALBORGHETTO) - Campionato Carnico 2016<\/title>\n<meta name=\"robots\" content=\"index, follow, max-snippet:-1, max-image-preview:large, max-video-preview:-1\" \/>\n<link rel=\"canonical\" href=\"https:\/\/2016.carnico.it\/blog\/2012\/06\/12\/il-personaggio-carlo-saveri-malborghetto\/\" \/>\n<meta property=\"og:locale\" content=\"it_IT\" \/>\n<meta property=\"og:type\" content=\"article\" \/>\n<meta property=\"og:title\" content=\"IL PERSONAGGIO: CARLO SAVERI (MALBORGHETTO) - Campionato Carnico 2016\" \/>\n<meta property=\"og:description\" content=\"Carlo Saveri \u00e8 arrivato al Malborghetto la scorsa stagione, per quella specie di amichevole collaborazione che c\u2019\u00e8 tra il sodalizio biancazzurro e la Moggese. Nel Malborghetto che vola al comando della classifica di Terza, Carlo \u00e8 uno dei protagonisti: quest\u2019anno ha gi\u00e0 parato due rigori, uno alla Stella Azzurra ed uno, sabato scorso, nella vittoriosa [&hellip;]\" \/>\n<meta property=\"og:url\" content=\"https:\/\/2016.carnico.it\/blog\/2012\/06\/12\/il-personaggio-carlo-saveri-malborghetto\/\" \/>\n<meta property=\"og:site_name\" content=\"Campionato Carnico 2016\" \/>\n<meta property=\"article:publisher\" content=\"https:\/\/www.facebook.com\/campionatocarnico\/\" \/>\n<meta property=\"article:published_time\" content=\"2012-06-12T15:28:08+00:00\" \/>\n<meta property=\"og:image\" content=\"\/\/www.carnico.it\/blog\/wp-content\/uploads\/2012\/06\/MALBORGHETTO-2011-Carlo-Saveri.jpg\" \/>\n<meta name=\"author\" content=\"Redazione\" \/>\n<meta name=\"twitter:card\" content=\"summary_large_image\" \/>\n<meta name=\"twitter:label1\" content=\"Scritto da\" \/>\n\t<meta name=\"twitter:data1\" content=\"Redazione\" \/>\n\t<meta name=\"twitter:label2\" content=\"Tempo di lettura stimato\" \/>\n\t<meta name=\"twitter:data2\" content=\"1 minuto\" \/>\n<script type=\"application\/ld+json\" class=\"yoast-schema-graph\">{\"@context\":\"https:\\\/\\\/schema.org\",\"@graph\":[{\"@type\":\"Article\",\"@id\":\"https:\\\/\\\/2016.carnico.it\\\/blog\\\/2012\\\/06\\\/12\\\/il-personaggio-carlo-saveri-malborghetto\\\/#article\",\"isPartOf\":{\"@id\":\"https:\\\/\\\/2016.carnico.it\\\/blog\\\/2012\\\/06\\\/12\\\/il-personaggio-carlo-saveri-malborghetto\\\/\"},\"author\":{\"name\":\"Redazione\",\"@id\":\"https:\\\/\\\/2016.carnico.it\\\/blog\\\/#\\\/schema\\\/person\\\/a68c764693d96df3238f123ea014e78c\"},\"headline\":\"IL PERSONAGGIO: CARLO SAVERI (MALBORGHETTO)\",\"datePublished\":\"2012-06-12T15:28:08+00:00\",\"mainEntityOfPage\":{\"@id\":\"https:\\\/\\\/2016.carnico.it\\\/blog\\\/2012\\\/06\\\/12\\\/il-personaggio-carlo-saveri-malborghetto\\\/\"},\"wordCount\":291,\"commentCount\":6,\"articleSection\":[\"Carnico\",\"Commento al campionato\"],\"inLanguage\":\"it-IT\",\"potentialAction\":[{\"@type\":\"CommentAction\",\"name\":\"Comment\",\"target\":[\"https:\\\/\\\/2016.carnico.it\\\/blog\\\/2012\\\/06\\\/12\\\/il-personaggio-carlo-saveri-malborghetto\\\/#respond\"]}]},{\"@type\":\"WebPage\",\"@id\":\"https:\\\/\\\/2016.carnico.it\\\/blog\\\/2012\\\/06\\\/12\\\/il-personaggio-carlo-saveri-malborghetto\\\/\",\"url\":\"https:\\\/\\\/2016.carnico.it\\\/blog\\\/2012\\\/06\\\/12\\\/il-personaggio-carlo-saveri-malborghetto\\\/\",\"name\":\"IL PERSONAGGIO: CARLO SAVERI (MALBORGHETTO) - Campionato Carnico 2016\",\"isPartOf\":{\"@id\":\"https:\\\/\\\/2016.carnico.it\\\/blog\\\/#website\"},\"datePublished\":\"2012-06-12T15:28:08+00:00\",\"author\":{\"@id\":\"https:\\\/\\\/2016.carnico.it\\\/blog\\\/#\\\/schema\\\/person\\\/a68c764693d96df3238f123ea014e78c\"},\"breadcrumb\":{\"@id\":\"https:\\\/\\\/2016.carnico.it\\\/blog\\\/2012\\\/06\\\/12\\\/il-personaggio-carlo-saveri-malborghetto\\\/#breadcrumb\"},\"inLanguage\":\"it-IT\",\"potentialAction\":[{\"@type\":\"ReadAction\",\"target\":[\"https:\\\/\\\/2016.carnico.it\\\/blog\\\/2012\\\/06\\\/12\\\/il-personaggio-carlo-saveri-malborghetto\\\/\"]}]},{\"@type\":\"BreadcrumbList\",\"@id\":\"https:\\\/\\\/2016.carnico.it\\\/blog\\\/2012\\\/06\\\/12\\\/il-personaggio-carlo-saveri-malborghetto\\\/#breadcrumb\",\"itemListElement\":[{\"@type\":\"ListItem\",\"position\":1,\"name\":\"Home\",\"item\":\"https:\\\/\\\/2016.carnico.it\\\/blog\\\/\"},{\"@type\":\"ListItem\",\"position\":2,\"name\":\"IL PERSONAGGIO: CARLO SAVERI (MALBORGHETTO)\"}]},{\"@type\":\"WebSite\",\"@id\":\"https:\\\/\\\/2016.carnico.it\\\/blog\\\/#website\",\"url\":\"https:\\\/\\\/2016.carnico.it\\\/blog\\\/\",\"name\":\"Campionato Carnico 2016\",\"description\":\"Notizie e aggiornamenti in tempo reale sul campionato Carnico\",\"potentialAction\":[{\"@type\":\"SearchAction\",\"target\":{\"@type\":\"EntryPoint\",\"urlTemplate\":\"https:\\\/\\\/2016.carnico.it\\\/blog\\\/?s={search_term_string}\"},\"query-input\":{\"@type\":\"PropertyValueSpecification\",\"valueRequired\":true,\"valueName\":\"search_term_string\"}}],\"inLanguage\":\"it-IT\"},{\"@type\":\"Person\",\"@id\":\"https:\\\/\\\/2016.carnico.it\\\/blog\\\/#\\\/schema\\\/person\\\/a68c764693d96df3238f123ea014e78c\",\"name\":\"Redazione\",\"image\":{\"@type\":\"ImageObject\",\"inLanguage\":\"it-IT\",\"@id\":\"https:\\\/\\\/secure.gravatar.com\\\/avatar\\\/6c05bd4dddbea475e283f76b4aa2d778ecb35c06fd92df5f6e0cac552163e2ac?s=96&d=mm&r=g\",\"url\":\"https:\\\/\\\/secure.gravatar.com\\\/avatar\\\/6c05bd4dddbea475e283f76b4aa2d778ecb35c06fd92df5f6e0cac552163e2ac?s=96&d=mm&r=g\",\"contentUrl\":\"https:\\\/\\\/secure.gravatar.com\\\/avatar\\\/6c05bd4dddbea475e283f76b4aa2d778ecb35c06fd92df5f6e0cac552163e2ac?s=96&d=mm&r=g\",\"caption\":\"Redazione\"},\"url\":\"https:\\\/\\\/2016.carnico.it\\\/blog\\\/author\\\/clyco-admin\\\/\"}]}<\/script>\n<!-- \/ Yoast SEO plugin. -->","yoast_head_json":{"title":"IL PERSONAGGIO: CARLO SAVERI (MALBORGHETTO) - Campionato Carnico 2016","robots":{"index":"index","follow":"follow","max-snippet":"max-snippet:-1","max-image-preview":"max-image-preview:large","max-video-preview":"max-video-preview:-1"},"canonical":"https:\/\/2016.carnico.it\/blog\/2012\/06\/12\/il-personaggio-carlo-saveri-malborghetto\/","og_locale":"it_IT","og_type":"article","og_title":"IL PERSONAGGIO: CARLO SAVERI (MALBORGHETTO) - Campionato Carnico 2016","og_description":"Carlo Saveri \u00e8 arrivato al Malborghetto la scorsa stagione, per quella specie di amichevole collaborazione che c\u2019\u00e8 tra il sodalizio biancazzurro e la Moggese. Nel Malborghetto che vola al comando della classifica di Terza, Carlo \u00e8 uno dei protagonisti: quest\u2019anno ha gi\u00e0 parato due rigori, uno alla Stella Azzurra ed uno, sabato scorso, nella vittoriosa [&hellip;]","og_url":"https:\/\/2016.carnico.it\/blog\/2012\/06\/12\/il-personaggio-carlo-saveri-malborghetto\/","og_site_name":"Campionato Carnico 2016","article_publisher":"https:\/\/www.facebook.com\/campionatocarnico\/","article_published_time":"2012-06-12T15:28:08+00:00","og_image":[{"url":"\/\/www.carnico.it\/blog\/wp-content\/uploads\/2012\/06\/MALBORGHETTO-2011-Carlo-Saveri.jpg","type":"","width":"","height":""}],"author":"Redazione","twitter_card":"summary_large_image","twitter_misc":{"Scritto da":"Redazione","Tempo di lettura stimato":"1 minuto"},"schema":{"@context":"https:\/\/schema.org","@graph":[{"@type":"Article","@id":"https:\/\/2016.carnico.it\/blog\/2012\/06\/12\/il-personaggio-carlo-saveri-malborghetto\/#article","isPartOf":{"@id":"https:\/\/2016.carnico.it\/blog\/2012\/06\/12\/il-personaggio-carlo-saveri-malborghetto\/"},"author":{"name":"Redazione","@id":"https:\/\/2016.carnico.it\/blog\/#\/schema\/person\/a68c764693d96df3238f123ea014e78c"},"headline":"IL PERSONAGGIO: CARLO SAVERI (MALBORGHETTO)","datePublished":"2012-06-12T15:28:08+00:00","mainEntityOfPage":{"@id":"https:\/\/2016.carnico.it\/blog\/2012\/06\/12\/il-personaggio-carlo-saveri-malborghetto\/"},"wordCount":291,"commentCount":6,"articleSection":["Carnico","Commento al campionato"],"inLanguage":"it-IT","potentialAction":[{"@type":"CommentAction","name":"Comment","target":["https:\/\/2016.carnico.it\/blog\/2012\/06\/12\/il-personaggio-carlo-saveri-malborghetto\/#respond"]}]},{"@type":"WebPage","@id":"https:\/\/2016.carnico.it\/blog\/2012\/06\/12\/il-personaggio-carlo-saveri-malborghetto\/","url":"https:\/\/2016.carnico.it\/blog\/2012\/06\/12\/il-personaggio-carlo-saveri-malborghetto\/","name":"IL PERSONAGGIO: CARLO SAVERI (MALBORGHETTO) - Campionato Carnico 2016","isPartOf":{"@id":"https:\/\/2016.carnico.it\/blog\/#website"},"datePublished":"2012-06-12T15:28:08+00:00","author":{"@id":"https:\/\/2016.carnico.it\/blog\/#\/schema\/person\/a68c764693d96df3238f123ea014e78c"},"breadcrumb":{"@id":"https:\/\/2016.carnico.it\/blog\/2012\/06\/12\/il-personaggio-carlo-saveri-malborghetto\/#breadcrumb"},"inLanguage":"it-IT","potentialAction":[{"@type":"ReadAction","target":["https:\/\/2016.carnico.it\/blog\/2012\/06\/12\/il-personaggio-carlo-saveri-malborghetto\/"]}]},{"@type":"BreadcrumbList","@id":"https:\/\/2016.carnico.it\/blog\/2012\/06\/12\/il-personaggio-carlo-saveri-malborghetto\/#breadcrumb","itemListElement":[{"@type":"ListItem","position":1,"name":"Home","item":"https:\/\/2016.carnico.it\/blog\/"},{"@type":"ListItem","position":2,"name":"IL PERSONAGGIO: CARLO SAVERI (MALBORGHETTO)"}]},{"@type":"WebSite","@id":"https:\/\/2016.carnico.it\/blog\/#website","url":"https:\/\/2016.carnico.it\/blog\/","name":"Campionato Carnico 2016","description":"Notizie e aggiornamenti in tempo reale sul campionato Carnico","potentialAction":[{"@type":"SearchAction","target":{"@type":"EntryPoint","urlTemplate":"https:\/\/2016.carnico.it\/blog\/?s={search_term_string}"},"query-input":{"@type":"PropertyValueSpecification","valueRequired":true,"valueName":"search_term_string"}}],"inLanguage":"it-IT"},{"@type":"Person","@id":"https:\/\/2016.carnico.it\/blog\/#\/schema\/person\/a68c764693d96df3238f123ea014e78c","name":"Redazione","image":{"@type":"ImageObject","inLanguage":"it-IT","@id":"https:\/\/secure.gravatar.com\/avatar\/6c05bd4dddbea475e283f76b4aa2d778ecb35c06fd92df5f6e0cac552163e2ac?s=96&d=mm&r=g","url":"https:\/\/secure.gravatar.com\/avatar\/6c05bd4dddbea475e283f76b4aa2d778ecb35c06fd92df5f6e0cac552163e2ac?s=96&d=mm&r=g","contentUrl":"https:\/\/secure.gravatar.com\/avatar\/6c05bd4dddbea475e283f76b4aa2d778ecb35c06fd92df5f6e0cac552163e2ac?s=96&d=mm&r=g","caption":"Redazione"},"url":"https:\/\/2016.carnico.it\/blog\/author\/clyco-admin\/"}]}},"_links":{"self":[{"href":"https:\/\/2016.carnico.it\/blog\/wp-json\/wp\/v2\/posts\/7135","targetHints":{"allow":["GET"]}}],"collection":[{"href":"https:\/\/2016.carnico.it\/blog\/wp-json\/wp\/v2\/posts"}],"about":[{"href":"https:\/\/2016.carnico.it\/blog\/wp-json\/wp\/v2\/types\/post"}],"author":[{"embeddable":true,"href":"https:\/\/2016.carnico.it\/blog\/wp-json\/wp\/v2\/users\/10"}],"replies":[{"embeddable":true,"href":"https:\/\/2016.carnico.it\/blog\/wp-json\/wp\/v2\/comments?post=7135"}],"version-history":[{"count":2,"href":"https:\/\/2016.carnico.it\/blog\/wp-json\/wp\/v2\/posts\/7135\/revisions"}],"predecessor-version":[{"id":7138,"href":"https:\/\/2016.carnico.it\/blog\/wp-json\/wp\/v2\/posts\/7135\/revisions\/7138"}],"wp:attachment":[{"href":"https:\/\/2016.carnico.it\/blog\/wp-json\/wp\/v2\/media?parent=7135"}],"wp:term":[{"taxonomy":"category","embeddable":true,"href":"https:\/\/2016.carnico.it\/blog\/wp-json\/wp\/v2\/categories?post=7135"},{"taxonomy":"post_tag","embeddable":true,"href":"https:\/\/2016.carnico.it\/blog\/wp-json\/wp\/v2\/tags?post=7135"}],"curies":[{"name":"wp","href":"https:\/\/api.w.org\/{rel}","templated":true}]}}