{"id":6860,"date":"2012-05-22T14:43:10","date_gmt":"2012-05-22T12:43:10","guid":{"rendered":"http:\/\/www.carnico.it\/blog\/?p=6860"},"modified":"2012-05-22T14:47:52","modified_gmt":"2012-05-22T12:47:52","slug":"il-personaggio-i-gol-di-morassi-esaltano-cercivento","status":"publish","type":"post","link":"https:\/\/2016.carnico.it\/blog\/2012\/05\/22\/il-personaggio-i-gol-di-morassi-esaltano-cercivento\/","title":{"rendered":"IL PERSONAGGIO: I GOL DI MORASSI ESALTANO CERCIVENTO"},"content":{"rendered":"<p><a href=\"\/\/www.carnico.it\/blog\/wp-content\/uploads\/2012\/05\/CERCIVENTO-2012-Devid-Morassi1.jpg\"><img loading=\"lazy\" decoding=\"async\" class=\"alignright size-full wp-image-6863\" title=\"CERCIVENTO 2012- Devid Morassi\" src=\"\/\/www.carnico.it\/blog\/wp-content\/uploads\/2012\/05\/CERCIVENTO-2012-Devid-Morassi1.jpg\" alt=\"\" width=\"100\" height=\"135\" \/><\/a>Ancora una volta c\u2019\u00e8 la firma di Devid Morassi sul successo esterno del Cercivento sul difficile campo di Sappada. Dopo la doppietta di domenica scorsa contro l\u2019Ovarese, Devid ci ha preso gusto e a 4\u2019 dalla fine ha siglato in Cadore il gol che, alla fine, si \u00e8 rivelato decisivo, rendendo inutile il gol sappadino nel recupero. Del resto, non \u00e8 una novit\u00e0 che Morassi compaia nel tabellino dei marcatori vista la qualit\u00e0 che sprigiona nelle sue giocate.\u00a0<br \/>\n<!--more-->A dispetto di un fisico non propriamente possente anche se ben proporzionato, il ventitreenne giocatore del \u201c\u00c7ur\u00e7u\u201d gi\u00e0 da qualche anno si \u00e8 imposto come uno degli elementi pi\u00f9 interessanti del torneo e non \u00e8 azzardato dire che le fortuna della squadra biancorossa dipendono in gran parte anche dai suoi gol. Qualche anno fa la Triestina, in ritiro in Carnia, gli fece fare anche un provino ma poi non se ne fece nulla e Devid \u00e8 rimasto in Carnia senza farne per\u00f2 un dramma. D\u2019altronde, difendere i colori della squadra del paese sembra quasi una missione di famiglia, visto che pap\u00e0 Stefano, dopo aver vestito la maglia biancorossa per molti anni, ha prima fatto l\u2019allenatore ed infine il presidente. Non ce ne voglia pap\u00e0 Stefano, ma come calciatore il figlio ci sembra superiore come tasso tecnico e fantasia. Il temperamento \u00e8 lo stesso, perch\u00e9 fin da giovane Devid \u00e8 sempre stato capace di farsi rispettare, denotando grinta e personalit\u00e0. Secondo lui, uno dei segreti di una squadra \u00e8 la capacit\u00e0 di far gruppo anche fuori dal campo, un principio che Devid interpreta in maniera esemplare: \u00e8 facile, infatti, vederlo in giro con i\u00a0 i compagni di squadra Michel De Conti e Devis Tessitori, a formare un terzetto che poi trova il giusto accordo anche in campo.<\/p>\n<p><em><strong>(dal Gazzettino)<\/strong><\/em><\/p>\n","protected":false},"excerpt":{"rendered":"<p>Ancora una volta c\u2019\u00e8 la firma di Devid Morassi sul successo esterno del Cercivento sul difficile campo di Sappada. Dopo la doppietta di domenica scorsa contro l\u2019Ovarese, Devid ci ha preso gusto e a 4\u2019 dalla fine ha siglato in Cadore il gol che, alla fine, si \u00e8 rivelato decisivo, rendendo inutile il gol sappadino [&hellip;]<\/p>\n","protected":false},"author":10,"featured_media":0,"comment_status":"open","ping_status":"closed","sticky":false,"template":"","format":"standard","meta":{"ngg_post_thumbnail":0,"footnotes":""},"categories":[3],"tags":[],"class_list":["post-6860","post","type-post","status-publish","format-standard","hentry","category-carnico"],"yoast_head":"<!-- This site is optimized with the Yoast SEO plugin v27.3 - https:\/\/yoast.com\/product\/yoast-seo-wordpress\/ -->\n<title>IL PERSONAGGIO: I GOL DI MORASSI ESALTANO CERCIVENTO - Campionato Carnico 2016<\/title>\n<meta name=\"robots\" content=\"index, follow, max-snippet:-1, max-image-preview:large, max-video-preview:-1\" \/>\n<link rel=\"canonical\" href=\"https:\/\/2016.carnico.it\/blog\/2012\/05\/22\/il-personaggio-i-gol-di-morassi-esaltano-cercivento\/\" \/>\n<meta property=\"og:locale\" content=\"it_IT\" \/>\n<meta property=\"og:type\" content=\"article\" \/>\n<meta property=\"og:title\" content=\"IL PERSONAGGIO: I GOL DI MORASSI ESALTANO CERCIVENTO - Campionato Carnico 2016\" \/>\n<meta property=\"og:description\" content=\"Ancora una volta c\u2019\u00e8 la firma di Devid Morassi sul successo esterno del Cercivento sul difficile campo di Sappada. Dopo la doppietta di domenica scorsa contro l\u2019Ovarese, Devid ci ha preso gusto e a 4\u2019 dalla fine ha siglato in Cadore il gol che, alla fine, si \u00e8 rivelato decisivo, rendendo inutile il gol sappadino [&hellip;]\" \/>\n<meta property=\"og:url\" content=\"https:\/\/2016.carnico.it\/blog\/2012\/05\/22\/il-personaggio-i-gol-di-morassi-esaltano-cercivento\/\" \/>\n<meta property=\"og:site_name\" content=\"Campionato Carnico 2016\" \/>\n<meta property=\"article:publisher\" content=\"https:\/\/www.facebook.com\/campionatocarnico\/\" \/>\n<meta property=\"article:published_time\" content=\"2012-05-22T12:43:10+00:00\" \/>\n<meta property=\"article:modified_time\" content=\"2012-05-22T12:47:52+00:00\" \/>\n<meta property=\"og:image\" content=\"\/\/www.carnico.it\/blog\/wp-content\/uploads\/2012\/05\/CERCIVENTO-2012-Devid-Morassi1.jpg\" \/>\n<meta name=\"author\" content=\"Redazione\" \/>\n<meta name=\"twitter:card\" content=\"summary_large_image\" \/>\n<meta name=\"twitter:label1\" content=\"Scritto da\" \/>\n\t<meta name=\"twitter:data1\" content=\"Redazione\" \/>\n\t<meta name=\"twitter:label2\" content=\"Tempo di lettura stimato\" \/>\n\t<meta name=\"twitter:data2\" content=\"1 minuto\" \/>\n<script type=\"application\/ld+json\" class=\"yoast-schema-graph\">{\"@context\":\"https:\\\/\\\/schema.org\",\"@graph\":[{\"@type\":\"Article\",\"@id\":\"https:\\\/\\\/2016.carnico.it\\\/blog\\\/2012\\\/05\\\/22\\\/il-personaggio-i-gol-di-morassi-esaltano-cercivento\\\/#article\",\"isPartOf\":{\"@id\":\"https:\\\/\\\/2016.carnico.it\\\/blog\\\/2012\\\/05\\\/22\\\/il-personaggio-i-gol-di-morassi-esaltano-cercivento\\\/\"},\"author\":{\"name\":\"Redazione\",\"@id\":\"https:\\\/\\\/2016.carnico.it\\\/blog\\\/#\\\/schema\\\/person\\\/a68c764693d96df3238f123ea014e78c\"},\"headline\":\"IL PERSONAGGIO: I GOL DI MORASSI ESALTANO CERCIVENTO\",\"datePublished\":\"2012-05-22T12:43:10+00:00\",\"dateModified\":\"2012-05-22T12:47:52+00:00\",\"mainEntityOfPage\":{\"@id\":\"https:\\\/\\\/2016.carnico.it\\\/blog\\\/2012\\\/05\\\/22\\\/il-personaggio-i-gol-di-morassi-esaltano-cercivento\\\/\"},\"wordCount\":298,\"commentCount\":2,\"articleSection\":[\"Carnico\"],\"inLanguage\":\"it-IT\",\"potentialAction\":[{\"@type\":\"CommentAction\",\"name\":\"Comment\",\"target\":[\"https:\\\/\\\/2016.carnico.it\\\/blog\\\/2012\\\/05\\\/22\\\/il-personaggio-i-gol-di-morassi-esaltano-cercivento\\\/#respond\"]}]},{\"@type\":\"WebPage\",\"@id\":\"https:\\\/\\\/2016.carnico.it\\\/blog\\\/2012\\\/05\\\/22\\\/il-personaggio-i-gol-di-morassi-esaltano-cercivento\\\/\",\"url\":\"https:\\\/\\\/2016.carnico.it\\\/blog\\\/2012\\\/05\\\/22\\\/il-personaggio-i-gol-di-morassi-esaltano-cercivento\\\/\",\"name\":\"IL PERSONAGGIO: I GOL DI MORASSI ESALTANO CERCIVENTO - Campionato Carnico 2016\",\"isPartOf\":{\"@id\":\"https:\\\/\\\/2016.carnico.it\\\/blog\\\/#website\"},\"datePublished\":\"2012-05-22T12:43:10+00:00\",\"dateModified\":\"2012-05-22T12:47:52+00:00\",\"author\":{\"@id\":\"https:\\\/\\\/2016.carnico.it\\\/blog\\\/#\\\/schema\\\/person\\\/a68c764693d96df3238f123ea014e78c\"},\"breadcrumb\":{\"@id\":\"https:\\\/\\\/2016.carnico.it\\\/blog\\\/2012\\\/05\\\/22\\\/il-personaggio-i-gol-di-morassi-esaltano-cercivento\\\/#breadcrumb\"},\"inLanguage\":\"it-IT\",\"potentialAction\":[{\"@type\":\"ReadAction\",\"target\":[\"https:\\\/\\\/2016.carnico.it\\\/blog\\\/2012\\\/05\\\/22\\\/il-personaggio-i-gol-di-morassi-esaltano-cercivento\\\/\"]}]},{\"@type\":\"BreadcrumbList\",\"@id\":\"https:\\\/\\\/2016.carnico.it\\\/blog\\\/2012\\\/05\\\/22\\\/il-personaggio-i-gol-di-morassi-esaltano-cercivento\\\/#breadcrumb\",\"itemListElement\":[{\"@type\":\"ListItem\",\"position\":1,\"name\":\"Home\",\"item\":\"https:\\\/\\\/2016.carnico.it\\\/blog\\\/\"},{\"@type\":\"ListItem\",\"position\":2,\"name\":\"IL PERSONAGGIO: I GOL DI MORASSI ESALTANO CERCIVENTO\"}]},{\"@type\":\"WebSite\",\"@id\":\"https:\\\/\\\/2016.carnico.it\\\/blog\\\/#website\",\"url\":\"https:\\\/\\\/2016.carnico.it\\\/blog\\\/\",\"name\":\"Campionato Carnico 2016\",\"description\":\"Notizie e aggiornamenti in tempo reale sul campionato Carnico\",\"potentialAction\":[{\"@type\":\"SearchAction\",\"target\":{\"@type\":\"EntryPoint\",\"urlTemplate\":\"https:\\\/\\\/2016.carnico.it\\\/blog\\\/?s={search_term_string}\"},\"query-input\":{\"@type\":\"PropertyValueSpecification\",\"valueRequired\":true,\"valueName\":\"search_term_string\"}}],\"inLanguage\":\"it-IT\"},{\"@type\":\"Person\",\"@id\":\"https:\\\/\\\/2016.carnico.it\\\/blog\\\/#\\\/schema\\\/person\\\/a68c764693d96df3238f123ea014e78c\",\"name\":\"Redazione\",\"image\":{\"@type\":\"ImageObject\",\"inLanguage\":\"it-IT\",\"@id\":\"https:\\\/\\\/secure.gravatar.com\\\/avatar\\\/6c05bd4dddbea475e283f76b4aa2d778ecb35c06fd92df5f6e0cac552163e2ac?s=96&d=mm&r=g\",\"url\":\"https:\\\/\\\/secure.gravatar.com\\\/avatar\\\/6c05bd4dddbea475e283f76b4aa2d778ecb35c06fd92df5f6e0cac552163e2ac?s=96&d=mm&r=g\",\"contentUrl\":\"https:\\\/\\\/secure.gravatar.com\\\/avatar\\\/6c05bd4dddbea475e283f76b4aa2d778ecb35c06fd92df5f6e0cac552163e2ac?s=96&d=mm&r=g\",\"caption\":\"Redazione\"},\"url\":\"https:\\\/\\\/2016.carnico.it\\\/blog\\\/author\\\/clyco-admin\\\/\"}]}<\/script>\n<!-- \/ Yoast SEO plugin. -->","yoast_head_json":{"title":"IL PERSONAGGIO: I GOL DI MORASSI ESALTANO CERCIVENTO - Campionato Carnico 2016","robots":{"index":"index","follow":"follow","max-snippet":"max-snippet:-1","max-image-preview":"max-image-preview:large","max-video-preview":"max-video-preview:-1"},"canonical":"https:\/\/2016.carnico.it\/blog\/2012\/05\/22\/il-personaggio-i-gol-di-morassi-esaltano-cercivento\/","og_locale":"it_IT","og_type":"article","og_title":"IL PERSONAGGIO: I GOL DI MORASSI ESALTANO CERCIVENTO - Campionato Carnico 2016","og_description":"Ancora una volta c\u2019\u00e8 la firma di Devid Morassi sul successo esterno del Cercivento sul difficile campo di Sappada. Dopo la doppietta di domenica scorsa contro l\u2019Ovarese, Devid ci ha preso gusto e a 4\u2019 dalla fine ha siglato in Cadore il gol che, alla fine, si \u00e8 rivelato decisivo, rendendo inutile il gol sappadino [&hellip;]","og_url":"https:\/\/2016.carnico.it\/blog\/2012\/05\/22\/il-personaggio-i-gol-di-morassi-esaltano-cercivento\/","og_site_name":"Campionato Carnico 2016","article_publisher":"https:\/\/www.facebook.com\/campionatocarnico\/","article_published_time":"2012-05-22T12:43:10+00:00","article_modified_time":"2012-05-22T12:47:52+00:00","og_image":[{"url":"\/\/www.carnico.it\/blog\/wp-content\/uploads\/2012\/05\/CERCIVENTO-2012-Devid-Morassi1.jpg","type":"","width":"","height":""}],"author":"Redazione","twitter_card":"summary_large_image","twitter_misc":{"Scritto da":"Redazione","Tempo di lettura stimato":"1 minuto"},"schema":{"@context":"https:\/\/schema.org","@graph":[{"@type":"Article","@id":"https:\/\/2016.carnico.it\/blog\/2012\/05\/22\/il-personaggio-i-gol-di-morassi-esaltano-cercivento\/#article","isPartOf":{"@id":"https:\/\/2016.carnico.it\/blog\/2012\/05\/22\/il-personaggio-i-gol-di-morassi-esaltano-cercivento\/"},"author":{"name":"Redazione","@id":"https:\/\/2016.carnico.it\/blog\/#\/schema\/person\/a68c764693d96df3238f123ea014e78c"},"headline":"IL PERSONAGGIO: I GOL DI MORASSI ESALTANO CERCIVENTO","datePublished":"2012-05-22T12:43:10+00:00","dateModified":"2012-05-22T12:47:52+00:00","mainEntityOfPage":{"@id":"https:\/\/2016.carnico.it\/blog\/2012\/05\/22\/il-personaggio-i-gol-di-morassi-esaltano-cercivento\/"},"wordCount":298,"commentCount":2,"articleSection":["Carnico"],"inLanguage":"it-IT","potentialAction":[{"@type":"CommentAction","name":"Comment","target":["https:\/\/2016.carnico.it\/blog\/2012\/05\/22\/il-personaggio-i-gol-di-morassi-esaltano-cercivento\/#respond"]}]},{"@type":"WebPage","@id":"https:\/\/2016.carnico.it\/blog\/2012\/05\/22\/il-personaggio-i-gol-di-morassi-esaltano-cercivento\/","url":"https:\/\/2016.carnico.it\/blog\/2012\/05\/22\/il-personaggio-i-gol-di-morassi-esaltano-cercivento\/","name":"IL PERSONAGGIO: I GOL DI MORASSI ESALTANO CERCIVENTO - Campionato Carnico 2016","isPartOf":{"@id":"https:\/\/2016.carnico.it\/blog\/#website"},"datePublished":"2012-05-22T12:43:10+00:00","dateModified":"2012-05-22T12:47:52+00:00","author":{"@id":"https:\/\/2016.carnico.it\/blog\/#\/schema\/person\/a68c764693d96df3238f123ea014e78c"},"breadcrumb":{"@id":"https:\/\/2016.carnico.it\/blog\/2012\/05\/22\/il-personaggio-i-gol-di-morassi-esaltano-cercivento\/#breadcrumb"},"inLanguage":"it-IT","potentialAction":[{"@type":"ReadAction","target":["https:\/\/2016.carnico.it\/blog\/2012\/05\/22\/il-personaggio-i-gol-di-morassi-esaltano-cercivento\/"]}]},{"@type":"BreadcrumbList","@id":"https:\/\/2016.carnico.it\/blog\/2012\/05\/22\/il-personaggio-i-gol-di-morassi-esaltano-cercivento\/#breadcrumb","itemListElement":[{"@type":"ListItem","position":1,"name":"Home","item":"https:\/\/2016.carnico.it\/blog\/"},{"@type":"ListItem","position":2,"name":"IL PERSONAGGIO: I GOL DI MORASSI ESALTANO CERCIVENTO"}]},{"@type":"WebSite","@id":"https:\/\/2016.carnico.it\/blog\/#website","url":"https:\/\/2016.carnico.it\/blog\/","name":"Campionato Carnico 2016","description":"Notizie e aggiornamenti in tempo reale sul campionato Carnico","potentialAction":[{"@type":"SearchAction","target":{"@type":"EntryPoint","urlTemplate":"https:\/\/2016.carnico.it\/blog\/?s={search_term_string}"},"query-input":{"@type":"PropertyValueSpecification","valueRequired":true,"valueName":"search_term_string"}}],"inLanguage":"it-IT"},{"@type":"Person","@id":"https:\/\/2016.carnico.it\/blog\/#\/schema\/person\/a68c764693d96df3238f123ea014e78c","name":"Redazione","image":{"@type":"ImageObject","inLanguage":"it-IT","@id":"https:\/\/secure.gravatar.com\/avatar\/6c05bd4dddbea475e283f76b4aa2d778ecb35c06fd92df5f6e0cac552163e2ac?s=96&d=mm&r=g","url":"https:\/\/secure.gravatar.com\/avatar\/6c05bd4dddbea475e283f76b4aa2d778ecb35c06fd92df5f6e0cac552163e2ac?s=96&d=mm&r=g","contentUrl":"https:\/\/secure.gravatar.com\/avatar\/6c05bd4dddbea475e283f76b4aa2d778ecb35c06fd92df5f6e0cac552163e2ac?s=96&d=mm&r=g","caption":"Redazione"},"url":"https:\/\/2016.carnico.it\/blog\/author\/clyco-admin\/"}]}},"_links":{"self":[{"href":"https:\/\/2016.carnico.it\/blog\/wp-json\/wp\/v2\/posts\/6860","targetHints":{"allow":["GET"]}}],"collection":[{"href":"https:\/\/2016.carnico.it\/blog\/wp-json\/wp\/v2\/posts"}],"about":[{"href":"https:\/\/2016.carnico.it\/blog\/wp-json\/wp\/v2\/types\/post"}],"author":[{"embeddable":true,"href":"https:\/\/2016.carnico.it\/blog\/wp-json\/wp\/v2\/users\/10"}],"replies":[{"embeddable":true,"href":"https:\/\/2016.carnico.it\/blog\/wp-json\/wp\/v2\/comments?post=6860"}],"version-history":[{"count":5,"href":"https:\/\/2016.carnico.it\/blog\/wp-json\/wp\/v2\/posts\/6860\/revisions"}],"predecessor-version":[{"id":6872,"href":"https:\/\/2016.carnico.it\/blog\/wp-json\/wp\/v2\/posts\/6860\/revisions\/6872"}],"wp:attachment":[{"href":"https:\/\/2016.carnico.it\/blog\/wp-json\/wp\/v2\/media?parent=6860"}],"wp:term":[{"taxonomy":"category","embeddable":true,"href":"https:\/\/2016.carnico.it\/blog\/wp-json\/wp\/v2\/categories?post=6860"},{"taxonomy":"post_tag","embeddable":true,"href":"https:\/\/2016.carnico.it\/blog\/wp-json\/wp\/v2\/tags?post=6860"}],"curies":[{"name":"wp","href":"https:\/\/api.w.org\/{rel}","templated":true}]}}