{"id":3754,"date":"2011-05-15T00:33:39","date_gmt":"2011-05-14T22:33:39","guid":{"rendered":"http:\/\/www.carnico.it\/blog\/?p=3754"},"modified":"2011-05-15T11:49:17","modified_gmt":"2011-05-15T09:49:17","slug":"mandi-toni","status":"publish","type":"post","link":"https:\/\/2016.carnico.it\/blog\/2011\/05\/15\/mandi-toni\/","title":{"rendered":"MANDI, TONI."},"content":{"rendered":"<p>Antonio Iob era una persona speciale. Salutarlo con un&#8217;espressione &#8220;normale&#8221; \u00e8 la forma che pi\u00f9 ci piace usare. E&#8217; triste pensare di non vederlo pi\u00f9.\u00a0 &#8220;Toni&#8221; ci ha lasciato: ha lasciato la sua famiglia ed i suoi amici, dei quali ci onoriamo di far parte. Eh s\u00ec, perch\u00e8 &#8220;Toni&#8221; era una persona normalmente speciale, un amico del Carnico: pieno di vita, di iniziative e soprattutto innamorato del calcio e della sua Illegiana.\u00a0 Lui \u00e8 stato il presidente degli scudetti, dell&#8217;Illegiana fenomenale degli anni &#8217;90, quella di Tarcisio Iob e Fiorenzo Scarsini, quella di Roberto Fachin e Onorato Iob quella di&#8230;, beh quella di tutti quei fantastici giocatori che seppero onorare la societ\u00e0 neroverde in anni formidabili. &#8220;Toni&#8221; ci ha lasciato, lasciandoci tutti un po&#8217; pi\u00f9 poveri, un po&#8217; pi\u00f9 tristi ed anche&#8230;, ma s\u00ec, dai, anche un po&#8217; pi\u00f9 soli,\u00a0 perch\u00e8 aveva un sorriso, una battuta o un semplice saluto, per tutti. Ci si accorge della normalit\u00e0 della vita quando se ne vanno le persone speciali. E &#8220;Toni&#8221; lo era. Mandi Toni, l&#8217;Illegiana ed il Carnico diffcilmente sapranno dimenticarti.<\/p>\n<p><em><strong>A seguito della scomparsa di Antonio Iob, la partita San Pietro &#8211; Illegiana \u00e8 stata rimandata a data da destinarsi.<\/strong><\/em><\/p>\n","protected":false},"excerpt":{"rendered":"<p>Antonio Iob era una persona speciale. Salutarlo con un&#8217;espressione &#8220;normale&#8221; \u00e8 la forma che pi\u00f9 ci piace usare. E&#8217; triste pensare di non vederlo pi\u00f9.\u00a0 &#8220;Toni&#8221; ci ha lasciato: ha lasciato la sua famiglia ed i suoi amici, dei quali ci onoriamo di far parte. Eh s\u00ec, perch\u00e8 &#8220;Toni&#8221; era una persona normalmente speciale, un [&hellip;]<\/p>\n","protected":false},"author":10,"featured_media":0,"comment_status":"open","ping_status":"closed","sticky":false,"template":"","format":"standard","meta":{"ngg_post_thumbnail":0,"footnotes":""},"categories":[3],"tags":[],"class_list":["post-3754","post","type-post","status-publish","format-standard","hentry","category-carnico"],"yoast_head":"<!-- This site is optimized with the Yoast SEO plugin v27.3 - https:\/\/yoast.com\/product\/yoast-seo-wordpress\/ -->\n<title>MANDI, TONI. - Campionato Carnico 2016<\/title>\n<meta name=\"robots\" content=\"index, follow, max-snippet:-1, max-image-preview:large, max-video-preview:-1\" \/>\n<link rel=\"canonical\" href=\"https:\/\/2016.carnico.it\/blog\/2011\/05\/15\/mandi-toni\/\" \/>\n<meta property=\"og:locale\" content=\"it_IT\" \/>\n<meta property=\"og:type\" content=\"article\" \/>\n<meta property=\"og:title\" content=\"MANDI, TONI. - Campionato Carnico 2016\" \/>\n<meta property=\"og:description\" content=\"Antonio Iob era una persona speciale. Salutarlo con un&#8217;espressione &#8220;normale&#8221; \u00e8 la forma che pi\u00f9 ci piace usare. E&#8217; triste pensare di non vederlo pi\u00f9.\u00a0 &#8220;Toni&#8221; ci ha lasciato: ha lasciato la sua famiglia ed i suoi amici, dei quali ci onoriamo di far parte. Eh s\u00ec, perch\u00e8 &#8220;Toni&#8221; era una persona normalmente speciale, un [&hellip;]\" \/>\n<meta property=\"og:url\" content=\"https:\/\/2016.carnico.it\/blog\/2011\/05\/15\/mandi-toni\/\" \/>\n<meta property=\"og:site_name\" content=\"Campionato Carnico 2016\" \/>\n<meta property=\"article:publisher\" content=\"https:\/\/www.facebook.com\/campionatocarnico\/\" \/>\n<meta property=\"article:published_time\" content=\"2011-05-14T22:33:39+00:00\" \/>\n<meta property=\"article:modified_time\" content=\"2011-05-15T09:49:17+00:00\" \/>\n<meta name=\"author\" content=\"Redazione\" \/>\n<meta name=\"twitter:card\" content=\"summary_large_image\" \/>\n<meta name=\"twitter:label1\" content=\"Scritto da\" \/>\n\t<meta name=\"twitter:data1\" content=\"Redazione\" \/>\n\t<meta name=\"twitter:label2\" content=\"Tempo di lettura stimato\" \/>\n\t<meta name=\"twitter:data2\" content=\"1 minuto\" \/>\n<script type=\"application\/ld+json\" class=\"yoast-schema-graph\">{\"@context\":\"https:\\\/\\\/schema.org\",\"@graph\":[{\"@type\":\"Article\",\"@id\":\"https:\\\/\\\/2016.carnico.it\\\/blog\\\/2011\\\/05\\\/15\\\/mandi-toni\\\/#article\",\"isPartOf\":{\"@id\":\"https:\\\/\\\/2016.carnico.it\\\/blog\\\/2011\\\/05\\\/15\\\/mandi-toni\\\/\"},\"author\":{\"name\":\"Redazione\",\"@id\":\"https:\\\/\\\/2016.carnico.it\\\/blog\\\/#\\\/schema\\\/person\\\/a68c764693d96df3238f123ea014e78c\"},\"headline\":\"MANDI, TONI.\",\"datePublished\":\"2011-05-14T22:33:39+00:00\",\"dateModified\":\"2011-05-15T09:49:17+00:00\",\"mainEntityOfPage\":{\"@id\":\"https:\\\/\\\/2016.carnico.it\\\/blog\\\/2011\\\/05\\\/15\\\/mandi-toni\\\/\"},\"wordCount\":200,\"commentCount\":13,\"articleSection\":[\"Carnico\"],\"inLanguage\":\"it-IT\",\"potentialAction\":[{\"@type\":\"CommentAction\",\"name\":\"Comment\",\"target\":[\"https:\\\/\\\/2016.carnico.it\\\/blog\\\/2011\\\/05\\\/15\\\/mandi-toni\\\/#respond\"]}]},{\"@type\":\"WebPage\",\"@id\":\"https:\\\/\\\/2016.carnico.it\\\/blog\\\/2011\\\/05\\\/15\\\/mandi-toni\\\/\",\"url\":\"https:\\\/\\\/2016.carnico.it\\\/blog\\\/2011\\\/05\\\/15\\\/mandi-toni\\\/\",\"name\":\"MANDI, TONI. - Campionato Carnico 2016\",\"isPartOf\":{\"@id\":\"https:\\\/\\\/2016.carnico.it\\\/blog\\\/#website\"},\"datePublished\":\"2011-05-14T22:33:39+00:00\",\"dateModified\":\"2011-05-15T09:49:17+00:00\",\"author\":{\"@id\":\"https:\\\/\\\/2016.carnico.it\\\/blog\\\/#\\\/schema\\\/person\\\/a68c764693d96df3238f123ea014e78c\"},\"breadcrumb\":{\"@id\":\"https:\\\/\\\/2016.carnico.it\\\/blog\\\/2011\\\/05\\\/15\\\/mandi-toni\\\/#breadcrumb\"},\"inLanguage\":\"it-IT\",\"potentialAction\":[{\"@type\":\"ReadAction\",\"target\":[\"https:\\\/\\\/2016.carnico.it\\\/blog\\\/2011\\\/05\\\/15\\\/mandi-toni\\\/\"]}]},{\"@type\":\"BreadcrumbList\",\"@id\":\"https:\\\/\\\/2016.carnico.it\\\/blog\\\/2011\\\/05\\\/15\\\/mandi-toni\\\/#breadcrumb\",\"itemListElement\":[{\"@type\":\"ListItem\",\"position\":1,\"name\":\"Home\",\"item\":\"https:\\\/\\\/2016.carnico.it\\\/blog\\\/\"},{\"@type\":\"ListItem\",\"position\":2,\"name\":\"MANDI, TONI.\"}]},{\"@type\":\"WebSite\",\"@id\":\"https:\\\/\\\/2016.carnico.it\\\/blog\\\/#website\",\"url\":\"https:\\\/\\\/2016.carnico.it\\\/blog\\\/\",\"name\":\"Campionato Carnico 2016\",\"description\":\"Notizie e aggiornamenti in tempo reale sul campionato Carnico\",\"potentialAction\":[{\"@type\":\"SearchAction\",\"target\":{\"@type\":\"EntryPoint\",\"urlTemplate\":\"https:\\\/\\\/2016.carnico.it\\\/blog\\\/?s={search_term_string}\"},\"query-input\":{\"@type\":\"PropertyValueSpecification\",\"valueRequired\":true,\"valueName\":\"search_term_string\"}}],\"inLanguage\":\"it-IT\"},{\"@type\":\"Person\",\"@id\":\"https:\\\/\\\/2016.carnico.it\\\/blog\\\/#\\\/schema\\\/person\\\/a68c764693d96df3238f123ea014e78c\",\"name\":\"Redazione\",\"image\":{\"@type\":\"ImageObject\",\"inLanguage\":\"it-IT\",\"@id\":\"https:\\\/\\\/secure.gravatar.com\\\/avatar\\\/6c05bd4dddbea475e283f76b4aa2d778ecb35c06fd92df5f6e0cac552163e2ac?s=96&d=mm&r=g\",\"url\":\"https:\\\/\\\/secure.gravatar.com\\\/avatar\\\/6c05bd4dddbea475e283f76b4aa2d778ecb35c06fd92df5f6e0cac552163e2ac?s=96&d=mm&r=g\",\"contentUrl\":\"https:\\\/\\\/secure.gravatar.com\\\/avatar\\\/6c05bd4dddbea475e283f76b4aa2d778ecb35c06fd92df5f6e0cac552163e2ac?s=96&d=mm&r=g\",\"caption\":\"Redazione\"},\"url\":\"https:\\\/\\\/2016.carnico.it\\\/blog\\\/author\\\/clyco-admin\\\/\"}]}<\/script>\n<!-- \/ Yoast SEO plugin. -->","yoast_head_json":{"title":"MANDI, TONI. - Campionato Carnico 2016","robots":{"index":"index","follow":"follow","max-snippet":"max-snippet:-1","max-image-preview":"max-image-preview:large","max-video-preview":"max-video-preview:-1"},"canonical":"https:\/\/2016.carnico.it\/blog\/2011\/05\/15\/mandi-toni\/","og_locale":"it_IT","og_type":"article","og_title":"MANDI, TONI. - Campionato Carnico 2016","og_description":"Antonio Iob era una persona speciale. Salutarlo con un&#8217;espressione &#8220;normale&#8221; \u00e8 la forma che pi\u00f9 ci piace usare. E&#8217; triste pensare di non vederlo pi\u00f9.\u00a0 &#8220;Toni&#8221; ci ha lasciato: ha lasciato la sua famiglia ed i suoi amici, dei quali ci onoriamo di far parte. Eh s\u00ec, perch\u00e8 &#8220;Toni&#8221; era una persona normalmente speciale, un [&hellip;]","og_url":"https:\/\/2016.carnico.it\/blog\/2011\/05\/15\/mandi-toni\/","og_site_name":"Campionato Carnico 2016","article_publisher":"https:\/\/www.facebook.com\/campionatocarnico\/","article_published_time":"2011-05-14T22:33:39+00:00","article_modified_time":"2011-05-15T09:49:17+00:00","author":"Redazione","twitter_card":"summary_large_image","twitter_misc":{"Scritto da":"Redazione","Tempo di lettura stimato":"1 minuto"},"schema":{"@context":"https:\/\/schema.org","@graph":[{"@type":"Article","@id":"https:\/\/2016.carnico.it\/blog\/2011\/05\/15\/mandi-toni\/#article","isPartOf":{"@id":"https:\/\/2016.carnico.it\/blog\/2011\/05\/15\/mandi-toni\/"},"author":{"name":"Redazione","@id":"https:\/\/2016.carnico.it\/blog\/#\/schema\/person\/a68c764693d96df3238f123ea014e78c"},"headline":"MANDI, TONI.","datePublished":"2011-05-14T22:33:39+00:00","dateModified":"2011-05-15T09:49:17+00:00","mainEntityOfPage":{"@id":"https:\/\/2016.carnico.it\/blog\/2011\/05\/15\/mandi-toni\/"},"wordCount":200,"commentCount":13,"articleSection":["Carnico"],"inLanguage":"it-IT","potentialAction":[{"@type":"CommentAction","name":"Comment","target":["https:\/\/2016.carnico.it\/blog\/2011\/05\/15\/mandi-toni\/#respond"]}]},{"@type":"WebPage","@id":"https:\/\/2016.carnico.it\/blog\/2011\/05\/15\/mandi-toni\/","url":"https:\/\/2016.carnico.it\/blog\/2011\/05\/15\/mandi-toni\/","name":"MANDI, TONI. - Campionato Carnico 2016","isPartOf":{"@id":"https:\/\/2016.carnico.it\/blog\/#website"},"datePublished":"2011-05-14T22:33:39+00:00","dateModified":"2011-05-15T09:49:17+00:00","author":{"@id":"https:\/\/2016.carnico.it\/blog\/#\/schema\/person\/a68c764693d96df3238f123ea014e78c"},"breadcrumb":{"@id":"https:\/\/2016.carnico.it\/blog\/2011\/05\/15\/mandi-toni\/#breadcrumb"},"inLanguage":"it-IT","potentialAction":[{"@type":"ReadAction","target":["https:\/\/2016.carnico.it\/blog\/2011\/05\/15\/mandi-toni\/"]}]},{"@type":"BreadcrumbList","@id":"https:\/\/2016.carnico.it\/blog\/2011\/05\/15\/mandi-toni\/#breadcrumb","itemListElement":[{"@type":"ListItem","position":1,"name":"Home","item":"https:\/\/2016.carnico.it\/blog\/"},{"@type":"ListItem","position":2,"name":"MANDI, TONI."}]},{"@type":"WebSite","@id":"https:\/\/2016.carnico.it\/blog\/#website","url":"https:\/\/2016.carnico.it\/blog\/","name":"Campionato Carnico 2016","description":"Notizie e aggiornamenti in tempo reale sul campionato Carnico","potentialAction":[{"@type":"SearchAction","target":{"@type":"EntryPoint","urlTemplate":"https:\/\/2016.carnico.it\/blog\/?s={search_term_string}"},"query-input":{"@type":"PropertyValueSpecification","valueRequired":true,"valueName":"search_term_string"}}],"inLanguage":"it-IT"},{"@type":"Person","@id":"https:\/\/2016.carnico.it\/blog\/#\/schema\/person\/a68c764693d96df3238f123ea014e78c","name":"Redazione","image":{"@type":"ImageObject","inLanguage":"it-IT","@id":"https:\/\/secure.gravatar.com\/avatar\/6c05bd4dddbea475e283f76b4aa2d778ecb35c06fd92df5f6e0cac552163e2ac?s=96&d=mm&r=g","url":"https:\/\/secure.gravatar.com\/avatar\/6c05bd4dddbea475e283f76b4aa2d778ecb35c06fd92df5f6e0cac552163e2ac?s=96&d=mm&r=g","contentUrl":"https:\/\/secure.gravatar.com\/avatar\/6c05bd4dddbea475e283f76b4aa2d778ecb35c06fd92df5f6e0cac552163e2ac?s=96&d=mm&r=g","caption":"Redazione"},"url":"https:\/\/2016.carnico.it\/blog\/author\/clyco-admin\/"}]}},"_links":{"self":[{"href":"https:\/\/2016.carnico.it\/blog\/wp-json\/wp\/v2\/posts\/3754","targetHints":{"allow":["GET"]}}],"collection":[{"href":"https:\/\/2016.carnico.it\/blog\/wp-json\/wp\/v2\/posts"}],"about":[{"href":"https:\/\/2016.carnico.it\/blog\/wp-json\/wp\/v2\/types\/post"}],"author":[{"embeddable":true,"href":"https:\/\/2016.carnico.it\/blog\/wp-json\/wp\/v2\/users\/10"}],"replies":[{"embeddable":true,"href":"https:\/\/2016.carnico.it\/blog\/wp-json\/wp\/v2\/comments?post=3754"}],"version-history":[{"count":5,"href":"https:\/\/2016.carnico.it\/blog\/wp-json\/wp\/v2\/posts\/3754\/revisions"}],"predecessor-version":[{"id":3756,"href":"https:\/\/2016.carnico.it\/blog\/wp-json\/wp\/v2\/posts\/3754\/revisions\/3756"}],"wp:attachment":[{"href":"https:\/\/2016.carnico.it\/blog\/wp-json\/wp\/v2\/media?parent=3754"}],"wp:term":[{"taxonomy":"category","embeddable":true,"href":"https:\/\/2016.carnico.it\/blog\/wp-json\/wp\/v2\/categories?post=3754"},{"taxonomy":"post_tag","embeddable":true,"href":"https:\/\/2016.carnico.it\/blog\/wp-json\/wp\/v2\/tags?post=3754"}],"curies":[{"name":"wp","href":"https:\/\/api.w.org\/{rel}","templated":true}]}}