{"id":15482,"date":"2016-12-18T12:03:53","date_gmt":"2016-12-18T11:03:53","guid":{"rendered":"http:\/\/www.carnico.it\/blog\/?p=15482"},"modified":"2016-12-15T22:04:57","modified_gmt":"2016-12-15T21:04:57","slug":"premio-alla-carriera-otello-petris","status":"publish","type":"post","link":"https:\/\/2016.carnico.it\/blog\/2016\/12\/18\/premio-alla-carriera-otello-petris\/","title":{"rendered":"PREMIO ALLA CARRIERA PER OTELLO PETRIS"},"content":{"rendered":"<p style=\"text-align: left;\"><a href=\"\/\/www.carnico.it\/blog\/2013\/12\/29\/auguri-otello\/otello\/\" rel=\"attachment wp-att-9887\"><img loading=\"lazy\" decoding=\"async\" class=\" wp-image-9887 alignleft\" src=\"\/\/www.carnico.it\/blog\/wp-content\/uploads\/2013\/12\/otello-450x298.jpg\" alt=\"\" width=\"250\" height=\"165\" srcset=\"https:\/\/2016.carnico.it\/blog\/wp-content\/uploads\/2013\/12\/otello-450x298.jpg 450w, https:\/\/2016.carnico.it\/blog\/wp-content\/uploads\/2013\/12\/otello-300x198.jpg 300w, https:\/\/2016.carnico.it\/blog\/wp-content\/uploads\/2013\/12\/otello-630x417.jpg 630w\" sizes=\"auto, (max-width: 250px) 100vw, 250px\" \/><\/a>Tra gli allenatori premiati\u00a0 alla manifestazione <strong>\u201c<\/strong><strong>Festa del Mister 2016<\/strong><strong>\u201d<\/strong>, che si svolger\u00e0 <strong>luned\u00ec 19<\/strong> <strong>dicembre<\/strong> alle ore 17.00 presso la sala consiliare della Provincia di Udine, ci sar\u00e0 anche Otello Petris. Otello, 83 anni il prossimo 29 dicembre, \u00e8 davvero un pezzo di storia del calcio carnico, nel quale ha fatto veramente di tutto: dal giocatore all\u2019allenatore al dirigente, mettendoci sempre la stessa passione e lo stesso entusiasmo. <!--more-->Passare una serata con lui, nella taverna della sua casa a Moggio, \u00e8 una specie di <em>lectio magistralis<\/em>, dove l\u2019argomento calcio \u00e8 trattato a 360 gradi. Il merito pi\u00f9 grande di Otello, in questi anni, \u00e8 stato quello di sapersi adeguare ai progressivi cambiamenti del calcio, rimanendo sempre un personaggio attuale e in linea con i tempi. Magari intransigente sui principi di seriet\u00e0 e sacrificio, ma attento nel saper cogliere le evoluzioni tattiche, l\u2019importanza della preparazione fisica e la rilevanza fondamentale delle relazioni umane, in un contesto dove agiscono persone a volte diverse per cultura ed et\u00e0. La cosa che pi\u00f9 lo amareggio del calcio attuale: la poca attenzione che si presta a migliorare il gesto tecnico: \u201cIn nessun campo della Carnia \u2013 ama ripetere \u2013 si vede pi\u00f9 una forca, elemento utile per migliorare il fondamentale del gioco di testa\u201d.<\/p>\n<p>A lui vanno i nostri complimenti per il prezioso riconoscimento: un premio alla carriera davvero meritato!<\/p>\n","protected":false},"excerpt":{"rendered":"<p>Tra gli allenatori premiati\u00a0 alla manifestazione \u201cFesta del Mister 2016\u201d, che si svolger\u00e0 luned\u00ec 19 dicembre alle ore 17.00 presso la sala consiliare della Provincia di Udine, ci sar\u00e0 anche Otello Petris. Otello, 83 anni il prossimo 29 dicembre, \u00e8 davvero un pezzo di storia del calcio carnico, nel quale ha fatto veramente di tutto: [&hellip;]<\/p>\n","protected":false},"author":10,"featured_media":0,"comment_status":"open","ping_status":"closed","sticky":false,"template":"","format":"standard","meta":{"ngg_post_thumbnail":0,"footnotes":""},"categories":[5],"tags":[],"class_list":["post-15482","post","type-post","status-publish","format-standard","hentry","category-varie"],"yoast_head":"<!-- This site is optimized with the Yoast SEO plugin v27.3 - https:\/\/yoast.com\/product\/yoast-seo-wordpress\/ -->\n<title>PREMIO ALLA CARRIERA PER OTELLO PETRIS - Campionato Carnico 2016<\/title>\n<meta name=\"robots\" content=\"index, follow, max-snippet:-1, max-image-preview:large, max-video-preview:-1\" \/>\n<link rel=\"canonical\" href=\"https:\/\/2016.carnico.it\/blog\/2016\/12\/18\/premio-alla-carriera-otello-petris\/\" \/>\n<meta property=\"og:locale\" content=\"it_IT\" \/>\n<meta property=\"og:type\" content=\"article\" \/>\n<meta property=\"og:title\" content=\"PREMIO ALLA CARRIERA PER OTELLO PETRIS - Campionato Carnico 2016\" \/>\n<meta property=\"og:description\" content=\"Tra gli allenatori premiati\u00a0 alla manifestazione \u201cFesta del Mister 2016\u201d, che si svolger\u00e0 luned\u00ec 19 dicembre alle ore 17.00 presso la sala consiliare della Provincia di Udine, ci sar\u00e0 anche Otello Petris. Otello, 83 anni il prossimo 29 dicembre, \u00e8 davvero un pezzo di storia del calcio carnico, nel quale ha fatto veramente di tutto: [&hellip;]\" \/>\n<meta property=\"og:url\" content=\"https:\/\/2016.carnico.it\/blog\/2016\/12\/18\/premio-alla-carriera-otello-petris\/\" \/>\n<meta property=\"og:site_name\" content=\"Campionato Carnico 2016\" \/>\n<meta property=\"article:publisher\" content=\"https:\/\/www.facebook.com\/campionatocarnico\/\" \/>\n<meta property=\"article:published_time\" content=\"2016-12-18T11:03:53+00:00\" \/>\n<meta property=\"og:image\" content=\"\/\/www.carnico.it\/blog\/wp-content\/uploads\/2013\/12\/otello-450x298.jpg\" \/>\n<meta name=\"author\" content=\"Redazione\" \/>\n<meta name=\"twitter:card\" content=\"summary_large_image\" \/>\n<meta name=\"twitter:label1\" content=\"Scritto da\" \/>\n\t<meta name=\"twitter:data1\" content=\"Redazione\" \/>\n\t<meta name=\"twitter:label2\" content=\"Tempo di lettura stimato\" \/>\n\t<meta name=\"twitter:data2\" content=\"1 minuto\" \/>\n<script type=\"application\/ld+json\" class=\"yoast-schema-graph\">{\"@context\":\"https:\\\/\\\/schema.org\",\"@graph\":[{\"@type\":\"Article\",\"@id\":\"https:\\\/\\\/2016.carnico.it\\\/blog\\\/2016\\\/12\\\/18\\\/premio-alla-carriera-otello-petris\\\/#article\",\"isPartOf\":{\"@id\":\"https:\\\/\\\/2016.carnico.it\\\/blog\\\/2016\\\/12\\\/18\\\/premio-alla-carriera-otello-petris\\\/\"},\"author\":{\"name\":\"Redazione\",\"@id\":\"https:\\\/\\\/2016.carnico.it\\\/blog\\\/#\\\/schema\\\/person\\\/a68c764693d96df3238f123ea014e78c\"},\"headline\":\"PREMIO ALLA CARRIERA PER OTELLO PETRIS\",\"datePublished\":\"2016-12-18T11:03:53+00:00\",\"mainEntityOfPage\":{\"@id\":\"https:\\\/\\\/2016.carnico.it\\\/blog\\\/2016\\\/12\\\/18\\\/premio-alla-carriera-otello-petris\\\/\"},\"wordCount\":223,\"commentCount\":1,\"articleSection\":[\"Varie\"],\"inLanguage\":\"it-IT\",\"potentialAction\":[{\"@type\":\"CommentAction\",\"name\":\"Comment\",\"target\":[\"https:\\\/\\\/2016.carnico.it\\\/blog\\\/2016\\\/12\\\/18\\\/premio-alla-carriera-otello-petris\\\/#respond\"]}]},{\"@type\":\"WebPage\",\"@id\":\"https:\\\/\\\/2016.carnico.it\\\/blog\\\/2016\\\/12\\\/18\\\/premio-alla-carriera-otello-petris\\\/\",\"url\":\"https:\\\/\\\/2016.carnico.it\\\/blog\\\/2016\\\/12\\\/18\\\/premio-alla-carriera-otello-petris\\\/\",\"name\":\"PREMIO ALLA CARRIERA PER OTELLO PETRIS - Campionato Carnico 2016\",\"isPartOf\":{\"@id\":\"https:\\\/\\\/2016.carnico.it\\\/blog\\\/#website\"},\"datePublished\":\"2016-12-18T11:03:53+00:00\",\"author\":{\"@id\":\"https:\\\/\\\/2016.carnico.it\\\/blog\\\/#\\\/schema\\\/person\\\/a68c764693d96df3238f123ea014e78c\"},\"breadcrumb\":{\"@id\":\"https:\\\/\\\/2016.carnico.it\\\/blog\\\/2016\\\/12\\\/18\\\/premio-alla-carriera-otello-petris\\\/#breadcrumb\"},\"inLanguage\":\"it-IT\",\"potentialAction\":[{\"@type\":\"ReadAction\",\"target\":[\"https:\\\/\\\/2016.carnico.it\\\/blog\\\/2016\\\/12\\\/18\\\/premio-alla-carriera-otello-petris\\\/\"]}]},{\"@type\":\"BreadcrumbList\",\"@id\":\"https:\\\/\\\/2016.carnico.it\\\/blog\\\/2016\\\/12\\\/18\\\/premio-alla-carriera-otello-petris\\\/#breadcrumb\",\"itemListElement\":[{\"@type\":\"ListItem\",\"position\":1,\"name\":\"Home\",\"item\":\"https:\\\/\\\/2016.carnico.it\\\/blog\\\/\"},{\"@type\":\"ListItem\",\"position\":2,\"name\":\"PREMIO ALLA CARRIERA PER OTELLO PETRIS\"}]},{\"@type\":\"WebSite\",\"@id\":\"https:\\\/\\\/2016.carnico.it\\\/blog\\\/#website\",\"url\":\"https:\\\/\\\/2016.carnico.it\\\/blog\\\/\",\"name\":\"Campionato Carnico 2016\",\"description\":\"Notizie e aggiornamenti in tempo reale sul campionato Carnico\",\"potentialAction\":[{\"@type\":\"SearchAction\",\"target\":{\"@type\":\"EntryPoint\",\"urlTemplate\":\"https:\\\/\\\/2016.carnico.it\\\/blog\\\/?s={search_term_string}\"},\"query-input\":{\"@type\":\"PropertyValueSpecification\",\"valueRequired\":true,\"valueName\":\"search_term_string\"}}],\"inLanguage\":\"it-IT\"},{\"@type\":\"Person\",\"@id\":\"https:\\\/\\\/2016.carnico.it\\\/blog\\\/#\\\/schema\\\/person\\\/a68c764693d96df3238f123ea014e78c\",\"name\":\"Redazione\",\"image\":{\"@type\":\"ImageObject\",\"inLanguage\":\"it-IT\",\"@id\":\"https:\\\/\\\/secure.gravatar.com\\\/avatar\\\/6c05bd4dddbea475e283f76b4aa2d778ecb35c06fd92df5f6e0cac552163e2ac?s=96&d=mm&r=g\",\"url\":\"https:\\\/\\\/secure.gravatar.com\\\/avatar\\\/6c05bd4dddbea475e283f76b4aa2d778ecb35c06fd92df5f6e0cac552163e2ac?s=96&d=mm&r=g\",\"contentUrl\":\"https:\\\/\\\/secure.gravatar.com\\\/avatar\\\/6c05bd4dddbea475e283f76b4aa2d778ecb35c06fd92df5f6e0cac552163e2ac?s=96&d=mm&r=g\",\"caption\":\"Redazione\"},\"url\":\"https:\\\/\\\/2016.carnico.it\\\/blog\\\/author\\\/clyco-admin\\\/\"}]}<\/script>\n<!-- \/ Yoast SEO plugin. -->","yoast_head_json":{"title":"PREMIO ALLA CARRIERA PER OTELLO PETRIS - Campionato Carnico 2016","robots":{"index":"index","follow":"follow","max-snippet":"max-snippet:-1","max-image-preview":"max-image-preview:large","max-video-preview":"max-video-preview:-1"},"canonical":"https:\/\/2016.carnico.it\/blog\/2016\/12\/18\/premio-alla-carriera-otello-petris\/","og_locale":"it_IT","og_type":"article","og_title":"PREMIO ALLA CARRIERA PER OTELLO PETRIS - Campionato Carnico 2016","og_description":"Tra gli allenatori premiati\u00a0 alla manifestazione \u201cFesta del Mister 2016\u201d, che si svolger\u00e0 luned\u00ec 19 dicembre alle ore 17.00 presso la sala consiliare della Provincia di Udine, ci sar\u00e0 anche Otello Petris. Otello, 83 anni il prossimo 29 dicembre, \u00e8 davvero un pezzo di storia del calcio carnico, nel quale ha fatto veramente di tutto: [&hellip;]","og_url":"https:\/\/2016.carnico.it\/blog\/2016\/12\/18\/premio-alla-carriera-otello-petris\/","og_site_name":"Campionato Carnico 2016","article_publisher":"https:\/\/www.facebook.com\/campionatocarnico\/","article_published_time":"2016-12-18T11:03:53+00:00","og_image":[{"url":"\/\/www.carnico.it\/blog\/wp-content\/uploads\/2013\/12\/otello-450x298.jpg","type":"","width":"","height":""}],"author":"Redazione","twitter_card":"summary_large_image","twitter_misc":{"Scritto da":"Redazione","Tempo di lettura stimato":"1 minuto"},"schema":{"@context":"https:\/\/schema.org","@graph":[{"@type":"Article","@id":"https:\/\/2016.carnico.it\/blog\/2016\/12\/18\/premio-alla-carriera-otello-petris\/#article","isPartOf":{"@id":"https:\/\/2016.carnico.it\/blog\/2016\/12\/18\/premio-alla-carriera-otello-petris\/"},"author":{"name":"Redazione","@id":"https:\/\/2016.carnico.it\/blog\/#\/schema\/person\/a68c764693d96df3238f123ea014e78c"},"headline":"PREMIO ALLA CARRIERA PER OTELLO PETRIS","datePublished":"2016-12-18T11:03:53+00:00","mainEntityOfPage":{"@id":"https:\/\/2016.carnico.it\/blog\/2016\/12\/18\/premio-alla-carriera-otello-petris\/"},"wordCount":223,"commentCount":1,"articleSection":["Varie"],"inLanguage":"it-IT","potentialAction":[{"@type":"CommentAction","name":"Comment","target":["https:\/\/2016.carnico.it\/blog\/2016\/12\/18\/premio-alla-carriera-otello-petris\/#respond"]}]},{"@type":"WebPage","@id":"https:\/\/2016.carnico.it\/blog\/2016\/12\/18\/premio-alla-carriera-otello-petris\/","url":"https:\/\/2016.carnico.it\/blog\/2016\/12\/18\/premio-alla-carriera-otello-petris\/","name":"PREMIO ALLA CARRIERA PER OTELLO PETRIS - Campionato Carnico 2016","isPartOf":{"@id":"https:\/\/2016.carnico.it\/blog\/#website"},"datePublished":"2016-12-18T11:03:53+00:00","author":{"@id":"https:\/\/2016.carnico.it\/blog\/#\/schema\/person\/a68c764693d96df3238f123ea014e78c"},"breadcrumb":{"@id":"https:\/\/2016.carnico.it\/blog\/2016\/12\/18\/premio-alla-carriera-otello-petris\/#breadcrumb"},"inLanguage":"it-IT","potentialAction":[{"@type":"ReadAction","target":["https:\/\/2016.carnico.it\/blog\/2016\/12\/18\/premio-alla-carriera-otello-petris\/"]}]},{"@type":"BreadcrumbList","@id":"https:\/\/2016.carnico.it\/blog\/2016\/12\/18\/premio-alla-carriera-otello-petris\/#breadcrumb","itemListElement":[{"@type":"ListItem","position":1,"name":"Home","item":"https:\/\/2016.carnico.it\/blog\/"},{"@type":"ListItem","position":2,"name":"PREMIO ALLA CARRIERA PER OTELLO PETRIS"}]},{"@type":"WebSite","@id":"https:\/\/2016.carnico.it\/blog\/#website","url":"https:\/\/2016.carnico.it\/blog\/","name":"Campionato Carnico 2016","description":"Notizie e aggiornamenti in tempo reale sul campionato Carnico","potentialAction":[{"@type":"SearchAction","target":{"@type":"EntryPoint","urlTemplate":"https:\/\/2016.carnico.it\/blog\/?s={search_term_string}"},"query-input":{"@type":"PropertyValueSpecification","valueRequired":true,"valueName":"search_term_string"}}],"inLanguage":"it-IT"},{"@type":"Person","@id":"https:\/\/2016.carnico.it\/blog\/#\/schema\/person\/a68c764693d96df3238f123ea014e78c","name":"Redazione","image":{"@type":"ImageObject","inLanguage":"it-IT","@id":"https:\/\/secure.gravatar.com\/avatar\/6c05bd4dddbea475e283f76b4aa2d778ecb35c06fd92df5f6e0cac552163e2ac?s=96&d=mm&r=g","url":"https:\/\/secure.gravatar.com\/avatar\/6c05bd4dddbea475e283f76b4aa2d778ecb35c06fd92df5f6e0cac552163e2ac?s=96&d=mm&r=g","contentUrl":"https:\/\/secure.gravatar.com\/avatar\/6c05bd4dddbea475e283f76b4aa2d778ecb35c06fd92df5f6e0cac552163e2ac?s=96&d=mm&r=g","caption":"Redazione"},"url":"https:\/\/2016.carnico.it\/blog\/author\/clyco-admin\/"}]}},"_links":{"self":[{"href":"https:\/\/2016.carnico.it\/blog\/wp-json\/wp\/v2\/posts\/15482","targetHints":{"allow":["GET"]}}],"collection":[{"href":"https:\/\/2016.carnico.it\/blog\/wp-json\/wp\/v2\/posts"}],"about":[{"href":"https:\/\/2016.carnico.it\/blog\/wp-json\/wp\/v2\/types\/post"}],"author":[{"embeddable":true,"href":"https:\/\/2016.carnico.it\/blog\/wp-json\/wp\/v2\/users\/10"}],"replies":[{"embeddable":true,"href":"https:\/\/2016.carnico.it\/blog\/wp-json\/wp\/v2\/comments?post=15482"}],"version-history":[{"count":1,"href":"https:\/\/2016.carnico.it\/blog\/wp-json\/wp\/v2\/posts\/15482\/revisions"}],"predecessor-version":[{"id":15483,"href":"https:\/\/2016.carnico.it\/blog\/wp-json\/wp\/v2\/posts\/15482\/revisions\/15483"}],"wp:attachment":[{"href":"https:\/\/2016.carnico.it\/blog\/wp-json\/wp\/v2\/media?parent=15482"}],"wp:term":[{"taxonomy":"category","embeddable":true,"href":"https:\/\/2016.carnico.it\/blog\/wp-json\/wp\/v2\/categories?post=15482"},{"taxonomy":"post_tag","embeddable":true,"href":"https:\/\/2016.carnico.it\/blog\/wp-json\/wp\/v2\/tags?post=15482"}],"curies":[{"name":"wp","href":"https:\/\/api.w.org\/{rel}","templated":true}]}}