{"id":14814,"date":"2016-09-14T09:09:25","date_gmt":"2016-09-14T07:09:25","guid":{"rendered":"http:\/\/www.carnico.it\/blog\/?p=14814"},"modified":"2016-09-14T16:08:51","modified_gmt":"2016-09-14T14:08:51","slug":"recuperi-ed-anticipi","status":"publish","type":"post","link":"https:\/\/2016.carnico.it\/blog\/2016\/09\/14\/recuperi-ed-anticipi\/","title":{"rendered":"RECUPERI ED ANTICIPI"},"content":{"rendered":"<div id=\"attachment_14815\" style=\"width: 153px\" class=\"wp-caption alignleft\"><img loading=\"lazy\" decoding=\"async\" aria-describedby=\"caption-attachment-14815\" class=\" wp-image-14815\" src=\"\/\/www.carnico.it\/blog\/wp-content\/uploads\/2016\/09\/Max-Brovedani-All.-Folgore-200x250.jpg\" alt=\"Max Brovedani\" width=\"143\" height=\"179\" srcset=\"https:\/\/2016.carnico.it\/blog\/wp-content\/uploads\/2016\/09\/Max-Brovedani-All.-Folgore-200x250.jpg 200w, https:\/\/2016.carnico.it\/blog\/wp-content\/uploads\/2016\/09\/Max-Brovedani-All.-Folgore-360x450.jpg 360w, https:\/\/2016.carnico.it\/blog\/wp-content\/uploads\/2016\/09\/Max-Brovedani-All.-Folgore-504x630.jpg 504w, https:\/\/2016.carnico.it\/blog\/wp-content\/uploads\/2016\/09\/Max-Brovedani-All.-Folgore.jpg 1000w\" sizes=\"auto, (max-width: 143px) 100vw, 143px\" \/><p id=\"caption-attachment-14815\" class=\"wp-caption-text\">Max Brovedani<\/p><\/div>\n<p>Questa sera con inizio alle 20.30 ai &#8220;Pini&#8221; di Villa Santina, recupero della diciottesima giornata tra <strong>Folgore e Mobilieri<\/strong>, partita a suo tempo rinviata per il grave lutto che aveva colpito la societ\u00e0 sutriese con la tragica morte di Nicola Straulino, pap\u00e0 di Simone Michele. Sulla panchina della Folgore non ci sar\u00e0 Max Brovedani, dimessosi subito dopo la sconfitta in casa del Paluzza. Al momento non si conosce il nome del sostituto che avr\u00e0 il difficile compito di trovare i punti salvezza in queste ultime cinque partite (tenendo conto del recupero). Venerd\u00ec 16 settembre ci saranno ben tre anticipi. In Seconda categoria <strong>Amaro-Velox,<\/strong> ore 21.00, arbitro Massimo Picco; in Terza categoria <strong>Illegiana-Ampezzo,<\/strong> ore 21 a Villa Santina, arbitro Paolo Cattani e <strong>Cercivento-Viola<\/strong>\u00a0 ore 20.30, arbitro Giordano Maieron.<\/p>\n","protected":false},"excerpt":{"rendered":"<p>Questa sera con inizio alle 20.30 ai &#8220;Pini&#8221; di Villa Santina, recupero della diciottesima giornata tra Folgore e Mobilieri, partita a suo tempo rinviata per il grave lutto che aveva colpito la societ\u00e0 sutriese con la tragica morte di Nicola Straulino, pap\u00e0 di Simone Michele. Sulla panchina della Folgore non ci sar\u00e0 Max Brovedani, dimessosi [&hellip;]<\/p>\n","protected":false},"author":10,"featured_media":0,"comment_status":"open","ping_status":"closed","sticky":false,"template":"","format":"standard","meta":{"ngg_post_thumbnail":0,"footnotes":""},"categories":[3],"tags":[],"class_list":["post-14814","post","type-post","status-publish","format-standard","hentry","category-carnico"],"yoast_head":"<!-- This site is optimized with the Yoast SEO plugin v27.3 - https:\/\/yoast.com\/product\/yoast-seo-wordpress\/ -->\n<title>RECUPERI ED ANTICIPI - Campionato Carnico 2016<\/title>\n<meta name=\"robots\" content=\"index, follow, max-snippet:-1, max-image-preview:large, max-video-preview:-1\" \/>\n<link rel=\"canonical\" href=\"https:\/\/2016.carnico.it\/blog\/2016\/09\/14\/recuperi-ed-anticipi\/\" \/>\n<meta property=\"og:locale\" content=\"it_IT\" \/>\n<meta property=\"og:type\" content=\"article\" \/>\n<meta property=\"og:title\" content=\"RECUPERI ED ANTICIPI - Campionato Carnico 2016\" \/>\n<meta property=\"og:description\" content=\"Questa sera con inizio alle 20.30 ai &#8220;Pini&#8221; di Villa Santina, recupero della diciottesima giornata tra Folgore e Mobilieri, partita a suo tempo rinviata per il grave lutto che aveva colpito la societ\u00e0 sutriese con la tragica morte di Nicola Straulino, pap\u00e0 di Simone Michele. Sulla panchina della Folgore non ci sar\u00e0 Max Brovedani, dimessosi [&hellip;]\" \/>\n<meta property=\"og:url\" content=\"https:\/\/2016.carnico.it\/blog\/2016\/09\/14\/recuperi-ed-anticipi\/\" \/>\n<meta property=\"og:site_name\" content=\"Campionato Carnico 2016\" \/>\n<meta property=\"article:publisher\" content=\"https:\/\/www.facebook.com\/campionatocarnico\/\" \/>\n<meta property=\"article:published_time\" content=\"2016-09-14T07:09:25+00:00\" \/>\n<meta property=\"article:modified_time\" content=\"2016-09-14T14:08:51+00:00\" \/>\n<meta property=\"og:image\" content=\"\/\/www.carnico.it\/blog\/wp-content\/uploads\/2016\/09\/Max-Brovedani-All.-Folgore-200x250.jpg\" \/>\n<meta name=\"author\" content=\"Redazione\" \/>\n<meta name=\"twitter:card\" content=\"summary_large_image\" \/>\n<meta name=\"twitter:label1\" content=\"Scritto da\" \/>\n\t<meta name=\"twitter:data1\" content=\"Redazione\" \/>\n\t<meta name=\"twitter:label2\" content=\"Tempo di lettura stimato\" \/>\n\t<meta name=\"twitter:data2\" content=\"1 minuto\" \/>\n<script type=\"application\/ld+json\" class=\"yoast-schema-graph\">{\"@context\":\"https:\\\/\\\/schema.org\",\"@graph\":[{\"@type\":\"Article\",\"@id\":\"https:\\\/\\\/2016.carnico.it\\\/blog\\\/2016\\\/09\\\/14\\\/recuperi-ed-anticipi\\\/#article\",\"isPartOf\":{\"@id\":\"https:\\\/\\\/2016.carnico.it\\\/blog\\\/2016\\\/09\\\/14\\\/recuperi-ed-anticipi\\\/\"},\"author\":{\"name\":\"Redazione\",\"@id\":\"https:\\\/\\\/2016.carnico.it\\\/blog\\\/#\\\/schema\\\/person\\\/a68c764693d96df3238f123ea014e78c\"},\"headline\":\"RECUPERI ED ANTICIPI\",\"datePublished\":\"2016-09-14T07:09:25+00:00\",\"dateModified\":\"2016-09-14T14:08:51+00:00\",\"mainEntityOfPage\":{\"@id\":\"https:\\\/\\\/2016.carnico.it\\\/blog\\\/2016\\\/09\\\/14\\\/recuperi-ed-anticipi\\\/\"},\"wordCount\":134,\"commentCount\":0,\"articleSection\":[\"Carnico\"],\"inLanguage\":\"it-IT\",\"potentialAction\":[{\"@type\":\"CommentAction\",\"name\":\"Comment\",\"target\":[\"https:\\\/\\\/2016.carnico.it\\\/blog\\\/2016\\\/09\\\/14\\\/recuperi-ed-anticipi\\\/#respond\"]}]},{\"@type\":\"WebPage\",\"@id\":\"https:\\\/\\\/2016.carnico.it\\\/blog\\\/2016\\\/09\\\/14\\\/recuperi-ed-anticipi\\\/\",\"url\":\"https:\\\/\\\/2016.carnico.it\\\/blog\\\/2016\\\/09\\\/14\\\/recuperi-ed-anticipi\\\/\",\"name\":\"RECUPERI ED ANTICIPI - Campionato Carnico 2016\",\"isPartOf\":{\"@id\":\"https:\\\/\\\/2016.carnico.it\\\/blog\\\/#website\"},\"datePublished\":\"2016-09-14T07:09:25+00:00\",\"dateModified\":\"2016-09-14T14:08:51+00:00\",\"author\":{\"@id\":\"https:\\\/\\\/2016.carnico.it\\\/blog\\\/#\\\/schema\\\/person\\\/a68c764693d96df3238f123ea014e78c\"},\"breadcrumb\":{\"@id\":\"https:\\\/\\\/2016.carnico.it\\\/blog\\\/2016\\\/09\\\/14\\\/recuperi-ed-anticipi\\\/#breadcrumb\"},\"inLanguage\":\"it-IT\",\"potentialAction\":[{\"@type\":\"ReadAction\",\"target\":[\"https:\\\/\\\/2016.carnico.it\\\/blog\\\/2016\\\/09\\\/14\\\/recuperi-ed-anticipi\\\/\"]}]},{\"@type\":\"BreadcrumbList\",\"@id\":\"https:\\\/\\\/2016.carnico.it\\\/blog\\\/2016\\\/09\\\/14\\\/recuperi-ed-anticipi\\\/#breadcrumb\",\"itemListElement\":[{\"@type\":\"ListItem\",\"position\":1,\"name\":\"Home\",\"item\":\"https:\\\/\\\/2016.carnico.it\\\/blog\\\/\"},{\"@type\":\"ListItem\",\"position\":2,\"name\":\"RECUPERI ED ANTICIPI\"}]},{\"@type\":\"WebSite\",\"@id\":\"https:\\\/\\\/2016.carnico.it\\\/blog\\\/#website\",\"url\":\"https:\\\/\\\/2016.carnico.it\\\/blog\\\/\",\"name\":\"Campionato Carnico 2016\",\"description\":\"Notizie e aggiornamenti in tempo reale sul campionato Carnico\",\"potentialAction\":[{\"@type\":\"SearchAction\",\"target\":{\"@type\":\"EntryPoint\",\"urlTemplate\":\"https:\\\/\\\/2016.carnico.it\\\/blog\\\/?s={search_term_string}\"},\"query-input\":{\"@type\":\"PropertyValueSpecification\",\"valueRequired\":true,\"valueName\":\"search_term_string\"}}],\"inLanguage\":\"it-IT\"},{\"@type\":\"Person\",\"@id\":\"https:\\\/\\\/2016.carnico.it\\\/blog\\\/#\\\/schema\\\/person\\\/a68c764693d96df3238f123ea014e78c\",\"name\":\"Redazione\",\"image\":{\"@type\":\"ImageObject\",\"inLanguage\":\"it-IT\",\"@id\":\"https:\\\/\\\/secure.gravatar.com\\\/avatar\\\/6c05bd4dddbea475e283f76b4aa2d778ecb35c06fd92df5f6e0cac552163e2ac?s=96&d=mm&r=g\",\"url\":\"https:\\\/\\\/secure.gravatar.com\\\/avatar\\\/6c05bd4dddbea475e283f76b4aa2d778ecb35c06fd92df5f6e0cac552163e2ac?s=96&d=mm&r=g\",\"contentUrl\":\"https:\\\/\\\/secure.gravatar.com\\\/avatar\\\/6c05bd4dddbea475e283f76b4aa2d778ecb35c06fd92df5f6e0cac552163e2ac?s=96&d=mm&r=g\",\"caption\":\"Redazione\"},\"url\":\"https:\\\/\\\/2016.carnico.it\\\/blog\\\/author\\\/clyco-admin\\\/\"}]}<\/script>\n<!-- \/ Yoast SEO plugin. -->","yoast_head_json":{"title":"RECUPERI ED ANTICIPI - Campionato Carnico 2016","robots":{"index":"index","follow":"follow","max-snippet":"max-snippet:-1","max-image-preview":"max-image-preview:large","max-video-preview":"max-video-preview:-1"},"canonical":"https:\/\/2016.carnico.it\/blog\/2016\/09\/14\/recuperi-ed-anticipi\/","og_locale":"it_IT","og_type":"article","og_title":"RECUPERI ED ANTICIPI - Campionato Carnico 2016","og_description":"Questa sera con inizio alle 20.30 ai &#8220;Pini&#8221; di Villa Santina, recupero della diciottesima giornata tra Folgore e Mobilieri, partita a suo tempo rinviata per il grave lutto che aveva colpito la societ\u00e0 sutriese con la tragica morte di Nicola Straulino, pap\u00e0 di Simone Michele. Sulla panchina della Folgore non ci sar\u00e0 Max Brovedani, dimessosi [&hellip;]","og_url":"https:\/\/2016.carnico.it\/blog\/2016\/09\/14\/recuperi-ed-anticipi\/","og_site_name":"Campionato Carnico 2016","article_publisher":"https:\/\/www.facebook.com\/campionatocarnico\/","article_published_time":"2016-09-14T07:09:25+00:00","article_modified_time":"2016-09-14T14:08:51+00:00","og_image":[{"url":"\/\/www.carnico.it\/blog\/wp-content\/uploads\/2016\/09\/Max-Brovedani-All.-Folgore-200x250.jpg","type":"","width":"","height":""}],"author":"Redazione","twitter_card":"summary_large_image","twitter_misc":{"Scritto da":"Redazione","Tempo di lettura stimato":"1 minuto"},"schema":{"@context":"https:\/\/schema.org","@graph":[{"@type":"Article","@id":"https:\/\/2016.carnico.it\/blog\/2016\/09\/14\/recuperi-ed-anticipi\/#article","isPartOf":{"@id":"https:\/\/2016.carnico.it\/blog\/2016\/09\/14\/recuperi-ed-anticipi\/"},"author":{"name":"Redazione","@id":"https:\/\/2016.carnico.it\/blog\/#\/schema\/person\/a68c764693d96df3238f123ea014e78c"},"headline":"RECUPERI ED ANTICIPI","datePublished":"2016-09-14T07:09:25+00:00","dateModified":"2016-09-14T14:08:51+00:00","mainEntityOfPage":{"@id":"https:\/\/2016.carnico.it\/blog\/2016\/09\/14\/recuperi-ed-anticipi\/"},"wordCount":134,"commentCount":0,"articleSection":["Carnico"],"inLanguage":"it-IT","potentialAction":[{"@type":"CommentAction","name":"Comment","target":["https:\/\/2016.carnico.it\/blog\/2016\/09\/14\/recuperi-ed-anticipi\/#respond"]}]},{"@type":"WebPage","@id":"https:\/\/2016.carnico.it\/blog\/2016\/09\/14\/recuperi-ed-anticipi\/","url":"https:\/\/2016.carnico.it\/blog\/2016\/09\/14\/recuperi-ed-anticipi\/","name":"RECUPERI ED ANTICIPI - Campionato Carnico 2016","isPartOf":{"@id":"https:\/\/2016.carnico.it\/blog\/#website"},"datePublished":"2016-09-14T07:09:25+00:00","dateModified":"2016-09-14T14:08:51+00:00","author":{"@id":"https:\/\/2016.carnico.it\/blog\/#\/schema\/person\/a68c764693d96df3238f123ea014e78c"},"breadcrumb":{"@id":"https:\/\/2016.carnico.it\/blog\/2016\/09\/14\/recuperi-ed-anticipi\/#breadcrumb"},"inLanguage":"it-IT","potentialAction":[{"@type":"ReadAction","target":["https:\/\/2016.carnico.it\/blog\/2016\/09\/14\/recuperi-ed-anticipi\/"]}]},{"@type":"BreadcrumbList","@id":"https:\/\/2016.carnico.it\/blog\/2016\/09\/14\/recuperi-ed-anticipi\/#breadcrumb","itemListElement":[{"@type":"ListItem","position":1,"name":"Home","item":"https:\/\/2016.carnico.it\/blog\/"},{"@type":"ListItem","position":2,"name":"RECUPERI ED ANTICIPI"}]},{"@type":"WebSite","@id":"https:\/\/2016.carnico.it\/blog\/#website","url":"https:\/\/2016.carnico.it\/blog\/","name":"Campionato Carnico 2016","description":"Notizie e aggiornamenti in tempo reale sul campionato Carnico","potentialAction":[{"@type":"SearchAction","target":{"@type":"EntryPoint","urlTemplate":"https:\/\/2016.carnico.it\/blog\/?s={search_term_string}"},"query-input":{"@type":"PropertyValueSpecification","valueRequired":true,"valueName":"search_term_string"}}],"inLanguage":"it-IT"},{"@type":"Person","@id":"https:\/\/2016.carnico.it\/blog\/#\/schema\/person\/a68c764693d96df3238f123ea014e78c","name":"Redazione","image":{"@type":"ImageObject","inLanguage":"it-IT","@id":"https:\/\/secure.gravatar.com\/avatar\/6c05bd4dddbea475e283f76b4aa2d778ecb35c06fd92df5f6e0cac552163e2ac?s=96&d=mm&r=g","url":"https:\/\/secure.gravatar.com\/avatar\/6c05bd4dddbea475e283f76b4aa2d778ecb35c06fd92df5f6e0cac552163e2ac?s=96&d=mm&r=g","contentUrl":"https:\/\/secure.gravatar.com\/avatar\/6c05bd4dddbea475e283f76b4aa2d778ecb35c06fd92df5f6e0cac552163e2ac?s=96&d=mm&r=g","caption":"Redazione"},"url":"https:\/\/2016.carnico.it\/blog\/author\/clyco-admin\/"}]}},"_links":{"self":[{"href":"https:\/\/2016.carnico.it\/blog\/wp-json\/wp\/v2\/posts\/14814","targetHints":{"allow":["GET"]}}],"collection":[{"href":"https:\/\/2016.carnico.it\/blog\/wp-json\/wp\/v2\/posts"}],"about":[{"href":"https:\/\/2016.carnico.it\/blog\/wp-json\/wp\/v2\/types\/post"}],"author":[{"embeddable":true,"href":"https:\/\/2016.carnico.it\/blog\/wp-json\/wp\/v2\/users\/10"}],"replies":[{"embeddable":true,"href":"https:\/\/2016.carnico.it\/blog\/wp-json\/wp\/v2\/comments?post=14814"}],"version-history":[{"count":2,"href":"https:\/\/2016.carnico.it\/blog\/wp-json\/wp\/v2\/posts\/14814\/revisions"}],"predecessor-version":[{"id":14817,"href":"https:\/\/2016.carnico.it\/blog\/wp-json\/wp\/v2\/posts\/14814\/revisions\/14817"}],"wp:attachment":[{"href":"https:\/\/2016.carnico.it\/blog\/wp-json\/wp\/v2\/media?parent=14814"}],"wp:term":[{"taxonomy":"category","embeddable":true,"href":"https:\/\/2016.carnico.it\/blog\/wp-json\/wp\/v2\/categories?post=14814"},{"taxonomy":"post_tag","embeddable":true,"href":"https:\/\/2016.carnico.it\/blog\/wp-json\/wp\/v2\/tags?post=14814"}],"curies":[{"name":"wp","href":"https:\/\/api.w.org\/{rel}","templated":true}]}}